{"id":20271,"date":"2022-03-25T11:08:09","date_gmt":"2022-03-25T10:08:09","guid":{"rendered":"https:\/\/agora.xtec.cat\/ins-sagulla\/?p=20271"},"modified":"2022-03-25T21:09:36","modified_gmt":"2022-03-25T20:09:36","slug":"es-reprenen-les-jornades-tecniques-de-fp","status":"publish","type":"post","link":"https:\/\/agora.xtec.cat\/ins-sagulla\/portada\/es-reprenen-les-jornades-tecniques-de-fp\/","title":{"rendered":"Es reprenen les Jornades T\u00e8cniques de FP"},"content":{"rendered":"<p>Del dilluns 4 al divendres 8 d&#8217;abril, es celebren les<strong> XII Jornades T\u00e8cniques Montse Capell\u00e0 <\/strong>a l&#8217;Institut S&#8217;Agulla. Les quals havien estat anul\u00b7lades els dos cursos anteriors per culpa de la COVID-19.<\/p>\n<p>L&#8217;acte d&#8217;inauguraci\u00f3 anir\u00e0 a c\u00e0rrec de la <strong>Dra. Marina Geli<\/strong>, Coordinadora del CESS i Directora general de la Facultat de Medicina de la UVIC-UCC.<\/p>\n<p>L\u2019objectiu de les jornades \u00e9s millorar i enfortir la connexi\u00f3 entre la formaci\u00f3 i el mercat laboral, punt que \u00e9s de gran import\u00e0ncia per a la millora de la formaci\u00f3 de l\u2019alumnat. Durant aquests dies, professionals de diferents \u00e0mbits, relacionats amb les especialitats dels cicles formatius, realitzaran pon\u00e8ncies i tallers din\u00e0mics, per tal d&#8217;apropar a l&#8217;alumnat al m\u00f3n professional.<\/p>\n<p><a href=\"https:\/\/agora.xtec.cat\/ins-sagulla\/wp-content\/uploads\/usu2114\/2022\/03\/WhatsApp-Image-2022-03-25-at-19.04.34.jpeg\"><img loading=\"lazy\" decoding=\"async\" class=\"alignnone size-large wp-image-20345\" src=\"https:\/\/agora.xtec.cat\/ins-sagulla\/wp-content\/uploads\/usu2114\/2022\/03\/WhatsApp-Image-2022-03-25-at-19.04.34-724x1024.jpeg\" alt=\"\" width=\"724\" height=\"1024\" srcset=\"https:\/\/agora.xtec.cat\/ins-sagulla\/wp-content\/uploads\/usu2114\/2022\/03\/WhatsApp-Image-2022-03-25-at-19.04.34-724x1024.jpeg 724w, https:\/\/agora.xtec.cat\/ins-sagulla\/wp-content\/uploads\/usu2114\/2022\/03\/WhatsApp-Image-2022-03-25-at-19.04.34-212x300.jpeg 212w, https:\/\/agora.xtec.cat\/ins-sagulla\/wp-content\/uploads\/usu2114\/2022\/03\/WhatsApp-Image-2022-03-25-at-19.04.34-768x1086.jpeg 768w, https:\/\/agora.xtec.cat\/ins-sagulla\/wp-content\/uploads\/usu2114\/2022\/03\/WhatsApp-Image-2022-03-25-at-19.04.34-1086x1536.jpeg 1086w, https:\/\/agora.xtec.cat\/ins-sagulla\/wp-content\/uploads\/usu2114\/2022\/03\/WhatsApp-Image-2022-03-25-at-19.04.34.jpeg 1131w\" sizes=\"auto, (max-width: 724px) 100vw, 724px\" \/><\/a><\/p>\n","protected":false},"excerpt":{"rendered":"<p>Del dilluns 4 al divendres 8 d&#8217;abril, es celebren les XII Jornades T\u00e8cniques Montse Capell\u00e0 a l&#8217;Institut S&#8217;Agulla. Les quals havien estat anul\u00b7lades els dos cursos anteriors per culpa de la COVID-19.<br \/>\nL&#8217;acte d&#8217;inauguraci\u00f3 anir\u00e0 a c\u00e0rrec de la Dra. Marina Geli, Coordinadora del CESS i&hellip;  <a href=\"https:\/\/agora.xtec.cat\/ins-sagulla\/portada\/es-reprenen-les-jornades-tecniques-de-fp\/\" title=\"Read Es reprenen les Jornades T\u00e8cniques de FP\">Llegeix m\u00e9s\u00bb<\/a><\/p>\n","protected":false},"author":79,"featured_media":20345,"comment_status":"open","ping_status":"closed","sticky":false,"template":"","format":"standard","meta":{"_bbp_topic_count":0,"_bbp_reply_count":0,"_bbp_total_topic_count":0,"_bbp_total_reply_count":0,"_bbp_voice_count":0,"_bbp_anonymous_reply_count":0,"_bbp_topic_count_hidden":0,"_bbp_reply_count_hidden":0,"_bbp_forum_subforum_count":0,"footnotes":""},"categories":[150,30,151,152,213,214,153,29,335,336],"tags":[],"class_list":["post-20271","post","type-post","status-publish","format-standard","has-post-thumbnail","hentry","category-cfgm-atencio-persones-situacio-dependencia","category-cicles-formatius","category-cfgm-cures-auxiliars-dinferemeria","category-cfgs-educacio-infantil","category-grau-mitja","category-grau-superior","category-cfgs-integracio-social","category-portada","category-sanitat","category-serveis-a-la-comunitat"],"post_mailing_queue_ids":[],"_links":{"self":[{"href":"https:\/\/agora.xtec.cat\/ins-sagulla\/wp-json\/wp\/v2\/posts\/20271","targetHints":{"allow":["GET"]}}],"collection":[{"href":"https:\/\/agora.xtec.cat\/ins-sagulla\/wp-json\/wp\/v2\/posts"}],"about":[{"href":"https:\/\/agora.xtec.cat\/ins-sagulla\/wp-json\/wp\/v2\/types\/post"}],"author":[{"embeddable":true,"href":"https:\/\/agora.xtec.cat\/ins-sagulla\/wp-json\/wp\/v2\/users\/79"}],"replies":[{"embeddable":true,"href":"https:\/\/agora.xtec.cat\/ins-sagulla\/wp-json\/wp\/v2\/comments?post=20271"}],"version-history":[{"count":3,"href":"https:\/\/agora.xtec.cat\/ins-sagulla\/wp-json\/wp\/v2\/posts\/20271\/revisions"}],"predecessor-version":[{"id":20346,"href":"https:\/\/agora.xtec.cat\/ins-sagulla\/wp-json\/wp\/v2\/posts\/20271\/revisions\/20346"}],"wp:featuredmedia":[{"embeddable":true,"href":"https:\/\/agora.xtec.cat\/ins-sagulla\/wp-json\/wp\/v2\/media\/20345"}],"wp:attachment":[{"href":"https:\/\/agora.xtec.cat\/ins-sagulla\/wp-json\/wp\/v2\/media?parent=20271"}],"wp:term":[{"taxonomy":"category","embeddable":true,"href":"https:\/\/agora.xtec.cat\/ins-sagulla\/wp-json\/wp\/v2\/categories?post=20271"},{"taxonomy":"post_tag","embeddable":true,"href":"https:\/\/agora.xtec.cat\/ins-sagulla\/wp-json\/wp\/v2\/tags?post=20271"}],"curies":[{"name":"wp","href":"https:\/\/api.w.org\/{rel}","templated":true}]}}