{"id":20064,"date":"2022-03-14T11:03:40","date_gmt":"2022-03-14T10:03:40","guid":{"rendered":"https:\/\/agora.xtec.cat\/ins-sagulla\/?p=20064"},"modified":"2022-03-16T14:43:07","modified_gmt":"2022-03-16T13:43:07","slug":"participem-a-la-13a-olimpiada-geologia-a-la-udg","status":"publish","type":"post","link":"https:\/\/agora.xtec.cat\/ins-sagulla\/batxillerat\/participem-a-la-13a-olimpiada-geologia-a-la-udg\/","title":{"rendered":"Assistim a l&#8217;Olimp\u00edada de Geologia a la UdG"},"content":{"rendered":"<p>La <strong>Universitat de Girona<\/strong> ha acollit el passat 4 de mar\u00e7 de 2022 la celebraci\u00f3 de la 13a <strong>Olimp\u00edada de Geologia de Catalunya<\/strong>, on el nostre centre ha participat amb quatre grups formats per setze nois i noies de 1r i 2n de <strong>Ci\u00e8ncies de la Terra de Batxillerat<\/strong>.<\/p>\n<p>El estudiants han realitzat una prova te\u00f2rica amb preguntes espec\u00edfiques de <strong>Ci\u00e8ncies de la Terra<\/strong> i una prova pr\u00e0ctica que requeria interpretar un <strong>tall geol\u00f2gic<\/strong> i identificar minerals, roques i f\u00f2ssils.<\/p>\n<p>&nbsp;<\/p>\n<p><a href=\"https:\/\/agora.xtec.cat\/ins-sagulla\/wp-content\/uploads\/usu2114\/2022\/03\/2-scaled.jpg\"><img loading=\"lazy\" decoding=\"async\" class=\"alignnone wp-image-20066 size-large\" src=\"https:\/\/agora.xtec.cat\/ins-sagulla\/wp-content\/uploads\/usu2114\/2022\/03\/2-scaled-e1646828522193-1024x481.jpg\" alt=\"\" width=\"1024\" height=\"481\" srcset=\"https:\/\/agora.xtec.cat\/ins-sagulla\/wp-content\/uploads\/usu2114\/2022\/03\/2-scaled-e1646828522193-1024x481.jpg 1024w, https:\/\/agora.xtec.cat\/ins-sagulla\/wp-content\/uploads\/usu2114\/2022\/03\/2-scaled-e1646828522193-300x141.jpg 300w, https:\/\/agora.xtec.cat\/ins-sagulla\/wp-content\/uploads\/usu2114\/2022\/03\/2-scaled-e1646828522193-768x361.jpg 768w, https:\/\/agora.xtec.cat\/ins-sagulla\/wp-content\/uploads\/usu2114\/2022\/03\/2-scaled-e1646828522193-1536x722.jpg 1536w, https:\/\/agora.xtec.cat\/ins-sagulla\/wp-content\/uploads\/usu2114\/2022\/03\/2-scaled-e1646828522193-2048x962.jpg 2048w\" sizes=\"auto, (max-width: 1024px) 100vw, 1024px\" \/><\/a><\/p>\n<p>Un total de 95 estudiants procedents d&#8217;11 centres educatius de la demarcaci\u00f3 han participat en aquesta edici\u00f3.<\/p>\n<p>&nbsp;<\/p>\n<p><a href=\"https:\/\/agora.xtec.cat\/ins-sagulla\/wp-content\/uploads\/usu2114\/2022\/03\/3-scaled.jpg\"><img loading=\"lazy\" decoding=\"async\" class=\"alignnone wp-image-20067 size-large\" src=\"https:\/\/agora.xtec.cat\/ins-sagulla\/wp-content\/uploads\/usu2114\/2022\/03\/3-scaled-e1646828765140-1024x494.jpg\" alt=\"\" width=\"1024\" height=\"494\" srcset=\"https:\/\/agora.xtec.cat\/ins-sagulla\/wp-content\/uploads\/usu2114\/2022\/03\/3-scaled-e1646828765140-1024x494.jpg 1024w, https:\/\/agora.xtec.cat\/ins-sagulla\/wp-content\/uploads\/usu2114\/2022\/03\/3-scaled-e1646828765140-300x145.jpg 300w, https:\/\/agora.xtec.cat\/ins-sagulla\/wp-content\/uploads\/usu2114\/2022\/03\/3-scaled-e1646828765140-768x371.jpg 768w, https:\/\/agora.xtec.cat\/ins-sagulla\/wp-content\/uploads\/usu2114\/2022\/03\/3-scaled-e1646828765140-1536x741.jpg 1536w, https:\/\/agora.xtec.cat\/ins-sagulla\/wp-content\/uploads\/usu2114\/2022\/03\/3-scaled-e1646828765140-2048x988.jpg 2048w\" sizes=\"auto, (max-width: 1024px) 100vw, 1024px\" \/><\/a><\/p>\n<p>Un cop realitzades les proves, mentre els organitzadors corregien el test i la prova pr\u00e0ctica, els participants i els seus professors han assistit a una confer\u00e8ncia titulada <strong>L&#8217;erupci\u00f3 volc\u00e0nica de Cumbre Vieja<\/strong> (La Palma), a c\u00e0rrec de la vulcan\u00f2loga i divulgadora <strong>Olaya Dorado<\/strong>.<\/p>\n<p><a href=\"https:\/\/agora.xtec.cat\/ins-sagulla\/wp-content\/uploads\/usu2114\/2022\/03\/4-scaled.jpg\"><img loading=\"lazy\" decoding=\"async\" class=\"size-large wp-image-20068\" src=\"https:\/\/agora.xtec.cat\/ins-sagulla\/wp-content\/uploads\/usu2114\/2022\/03\/4-1024x577.jpg\" alt=\"\" width=\"1024\" height=\"577\" srcset=\"https:\/\/agora.xtec.cat\/ins-sagulla\/wp-content\/uploads\/usu2114\/2022\/03\/4-1024x577.jpg 1024w, https:\/\/agora.xtec.cat\/ins-sagulla\/wp-content\/uploads\/usu2114\/2022\/03\/4-300x169.jpg 300w, https:\/\/agora.xtec.cat\/ins-sagulla\/wp-content\/uploads\/usu2114\/2022\/03\/4-768x433.jpg 768w, https:\/\/agora.xtec.cat\/ins-sagulla\/wp-content\/uploads\/usu2114\/2022\/03\/4-1536x866.jpg 1536w, https:\/\/agora.xtec.cat\/ins-sagulla\/wp-content\/uploads\/usu2114\/2022\/03\/4-2048x1155.jpg 2048w\" sizes=\"auto, (max-width: 1024px) 100vw, 1024px\" \/><\/a><\/p>\n<p>L\u2019acte final i entrega de <strong>premis<\/strong> ha estat presidit per <strong>Silvia Llach<\/strong>, vicerectora de Comprom\u00eds Social i Territori,<strong>\u00a0Rosa N\u00faria Aleixandre<\/strong>, presidenta del Consell Social de la UdG, i <strong>Jes\u00fas Colprim<\/strong>, deg\u00e0 de la Facultat de Ci\u00e8ncies de la UdG i <strong>David Brusi<\/strong>, director del Centre de Geologia i Cartografia Ambiental (GEOCAMB) i president de l&#8217;AEPECT.<\/p>\n<p><a href=\"https:\/\/agora.xtec.cat\/ins-sagulla\/wp-content\/uploads\/usu2114\/2022\/03\/5-scaled.jpg\"><img loading=\"lazy\" decoding=\"async\" class=\"size-large wp-image-20069\" src=\"https:\/\/agora.xtec.cat\/ins-sagulla\/wp-content\/uploads\/usu2114\/2022\/03\/5-1024x577.jpg\" alt=\"\" width=\"1024\" height=\"577\" srcset=\"https:\/\/agora.xtec.cat\/ins-sagulla\/wp-content\/uploads\/usu2114\/2022\/03\/5-1024x577.jpg 1024w, https:\/\/agora.xtec.cat\/ins-sagulla\/wp-content\/uploads\/usu2114\/2022\/03\/5-300x169.jpg 300w, https:\/\/agora.xtec.cat\/ins-sagulla\/wp-content\/uploads\/usu2114\/2022\/03\/5-768x433.jpg 768w, https:\/\/agora.xtec.cat\/ins-sagulla\/wp-content\/uploads\/usu2114\/2022\/03\/5-1536x866.jpg 1536w, https:\/\/agora.xtec.cat\/ins-sagulla\/wp-content\/uploads\/usu2114\/2022\/03\/5-2048x1155.jpg 2048w\" sizes=\"auto, (max-width: 1024px) 100vw, 1024px\" \/><\/a><\/p>\n<p>Des del Departament de Ci\u00e8ncies volem agrair a l&#8217;AFA el suport rebut en aquesta iniciativa.<\/p>\n<p><a href=\"https:\/\/agora.xtec.cat\/ins-sagulla\/wp-content\/uploads\/usu2114\/2022\/03\/6-scaled.jpg\"><img loading=\"lazy\" decoding=\"async\" class=\"size-large wp-image-20070\" src=\"https:\/\/agora.xtec.cat\/ins-sagulla\/wp-content\/uploads\/usu2114\/2022\/03\/6-1024x768.jpg\" alt=\"\" width=\"1024\" height=\"768\" srcset=\"https:\/\/agora.xtec.cat\/ins-sagulla\/wp-content\/uploads\/usu2114\/2022\/03\/6-1024x768.jpg 1024w, https:\/\/agora.xtec.cat\/ins-sagulla\/wp-content\/uploads\/usu2114\/2022\/03\/6-300x225.jpg 300w, https:\/\/agora.xtec.cat\/ins-sagulla\/wp-content\/uploads\/usu2114\/2022\/03\/6-768x576.jpg 768w, https:\/\/agora.xtec.cat\/ins-sagulla\/wp-content\/uploads\/usu2114\/2022\/03\/6-1536x1152.jpg 1536w, https:\/\/agora.xtec.cat\/ins-sagulla\/wp-content\/uploads\/usu2114\/2022\/03\/6-2048x1536.jpg 2048w, https:\/\/agora.xtec.cat\/ins-sagulla\/wp-content\/uploads\/usu2114\/2022\/03\/6-200x150.jpg 200w\" sizes=\"auto, (max-width: 1024px) 100vw, 1024px\" \/><\/a><\/p>\n","protected":false},"excerpt":{"rendered":"<p>La Universitat de Girona ha acollit el passat 4 de mar\u00e7 de 2022 la celebraci\u00f3 de la 13a Olimp\u00edada de Geologia de Catalunya, on el nostre centre ha participat amb quatre grups formats per setze nois i noies de 1r i 2n de Ci\u00e8ncies de&hellip;  <a href=\"https:\/\/agora.xtec.cat\/ins-sagulla\/batxillerat\/participem-a-la-13a-olimpiada-geologia-a-la-udg\/\" title=\"Read Assistim a l&#8217;Olimp\u00edada de Geologia a la UdG\">Llegeix m\u00e9s\u00bb<\/a><\/p>\n","protected":false},"author":59,"featured_media":20065,"comment_status":"open","ping_status":"closed","sticky":false,"template":"","format":"standard","meta":{"_bbp_topic_count":0,"_bbp_reply_count":0,"_bbp_total_topic_count":0,"_bbp_total_reply_count":0,"_bbp_voice_count":0,"_bbp_anonymous_reply_count":0,"_bbp_topic_count_hidden":0,"_bbp_reply_count_hidden":0,"_bbp_forum_subforum_count":0,"footnotes":""},"categories":[8,312,305,29],"tags":[420,918,122,915,917,916,124],"class_list":["post-20064","post","type-post","status-publish","format-standard","has-post-thumbnail","hentry","category-batxillerat","category-ciencies-naturals","category-departaments","category-portada","tag-ciencies-de-la-terra","tag-fossils","tag-geologia","tag-medi-ambient","tag-minerals","tag-roques","tag-udg"],"post_mailing_queue_ids":[],"_links":{"self":[{"href":"https:\/\/agora.xtec.cat\/ins-sagulla\/wp-json\/wp\/v2\/posts\/20064","targetHints":{"allow":["GET"]}}],"collection":[{"href":"https:\/\/agora.xtec.cat\/ins-sagulla\/wp-json\/wp\/v2\/posts"}],"about":[{"href":"https:\/\/agora.xtec.cat\/ins-sagulla\/wp-json\/wp\/v2\/types\/post"}],"author":[{"embeddable":true,"href":"https:\/\/agora.xtec.cat\/ins-sagulla\/wp-json\/wp\/v2\/users\/59"}],"replies":[{"embeddable":true,"href":"https:\/\/agora.xtec.cat\/ins-sagulla\/wp-json\/wp\/v2\/comments?post=20064"}],"version-history":[{"count":3,"href":"https:\/\/agora.xtec.cat\/ins-sagulla\/wp-json\/wp\/v2\/posts\/20064\/revisions"}],"predecessor-version":[{"id":20258,"href":"https:\/\/agora.xtec.cat\/ins-sagulla\/wp-json\/wp\/v2\/posts\/20064\/revisions\/20258"}],"wp:featuredmedia":[{"embeddable":true,"href":"https:\/\/agora.xtec.cat\/ins-sagulla\/wp-json\/wp\/v2\/media\/20065"}],"wp:attachment":[{"href":"https:\/\/agora.xtec.cat\/ins-sagulla\/wp-json\/wp\/v2\/media?parent=20064"}],"wp:term":[{"taxonomy":"category","embeddable":true,"href":"https:\/\/agora.xtec.cat\/ins-sagulla\/wp-json\/wp\/v2\/categories?post=20064"},{"taxonomy":"post_tag","embeddable":true,"href":"https:\/\/agora.xtec.cat\/ins-sagulla\/wp-json\/wp\/v2\/tags?post=20064"}],"curies":[{"name":"wp","href":"https:\/\/api.w.org\/{rel}","templated":true}]}}