{"id":19775,"date":"2022-02-24T08:00:28","date_gmt":"2022-02-24T07:00:28","guid":{"rendered":"https:\/\/agora.xtec.cat\/ins-sagulla\/?p=19775"},"modified":"2022-03-07T12:09:46","modified_gmt":"2022-03-07T11:09:46","slug":"fira-de-la-ciencia-a-linstitut","status":"publish","type":"post","link":"https:\/\/agora.xtec.cat\/ins-sagulla\/eso\/eso-1\/fira-de-la-ciencia-a-linstitut\/","title":{"rendered":"L&#8217;alumnat de batxillerat, mestre a la Fira de la Ci\u00e8ncia!"},"content":{"rendered":"<p>Aqu\u00ed teniu un recull de la <strong>Fira de la Ci\u00e8ncia<\/strong> d&#8217;enguany,\u00a0celebrada dins del marc de la <a href=\"https:\/\/setmanaciencia.fundaciorecerca.cat\/frontend\/\">26a Setmana de la Ci\u00e8ncia<\/a>, que va omplir de joves cient\u00edfics el pati de l&#8217;institut.<\/p>\n<p>La iniciativa va resultar ben interessant i divertida!<\/p>\n<p>Feia goig veure com l&#8217;alumnat de 1r i 2n de batxillerat de Qu\u00edmica preparaven experiments de ci\u00e8ncies i actuaven com a aut\u00e8ntics mestres pels de 1r i de 2n d&#8217;ESO, que se&#8217;ls escoltaven admirats i sorpresos.<\/p>\n<p><iframe loading=\"lazy\" title=\"YouTube video player\" src=\"https:\/\/www.youtube.com\/embed\/dnPYfvX77s8\" width=\"560\" height=\"315\" frameborder=\"0\" allowfullscreen=\"allowfullscreen\"><\/iframe><\/p>\n<p>Gr\u00e0cies a tothom!<\/p>\n<p><a href=\"https:\/\/photos.app.goo.gl\/qxV8jt48X7Jx2DDDA\">Aqu\u00ed<\/a> podeu veure totes les fotos de la Fira.<\/p>\n","protected":false},"excerpt":{"rendered":"<p>Aqu\u00ed teniu un recull de la Fira de la Ci\u00e8ncia d&#8217;enguany,\u00a0celebrada dins del marc de la <a href=\"https:\/\/setmanaciencia.fundaciorecerca.cat\/frontend\/\">26a Setmana de la Ci\u00e8ncia<\/a>, que va omplir de joves cient\u00edfics el pati de l&#8217;institut.<br \/>\nLa iniciativa va resultar ben interessant i divertida!<br \/>\nFeia goig veure com l&#8217;alumnat de 1r&hellip;  <a href=\"https:\/\/agora.xtec.cat\/ins-sagulla\/eso\/eso-1\/fira-de-la-ciencia-a-linstitut\/\" title=\"Read L&#8217;alumnat de batxillerat, mestre a la Fira de la Ci\u00e8ncia!\">Llegeix m\u00e9s\u00bb<\/a><\/p>\n","protected":false},"author":53,"featured_media":0,"comment_status":"open","ping_status":"closed","sticky":false,"template":"","format":"standard","meta":{"_bbp_topic_count":0,"_bbp_reply_count":0,"_bbp_total_topic_count":0,"_bbp_total_reply_count":0,"_bbp_voice_count":0,"_bbp_anonymous_reply_count":0,"_bbp_topic_count_hidden":0,"_bbp_reply_count_hidden":0,"_bbp_forum_subforum_count":0,"footnotes":""},"categories":[8,312,305,4,5,322,29],"tags":[143,348,879],"class_list":["post-19775","post","type-post","status-publish","format-standard","hentry","category-batxillerat","category-ciencies-naturals","category-departaments","category-eso-1","category-eso-2","category-fotos","category-portada","tag-batxillerat","tag-ciencia","tag-setmana-ciencia"],"post_mailing_queue_ids":[],"_links":{"self":[{"href":"https:\/\/agora.xtec.cat\/ins-sagulla\/wp-json\/wp\/v2\/posts\/19775","targetHints":{"allow":["GET"]}}],"collection":[{"href":"https:\/\/agora.xtec.cat\/ins-sagulla\/wp-json\/wp\/v2\/posts"}],"about":[{"href":"https:\/\/agora.xtec.cat\/ins-sagulla\/wp-json\/wp\/v2\/types\/post"}],"author":[{"embeddable":true,"href":"https:\/\/agora.xtec.cat\/ins-sagulla\/wp-json\/wp\/v2\/users\/53"}],"replies":[{"embeddable":true,"href":"https:\/\/agora.xtec.cat\/ins-sagulla\/wp-json\/wp\/v2\/comments?post=19775"}],"version-history":[{"count":4,"href":"https:\/\/agora.xtec.cat\/ins-sagulla\/wp-json\/wp\/v2\/posts\/19775\/revisions"}],"predecessor-version":[{"id":20063,"href":"https:\/\/agora.xtec.cat\/ins-sagulla\/wp-json\/wp\/v2\/posts\/19775\/revisions\/20063"}],"wp:attachment":[{"href":"https:\/\/agora.xtec.cat\/ins-sagulla\/wp-json\/wp\/v2\/media?parent=19775"}],"wp:term":[{"taxonomy":"category","embeddable":true,"href":"https:\/\/agora.xtec.cat\/ins-sagulla\/wp-json\/wp\/v2\/categories?post=19775"},{"taxonomy":"post_tag","embeddable":true,"href":"https:\/\/agora.xtec.cat\/ins-sagulla\/wp-json\/wp\/v2\/tags?post=19775"}],"curies":[{"name":"wp","href":"https:\/\/api.w.org\/{rel}","templated":true}]}}