{"id":19764,"date":"2022-02-18T08:12:36","date_gmt":"2022-02-18T07:12:36","guid":{"rendered":"https:\/\/agora.xtec.cat\/ins-sagulla\/?p=19764"},"modified":"2022-02-21T12:22:12","modified_gmt":"2022-02-21T11:22:12","slug":"els-alumnes-de-1r-eso-van-al-teatre-de-blanes","status":"publish","type":"post","link":"https:\/\/agora.xtec.cat\/ins-sagulla\/general\/els-alumnes-de-1r-eso-van-al-teatre-de-blanes\/","title":{"rendered":"Sortida interdisciplin\u00e0ria: Els de 1r ESO visiten el Teatre de Blanes"},"content":{"rendered":"<p>L&#8217;alumnat de 1r ESO ha fet una sortida al<a href=\"https:\/\/www.teatredelacostabravasud.cat\/\"><strong> Teatre de Blanes<\/strong><\/a> per descobrir <em>in situ<\/em> els aspectes t\u00e8cnics d&#8217;aquest g\u00e8nere treballat durant aquest segon trimestre a l&#8217;aula.<\/p>\n<p>Els departaments de Catal\u00e0, Expressi\u00f3 i Castell\u00e0 han organitzat una <strong>sortida interdisciplin\u00e0ria<\/strong> i els quatre grups de 1r han fet quatre activitats a l&#8217;exterior, de manera rotativa, d&#8217;una hora cada una: <strong>poesia dibuixada<\/strong>, una <strong>visita guiada<\/strong> al teatre i un <strong>joc de pistes<\/strong>, per con\u00e8ixer els <strong>personatges locals<\/strong> m\u00e9s c\u00e8lebres de la vila i per aprendre vocabulari nou relacionat amb la flora i la fauna costaneres.<\/p>\n<p><a href=\"https:\/\/agora.xtec.cat\/ins-sagulla\/wp-content\/uploads\/usu2114\/2022\/02\/20220209_102447-scaled-e1645092260157.jpg\"><img loading=\"lazy\" decoding=\"async\" class=\"alignnone size-large wp-image-19851\" src=\"https:\/\/agora.xtec.cat\/ins-sagulla\/wp-content\/uploads\/usu2114\/2022\/02\/20220209_102447-scaled-e1645092260157-746x1024.jpg\" alt=\"\" width=\"746\" height=\"1024\" srcset=\"https:\/\/agora.xtec.cat\/ins-sagulla\/wp-content\/uploads\/usu2114\/2022\/02\/20220209_102447-scaled-e1645092260157-746x1024.jpg 746w, https:\/\/agora.xtec.cat\/ins-sagulla\/wp-content\/uploads\/usu2114\/2022\/02\/20220209_102447-scaled-e1645092260157-219x300.jpg 219w, https:\/\/agora.xtec.cat\/ins-sagulla\/wp-content\/uploads\/usu2114\/2022\/02\/20220209_102447-scaled-e1645092260157-768x1054.jpg 768w, https:\/\/agora.xtec.cat\/ins-sagulla\/wp-content\/uploads\/usu2114\/2022\/02\/20220209_102447-scaled-e1645092260157-1119x1536.jpg 1119w, https:\/\/agora.xtec.cat\/ins-sagulla\/wp-content\/uploads\/usu2114\/2022\/02\/20220209_102447-scaled-e1645092260157.jpg 1440w\" sizes=\"auto, (max-width: 746px) 100vw, 746px\" \/><\/a><\/p>\n<p><a href=\"https:\/\/agora.xtec.cat\/ins-sagulla\/wp-content\/uploads\/usu2114\/2022\/02\/20220209_102751-scaled.jpg\"><img loading=\"lazy\" decoding=\"async\" class=\"alignnone wp-image-19852 size-large\" src=\"https:\/\/agora.xtec.cat\/ins-sagulla\/wp-content\/uploads\/usu2114\/2022\/02\/20220209_102751-scaled-e1645092378228-1024x335.jpg\" alt=\"\" width=\"1024\" height=\"335\" srcset=\"https:\/\/agora.xtec.cat\/ins-sagulla\/wp-content\/uploads\/usu2114\/2022\/02\/20220209_102751-scaled-e1645092378228-1024x335.jpg 1024w, https:\/\/agora.xtec.cat\/ins-sagulla\/wp-content\/uploads\/usu2114\/2022\/02\/20220209_102751-scaled-e1645092378228-300x98.jpg 300w, https:\/\/agora.xtec.cat\/ins-sagulla\/wp-content\/uploads\/usu2114\/2022\/02\/20220209_102751-scaled-e1645092378228-768x251.jpg 768w, https:\/\/agora.xtec.cat\/ins-sagulla\/wp-content\/uploads\/usu2114\/2022\/02\/20220209_102751-scaled-e1645092378228-1536x503.jpg 1536w, https:\/\/agora.xtec.cat\/ins-sagulla\/wp-content\/uploads\/usu2114\/2022\/02\/20220209_102751-scaled-e1645092378228-2048x670.jpg 2048w\" sizes=\"auto, (max-width: 1024px) 100vw, 1024px\" \/><\/a><\/p>\n<p><a href=\"https:\/\/agora.xtec.cat\/ins-sagulla\/wp-content\/uploads\/usu2114\/2022\/02\/20220209_100720-scaled.jpg\"><img loading=\"lazy\" decoding=\"async\" class=\"alignnone wp-image-19850 size-large\" src=\"https:\/\/agora.xtec.cat\/ins-sagulla\/wp-content\/uploads\/usu2114\/2022\/02\/20220209_100720-scaled-e1645092293593-1024x521.jpg\" alt=\"\" width=\"1024\" height=\"521\" srcset=\"https:\/\/agora.xtec.cat\/ins-sagulla\/wp-content\/uploads\/usu2114\/2022\/02\/20220209_100720-scaled-e1645092293593-1024x521.jpg 1024w, https:\/\/agora.xtec.cat\/ins-sagulla\/wp-content\/uploads\/usu2114\/2022\/02\/20220209_100720-scaled-e1645092293593-300x153.jpg 300w, https:\/\/agora.xtec.cat\/ins-sagulla\/wp-content\/uploads\/usu2114\/2022\/02\/20220209_100720-scaled-e1645092293593-768x391.jpg 768w, https:\/\/agora.xtec.cat\/ins-sagulla\/wp-content\/uploads\/usu2114\/2022\/02\/20220209_100720-scaled-e1645092293593-1536x782.jpg 1536w, https:\/\/agora.xtec.cat\/ins-sagulla\/wp-content\/uploads\/usu2114\/2022\/02\/20220209_100720-scaled-e1645092293593-2048x1042.jpg 2048w\" sizes=\"auto, (max-width: 1024px) 100vw, 1024px\" \/><\/a><\/p>\n<p><a href=\"https:\/\/agora.xtec.cat\/ins-sagulla\/wp-content\/uploads\/usu2114\/2022\/02\/IMG_20220209_101151.jpg\"><img loading=\"lazy\" decoding=\"async\" class=\"alignnone wp-image-19854 size-full\" src=\"https:\/\/agora.xtec.cat\/ins-sagulla\/wp-content\/uploads\/usu2114\/2022\/02\/IMG_20220209_101151-e1645092607358.jpg\" alt=\"\" width=\"1024\" height=\"522\" srcset=\"https:\/\/agora.xtec.cat\/ins-sagulla\/wp-content\/uploads\/usu2114\/2022\/02\/IMG_20220209_101151-e1645092607358.jpg 1024w, https:\/\/agora.xtec.cat\/ins-sagulla\/wp-content\/uploads\/usu2114\/2022\/02\/IMG_20220209_101151-e1645092607358-300x153.jpg 300w, https:\/\/agora.xtec.cat\/ins-sagulla\/wp-content\/uploads\/usu2114\/2022\/02\/IMG_20220209_101151-e1645092607358-768x392.jpg 768w\" sizes=\"auto, (max-width: 1024px) 100vw, 1024px\" \/><\/a><\/p>\n<p><a href=\"https:\/\/agora.xtec.cat\/ins-sagulla\/wp-content\/uploads\/usu2114\/2022\/02\/IMG_20220209_122656.jpg\"><img loading=\"lazy\" decoding=\"async\" class=\"alignnone size-full wp-image-19855\" src=\"https:\/\/agora.xtec.cat\/ins-sagulla\/wp-content\/uploads\/usu2114\/2022\/02\/IMG_20220209_122656.jpg\" alt=\"\" width=\"1024\" height=\"768\" srcset=\"https:\/\/agora.xtec.cat\/ins-sagulla\/wp-content\/uploads\/usu2114\/2022\/02\/IMG_20220209_122656.jpg 1024w, https:\/\/agora.xtec.cat\/ins-sagulla\/wp-content\/uploads\/usu2114\/2022\/02\/IMG_20220209_122656-300x225.jpg 300w, https:\/\/agora.xtec.cat\/ins-sagulla\/wp-content\/uploads\/usu2114\/2022\/02\/IMG_20220209_122656-768x576.jpg 768w, https:\/\/agora.xtec.cat\/ins-sagulla\/wp-content\/uploads\/usu2114\/2022\/02\/IMG_20220209_122656-200x150.jpg 200w\" sizes=\"auto, (max-width: 1024px) 100vw, 1024px\" \/><\/a><\/p>\n<p><a href=\"https:\/\/agora.xtec.cat\/ins-sagulla\/wp-content\/uploads\/usu2114\/2022\/02\/20220209_135135.jpg\"><img loading=\"lazy\" decoding=\"async\" class=\"alignnone size-full wp-image-19857\" src=\"https:\/\/agora.xtec.cat\/ins-sagulla\/wp-content\/uploads\/usu2114\/2022\/02\/20220209_135135.jpg\" alt=\"\" width=\"1024\" height=\"576\" srcset=\"https:\/\/agora.xtec.cat\/ins-sagulla\/wp-content\/uploads\/usu2114\/2022\/02\/20220209_135135.jpg 1024w, https:\/\/agora.xtec.cat\/ins-sagulla\/wp-content\/uploads\/usu2114\/2022\/02\/20220209_135135-300x169.jpg 300w, https:\/\/agora.xtec.cat\/ins-sagulla\/wp-content\/uploads\/usu2114\/2022\/02\/20220209_135135-768x432.jpg 768w\" sizes=\"auto, (max-width: 1024px) 100vw, 1024px\" \/><\/a><\/p>\n<p>En aquest <a href=\"https:\/\/photos.app.goo.gl\/ttnEMcHpVtLdQsuj9\">enlla\u00e7<\/a> podeu veure totes les fotografies de la sortida.<\/p>\n<p>&nbsp;<\/p>\n","protected":false},"excerpt":{"rendered":"<p>L&#8217;alumnat de 1r ESO ha fet una sortida al<a href=\"https:\/\/www.teatredelacostabravasud.cat\/\"> Teatre de Blanes<\/a> per descobrir in situ els aspectes t\u00e8cnics d&#8217;aquest g\u00e8nere treballat durant aquest segon trimestre a l&#8217;aula.<br \/>\nEls departaments de Catal\u00e0, Expressi\u00f3 i Castell\u00e0 han organitzat una sortida interdisciplin\u00e0ria i els quatre grups de&hellip;  <a href=\"https:\/\/agora.xtec.cat\/ins-sagulla\/general\/els-alumnes-de-1r-eso-van-al-teatre-de-blanes\/\" title=\"Read Sortida interdisciplin\u00e0ria: Els de 1r ESO visiten el Teatre de Blanes\">Llegeix m\u00e9s\u00bb<\/a><\/p>\n","protected":false},"author":86,"featured_media":19853,"comment_status":"open","ping_status":"closed","sticky":false,"template":"","format":"standard","meta":{"_bbp_topic_count":0,"_bbp_reply_count":0,"_bbp_total_topic_count":0,"_bbp_total_reply_count":0,"_bbp_voice_count":0,"_bbp_anonymous_reply_count":0,"_bbp_topic_count_hidden":0,"_bbp_reply_count_hidden":0,"_bbp_forum_subforum_count":0,"footnotes":""},"categories":[3,4,311,1,310,309,29],"tags":[253,481,40],"class_list":["post-19764","post","type-post","status-publish","format-standard","has-post-thumbnail","hentry","category-eso","category-eso-1","category-expressio","category-general","category-llengua-castellana","category-llengua-catalana","category-portada","tag-blanes","tag-poesia","tag-teatre"],"post_mailing_queue_ids":[],"_links":{"self":[{"href":"https:\/\/agora.xtec.cat\/ins-sagulla\/wp-json\/wp\/v2\/posts\/19764","targetHints":{"allow":["GET"]}}],"collection":[{"href":"https:\/\/agora.xtec.cat\/ins-sagulla\/wp-json\/wp\/v2\/posts"}],"about":[{"href":"https:\/\/agora.xtec.cat\/ins-sagulla\/wp-json\/wp\/v2\/types\/post"}],"author":[{"embeddable":true,"href":"https:\/\/agora.xtec.cat\/ins-sagulla\/wp-json\/wp\/v2\/users\/86"}],"replies":[{"embeddable":true,"href":"https:\/\/agora.xtec.cat\/ins-sagulla\/wp-json\/wp\/v2\/comments?post=19764"}],"version-history":[{"count":3,"href":"https:\/\/agora.xtec.cat\/ins-sagulla\/wp-json\/wp\/v2\/posts\/19764\/revisions"}],"predecessor-version":[{"id":19883,"href":"https:\/\/agora.xtec.cat\/ins-sagulla\/wp-json\/wp\/v2\/posts\/19764\/revisions\/19883"}],"wp:featuredmedia":[{"embeddable":true,"href":"https:\/\/agora.xtec.cat\/ins-sagulla\/wp-json\/wp\/v2\/media\/19853"}],"wp:attachment":[{"href":"https:\/\/agora.xtec.cat\/ins-sagulla\/wp-json\/wp\/v2\/media?parent=19764"}],"wp:term":[{"taxonomy":"category","embeddable":true,"href":"https:\/\/agora.xtec.cat\/ins-sagulla\/wp-json\/wp\/v2\/categories?post=19764"},{"taxonomy":"post_tag","embeddable":true,"href":"https:\/\/agora.xtec.cat\/ins-sagulla\/wp-json\/wp\/v2\/tags?post=19764"}],"curies":[{"name":"wp","href":"https:\/\/api.w.org\/{rel}","templated":true}]}}