{"id":19715,"date":"2022-02-16T08:17:34","date_gmt":"2022-02-16T07:17:34","guid":{"rendered":"https:\/\/agora.xtec.cat\/ins-sagulla\/?p=19715"},"modified":"2022-02-17T13:08:45","modified_gmt":"2022-02-17T12:08:45","slug":"__trashed-5","status":"publish","type":"post","link":"https:\/\/agora.xtec.cat\/ins-sagulla\/general\/__trashed-5\/","title":{"rendered":"Els de 2n C volem la pau!"},"content":{"rendered":"<p>En el context del d<span style=\"font-weight: 400;\">ia escolar de la No-viol\u00e8ncia i la Pau, els nois i noies de 2n C d&#8217;ESO ens han enviat un v\u00eddeo que aqu\u00ed us mostrem:<\/span><\/p>\n<p><em><span style=\"font-weight: 400;\">Aquest v\u00eddeo representa l\u2019ajuda que volem donar. <\/span><span style=\"font-weight: 400;\">Encara que nom\u00e9s som uns nois i noies de 13 i 14 anys, ens agradaria que la gent pos\u00e9s el seu granet de sorra, perqu\u00e8 tots junts aconseguim la pau. Per\u00f2 hem d\u2019estar units i lluitar pel mateix objectiu.\u00a0<\/span><\/em><\/p>\n<p><em><span style=\"font-weight: 400;\">Fent aquest v\u00eddeo hem pogut reflexionar, i a m\u00e9s, hem fet un vincle m\u00e9s estret amb els companys i companyes de classe. Hem tingut moments molt divertits i hem pogut desconnectar una mica de tot.<\/span><\/em><\/p>\n<p><iframe loading=\"lazy\" title=\"YouTube video player\" src=\"https:\/\/www.youtube.com\/embed\/7KQ1bM85AjA\" width=\"560\" height=\"315\" frameborder=\"0\" allowfullscreen=\"allowfullscreen\"><\/iframe><\/p>\n<p><span style=\"font-weight: 400;\">Sof\u00eda A., Asier L., Nicole B.<\/span><\/p>\n","protected":false},"excerpt":{"rendered":"<p>En el context del dia escolar de la No-viol\u00e8ncia i la Pau, els nois i noies de 2n C d&#8217;ESO ens han enviat un v\u00eddeo que aqu\u00ed us mostrem:<br \/>\nAquest v\u00eddeo representa l\u2019ajuda que volem donar. Encara que nom\u00e9s som uns nois i noies de 13&hellip;  <a href=\"https:\/\/agora.xtec.cat\/ins-sagulla\/general\/__trashed-5\/\" title=\"Read Els de 2n C volem la pau!\">Llegeix m\u00e9s\u00bb<\/a><\/p>\n","protected":false},"author":1,"featured_media":0,"comment_status":"open","ping_status":"closed","sticky":false,"template":"","format":"standard","meta":{"_bbp_topic_count":0,"_bbp_reply_count":0,"_bbp_total_topic_count":0,"_bbp_total_reply_count":0,"_bbp_voice_count":0,"_bbp_anonymous_reply_count":0,"_bbp_topic_count_hidden":0,"_bbp_reply_count_hidden":0,"_bbp_forum_subforum_count":0,"footnotes":""},"categories":[5,1,29],"tags":[474,389,479,390,735,876,552,764],"class_list":["post-19715","post","type-post","status-publish","format-standard","hentry","category-eso-2","category-general","category-portada","tag-bullying","tag-dia-de-la-pau","tag-discriminacio","tag-no-violencia","tag-video","tag-violencia","tag-violencia-de-genere","tag-violenciamasclista"],"post_mailing_queue_ids":[],"_links":{"self":[{"href":"https:\/\/agora.xtec.cat\/ins-sagulla\/wp-json\/wp\/v2\/posts\/19715","targetHints":{"allow":["GET"]}}],"collection":[{"href":"https:\/\/agora.xtec.cat\/ins-sagulla\/wp-json\/wp\/v2\/posts"}],"about":[{"href":"https:\/\/agora.xtec.cat\/ins-sagulla\/wp-json\/wp\/v2\/types\/post"}],"author":[{"embeddable":true,"href":"https:\/\/agora.xtec.cat\/ins-sagulla\/wp-json\/wp\/v2\/users\/1"}],"replies":[{"embeddable":true,"href":"https:\/\/agora.xtec.cat\/ins-sagulla\/wp-json\/wp\/v2\/comments?post=19715"}],"version-history":[{"count":3,"href":"https:\/\/agora.xtec.cat\/ins-sagulla\/wp-json\/wp\/v2\/posts\/19715\/revisions"}],"predecessor-version":[{"id":19874,"href":"https:\/\/agora.xtec.cat\/ins-sagulla\/wp-json\/wp\/v2\/posts\/19715\/revisions\/19874"}],"wp:attachment":[{"href":"https:\/\/agora.xtec.cat\/ins-sagulla\/wp-json\/wp\/v2\/media?parent=19715"}],"wp:term":[{"taxonomy":"category","embeddable":true,"href":"https:\/\/agora.xtec.cat\/ins-sagulla\/wp-json\/wp\/v2\/categories?post=19715"},{"taxonomy":"post_tag","embeddable":true,"href":"https:\/\/agora.xtec.cat\/ins-sagulla\/wp-json\/wp\/v2\/tags?post=19715"}],"curies":[{"name":"wp","href":"https:\/\/api.w.org\/{rel}","templated":true}]}}