{"id":19688,"date":"2022-02-14T08:00:48","date_gmt":"2022-02-14T07:00:48","guid":{"rendered":"https:\/\/agora.xtec.cat\/ins-sagulla\/?p=19688"},"modified":"2022-02-21T12:22:30","modified_gmt":"2022-02-21T11:22:30","slug":"i-despres-de-leso-que","status":"publish","type":"post","link":"https:\/\/agora.xtec.cat\/ins-sagulla\/general\/i-despres-de-leso-que\/","title":{"rendered":"I, despr\u00e9s de l&#8217;ESO, qu\u00e8?"},"content":{"rendered":"<p>L&#8217;alumnat de <strong>4t ESO<\/strong> empr\u00e8n el seu cam\u00ed cap a la presa de decisions sobre el seu <strong>futur acad\u00e8mic i laboral<\/strong>. S\u00f3n moments de dubtes, incerteses, il\u00b7lusions, projectes&#8230;<\/p>\n<p>En el transcurs d&#8217;aquests mesos que iniciem, treballarem a les hores de <strong>tutoria<\/strong> els diferents <strong>itineraris formatius<\/strong>, <strong>opcions<\/strong> <strong>laborals<\/strong> i de formaci\u00f3 continuada.<\/p>\n<p>Aprendrem a con\u00e8ixer quins s\u00f3n els nostres punts forts, aptituds, motivacions i valors. La introspecci\u00f3 i l&#8217;<strong>autoconeixement\u00a0<\/strong> treballats a classe, ens permetran escollir la millor opci\u00f3.<\/p>\n<p>Coneixerem els <strong>recursos de la zona<\/strong> (instituts, Servei local d&#8217;ocupaci\u00f3, programa Itineraris del Consell Comarcal de la Selva) per tal de saber totes les opcions properes.<\/p>\n<p><a href=\"https:\/\/agora.xtec.cat\/ins-sagulla\/wp-content\/uploads\/usu2114\/2022\/02\/Orientacio.jpeg\"><img loading=\"lazy\" decoding=\"async\" class=\"alignnone size-large wp-image-19718\" src=\"https:\/\/agora.xtec.cat\/ins-sagulla\/wp-content\/uploads\/usu2114\/2022\/02\/Orientacio-1024x608.jpeg\" alt=\"\" width=\"1024\" height=\"608\" srcset=\"https:\/\/agora.xtec.cat\/ins-sagulla\/wp-content\/uploads\/usu2114\/2022\/02\/Orientacio-1024x608.jpeg 1024w, https:\/\/agora.xtec.cat\/ins-sagulla\/wp-content\/uploads\/usu2114\/2022\/02\/Orientacio-300x178.jpeg 300w, https:\/\/agora.xtec.cat\/ins-sagulla\/wp-content\/uploads\/usu2114\/2022\/02\/Orientacio-768x456.jpeg 768w, https:\/\/agora.xtec.cat\/ins-sagulla\/wp-content\/uploads\/usu2114\/2022\/02\/Orientacio-1536x911.jpeg 1536w, https:\/\/agora.xtec.cat\/ins-sagulla\/wp-content\/uploads\/usu2114\/2022\/02\/Orientacio.jpeg 1999w\" sizes=\"auto, (max-width: 1024px) 100vw, 1024px\" \/><\/a><\/p>\n<p><strong>El paper de les fam\u00edlies, clau tamb\u00e9 en aquest proc\u00e9s<\/strong><\/p>\n<p>En aquest viatge, les fam\u00edlies tamb\u00e9 s\u00f3n importants. En aquest sentit, us animem a compartir les vostres experi\u00e8ncies, neguits i dubtes que puguin anar sorgint en tot aquest proc\u00e9s. Recordeu que m\u00e9s endavant es realitzar\u00e0 la <strong>reuni\u00f3 informativa<\/strong> per les fam\u00edlies.<\/p>\n<p>Podeu consultar tota la informaci\u00f3 al web de <a href=\"https:\/\/triaeducativa.gencat.cat\/ca\/inici\/\">Tria educativa<\/a>, del Departament d&#8217;Educaci\u00f3.<\/p>\n","protected":false},"excerpt":{"rendered":"<p>L&#8217;alumnat de 4t ESO empr\u00e8n el seu cam\u00ed cap a la presa de decisions sobre el seu futur acad\u00e8mic i laboral. S\u00f3n moments de dubtes, incerteses, il\u00b7lusions, projectes&#8230;<br \/>\nEn el transcurs d&#8217;aquests mesos que iniciem, treballarem a les hores de tutoria els diferents itineraris formatius, opcions&hellip;  <a href=\"https:\/\/agora.xtec.cat\/ins-sagulla\/general\/i-despres-de-leso-que\/\" title=\"Read I, despr\u00e9s de l&#8217;ESO, qu\u00e8?\">Llegeix m\u00e9s\u00bb<\/a><\/p>\n","protected":false},"author":76,"featured_media":19718,"comment_status":"closed","ping_status":"closed","sticky":false,"template":"","format":"standard","meta":{"_bbp_topic_count":0,"_bbp_reply_count":0,"_bbp_total_topic_count":0,"_bbp_total_reply_count":0,"_bbp_voice_count":0,"_bbp_anonymous_reply_count":0,"_bbp_topic_count_hidden":0,"_bbp_reply_count_hidden":0,"_bbp_forum_subforum_count":0,"footnotes":""},"categories":[7,1,321,29,159],"tags":[402,870,177],"class_list":["post-19688","post","type-post","status-publish","format-standard","has-post-thumbnail","hentry","category-eso-4","category-general","category-orientacio","category-portada","category-pdc","tag-orientacio-academica","tag-orientacio-laboral","tag-tutoria"],"post_mailing_queue_ids":[],"_links":{"self":[{"href":"https:\/\/agora.xtec.cat\/ins-sagulla\/wp-json\/wp\/v2\/posts\/19688","targetHints":{"allow":["GET"]}}],"collection":[{"href":"https:\/\/agora.xtec.cat\/ins-sagulla\/wp-json\/wp\/v2\/posts"}],"about":[{"href":"https:\/\/agora.xtec.cat\/ins-sagulla\/wp-json\/wp\/v2\/types\/post"}],"author":[{"embeddable":true,"href":"https:\/\/agora.xtec.cat\/ins-sagulla\/wp-json\/wp\/v2\/users\/76"}],"replies":[{"embeddable":true,"href":"https:\/\/agora.xtec.cat\/ins-sagulla\/wp-json\/wp\/v2\/comments?post=19688"}],"version-history":[{"count":3,"href":"https:\/\/agora.xtec.cat\/ins-sagulla\/wp-json\/wp\/v2\/posts\/19688\/revisions"}],"predecessor-version":[{"id":19720,"href":"https:\/\/agora.xtec.cat\/ins-sagulla\/wp-json\/wp\/v2\/posts\/19688\/revisions\/19720"}],"wp:featuredmedia":[{"embeddable":true,"href":"https:\/\/agora.xtec.cat\/ins-sagulla\/wp-json\/wp\/v2\/media\/19718"}],"wp:attachment":[{"href":"https:\/\/agora.xtec.cat\/ins-sagulla\/wp-json\/wp\/v2\/media?parent=19688"}],"wp:term":[{"taxonomy":"category","embeddable":true,"href":"https:\/\/agora.xtec.cat\/ins-sagulla\/wp-json\/wp\/v2\/categories?post=19688"},{"taxonomy":"post_tag","embeddable":true,"href":"https:\/\/agora.xtec.cat\/ins-sagulla\/wp-json\/wp\/v2\/tags?post=19688"}],"curies":[{"name":"wp","href":"https:\/\/api.w.org\/{rel}","templated":true}]}}