{"id":19523,"date":"2022-01-12T14:40:05","date_gmt":"2022-01-12T13:40:05","guid":{"rendered":"https:\/\/agora.xtec.cat\/ins-sagulla\/?p=19523"},"modified":"2022-02-03T10:42:18","modified_gmt":"2022-02-03T09:42:18","slug":"setmana-de-celebracio-de-les-llengues-estrangeres-fld","status":"publish","type":"post","link":"https:\/\/agora.xtec.cat\/ins-sagulla\/general\/setmana-de-celebracio-de-les-llengues-estrangeres-fld\/","title":{"rendered":"Setmana de celebraci\u00f3 de les lleng\u00fces estrangeres (FLD)"},"content":{"rendered":"<p>Durant la setmana del 13 al 17 de desembre, l&#8217;alumnat de l&#8217;ESO i de Batxillerat va treballar els pa\u00efsos angl\u00f2fons (a les classes d&#8217;Angl\u00e8s) i la Francophonie (l&#8217;alumnat de Franc\u00e8s).<\/p>\n<p>A l&#8217;ESO, tant a Franc\u00e8s com a Angl\u00e8s, s&#8217;han fet exposicions orals, redaccions i murals que de ben segur us heu vist penjats als passadissos d&#8217;ambdues plantes del centre.<\/p>\n<p><a href=\"https:\/\/agora.xtec.cat\/ins-sagulla\/wp-content\/uploads\/usu2114\/2022\/01\/PHOTO-2022-01-12-14-27-52.jpg\"><img loading=\"lazy\" decoding=\"async\" class=\"alignnone size-large wp-image-19533\" src=\"https:\/\/agora.xtec.cat\/ins-sagulla\/wp-content\/uploads\/usu2114\/2022\/01\/PHOTO-2022-01-12-14-27-52-768x1024.jpg\" alt=\"\" width=\"768\" height=\"1024\" srcset=\"https:\/\/agora.xtec.cat\/ins-sagulla\/wp-content\/uploads\/usu2114\/2022\/01\/PHOTO-2022-01-12-14-27-52-768x1024.jpg 768w, https:\/\/agora.xtec.cat\/ins-sagulla\/wp-content\/uploads\/usu2114\/2022\/01\/PHOTO-2022-01-12-14-27-52-225x300.jpg 225w, https:\/\/agora.xtec.cat\/ins-sagulla\/wp-content\/uploads\/usu2114\/2022\/01\/PHOTO-2022-01-12-14-27-52-1152x1536.jpg 1152w, https:\/\/agora.xtec.cat\/ins-sagulla\/wp-content\/uploads\/usu2114\/2022\/01\/PHOTO-2022-01-12-14-27-52.jpg 1536w\" sizes=\"auto, (max-width: 768px) 100vw, 768px\" \/><\/a><\/p>\n<p><a href=\"https:\/\/agora.xtec.cat\/ins-sagulla\/wp-content\/uploads\/usu2114\/2022\/01\/PHOTO-2022-01-12-14-27-49.jpg\"><img loading=\"lazy\" decoding=\"async\" class=\"alignnone size-large wp-image-19535\" src=\"https:\/\/agora.xtec.cat\/ins-sagulla\/wp-content\/uploads\/usu2114\/2022\/01\/PHOTO-2022-01-12-14-27-49-768x1024.jpg\" alt=\"\" width=\"768\" height=\"1024\" srcset=\"https:\/\/agora.xtec.cat\/ins-sagulla\/wp-content\/uploads\/usu2114\/2022\/01\/PHOTO-2022-01-12-14-27-49-768x1024.jpg 768w, https:\/\/agora.xtec.cat\/ins-sagulla\/wp-content\/uploads\/usu2114\/2022\/01\/PHOTO-2022-01-12-14-27-49-225x300.jpg 225w, https:\/\/agora.xtec.cat\/ins-sagulla\/wp-content\/uploads\/usu2114\/2022\/01\/PHOTO-2022-01-12-14-27-49-1152x1536.jpg 1152w, https:\/\/agora.xtec.cat\/ins-sagulla\/wp-content\/uploads\/usu2114\/2022\/01\/PHOTO-2022-01-12-14-27-49.jpg 1536w\" sizes=\"auto, (max-width: 768px) 100vw, 768px\" \/><\/a><\/p>\n<p>A Batxillerat, s&#8217;han creat Kahoots per a qu\u00e8 l&#8217;alumnat de l&#8217;ESO pogu\u00e9s comprovar els coneixements adquirits sobre els diferents pa\u00efsos de parla anglesa i francesa.<\/p>\n<p>Tot plegat, si b\u00e9 no ha estat ni de bon tros com en les edicions anteriors, ens ha perm\u00e8s celebrar aquest dia tant especial.<\/p>\n<p>Esperem que l&#8217;any vinent puguem tornar a fer que tot el centre, incl\u00f2s el professorat, participi tamb\u00e9 de les activitats.<\/p>\n<p>Moltes gr\u00e0cies a l&#8217;AFA per oferir-nos l&#8217;esmorzar del dimecres, 15 de desembre.<\/p>\n<p>Fins la propera! <em>See you! \u00c0 la prochaine!<\/em><\/p>\n<p>&nbsp;<\/p>\n","protected":false},"excerpt":{"rendered":"<p>Durant la setmana del 13 al 17 de desembre, l&#8217;alumnat de l&#8217;ESO i de Batxillerat va treballar els pa\u00efsos angl\u00f2fons (a les classes d&#8217;Angl\u00e8s) i la Francophonie (l&#8217;alumnat de Franc\u00e8s).<br \/>\nA l&#8217;ESO, tant a Franc\u00e8s com a Angl\u00e8s, s&#8217;han fet exposicions orals, redaccions i murals que&hellip;  <a href=\"https:\/\/agora.xtec.cat\/ins-sagulla\/general\/setmana-de-celebracio-de-les-llengues-estrangeres-fld\/\" title=\"Read Setmana de celebraci\u00f3 de les lleng\u00fces estrangeres (FLD)\">Llegeix m\u00e9s\u00bb<\/a><\/p>\n","protected":false},"author":50,"featured_media":19532,"comment_status":"closed","ping_status":"closed","sticky":false,"template":"","format":"standard","meta":{"_bbp_topic_count":0,"_bbp_reply_count":0,"_bbp_total_topic_count":0,"_bbp_total_reply_count":0,"_bbp_voice_count":0,"_bbp_anonymous_reply_count":0,"_bbp_topic_count_hidden":0,"_bbp_reply_count_hidden":0,"_bbp_forum_subforum_count":0,"footnotes":""},"categories":[362,8,3,1,320,29],"tags":[42,355,832],"class_list":["post-19523","post","type-post","status-publish","format-standard","has-post-thumbnail","hentry","category-afa","category-batxillerat","category-eso","category-general","category-llegues-estrangeres","category-portada","tag-angles","tag-fld","tag-francophonie"],"post_mailing_queue_ids":[],"_links":{"self":[{"href":"https:\/\/agora.xtec.cat\/ins-sagulla\/wp-json\/wp\/v2\/posts\/19523","targetHints":{"allow":["GET"]}}],"collection":[{"href":"https:\/\/agora.xtec.cat\/ins-sagulla\/wp-json\/wp\/v2\/posts"}],"about":[{"href":"https:\/\/agora.xtec.cat\/ins-sagulla\/wp-json\/wp\/v2\/types\/post"}],"author":[{"embeddable":true,"href":"https:\/\/agora.xtec.cat\/ins-sagulla\/wp-json\/wp\/v2\/users\/50"}],"replies":[{"embeddable":true,"href":"https:\/\/agora.xtec.cat\/ins-sagulla\/wp-json\/wp\/v2\/comments?post=19523"}],"version-history":[{"count":3,"href":"https:\/\/agora.xtec.cat\/ins-sagulla\/wp-json\/wp\/v2\/posts\/19523\/revisions"}],"predecessor-version":[{"id":19536,"href":"https:\/\/agora.xtec.cat\/ins-sagulla\/wp-json\/wp\/v2\/posts\/19523\/revisions\/19536"}],"wp:featuredmedia":[{"embeddable":true,"href":"https:\/\/agora.xtec.cat\/ins-sagulla\/wp-json\/wp\/v2\/media\/19532"}],"wp:attachment":[{"href":"https:\/\/agora.xtec.cat\/ins-sagulla\/wp-json\/wp\/v2\/media?parent=19523"}],"wp:term":[{"taxonomy":"category","embeddable":true,"href":"https:\/\/agora.xtec.cat\/ins-sagulla\/wp-json\/wp\/v2\/categories?post=19523"},{"taxonomy":"post_tag","embeddable":true,"href":"https:\/\/agora.xtec.cat\/ins-sagulla\/wp-json\/wp\/v2\/tags?post=19523"}],"curies":[{"name":"wp","href":"https:\/\/api.w.org\/{rel}","templated":true}]}}