{"id":19389,"date":"2021-12-27T10:00:38","date_gmt":"2021-12-27T09:00:38","guid":{"rendered":"https:\/\/agora.xtec.cat\/ins-sagulla\/?p=19389"},"modified":"2021-12-27T10:58:56","modified_gmt":"2021-12-27T09:58:56","slug":"dalinians-per-un-dia","status":"publish","type":"post","link":"https:\/\/agora.xtec.cat\/ins-sagulla\/general\/dalinians-per-un-dia\/","title":{"rendered":"Dalinians per un dia!"},"content":{"rendered":"<p>L&#8217;alumnat de segon d\u2019ESO vam anar el passat 16 de desembre al <strong>Museu Dal\u00ed de Figueres<\/strong> d&#8217;excursi\u00f3 amb l&#8217;institut.<\/p>\n<p><a href=\"https:\/\/agora.xtec.cat\/ins-sagulla\/wp-content\/uploads\/usu2114\/2021\/12\/IMG_20211216_082832-scaled.jpg\"><img loading=\"lazy\" decoding=\"async\" class=\"alignnone wp-image-19405 size-full\" src=\"https:\/\/agora.xtec.cat\/ins-sagulla\/wp-content\/uploads\/usu2114\/2021\/12\/IMG_20211216_082832-scaled-e1640260307356.jpg\" alt=\"\" width=\"2560\" height=\"1420\" srcset=\"https:\/\/agora.xtec.cat\/ins-sagulla\/wp-content\/uploads\/usu2114\/2021\/12\/IMG_20211216_082832-scaled-e1640260307356.jpg 2560w, https:\/\/agora.xtec.cat\/ins-sagulla\/wp-content\/uploads\/usu2114\/2021\/12\/IMG_20211216_082832-scaled-e1640260307356-300x166.jpg 300w, https:\/\/agora.xtec.cat\/ins-sagulla\/wp-content\/uploads\/usu2114\/2021\/12\/IMG_20211216_082832-scaled-e1640260307356-1024x568.jpg 1024w, https:\/\/agora.xtec.cat\/ins-sagulla\/wp-content\/uploads\/usu2114\/2021\/12\/IMG_20211216_082832-scaled-e1640260307356-768x426.jpg 768w, https:\/\/agora.xtec.cat\/ins-sagulla\/wp-content\/uploads\/usu2114\/2021\/12\/IMG_20211216_082832-scaled-e1640260307356-1536x852.jpg 1536w, https:\/\/agora.xtec.cat\/ins-sagulla\/wp-content\/uploads\/usu2114\/2021\/12\/IMG_20211216_082832-scaled-e1640260307356-2048x1136.jpg 2048w\" sizes=\"auto, (max-width: 2560px) 100vw, 2560px\" \/><\/a><\/p>\n<p>Abans d\u2019entrar al museu vam fer una ruta on vam veure moltes est\u00e0tues com: \u201cLa gran cullera\u201d, \u201cSant Jordi i el drac\u201d o &#8220;L&#8217;homenatge a Isaac Newton&#8221;.<\/p>\n<p><a href=\"https:\/\/agora.xtec.cat\/ins-sagulla\/wp-content\/uploads\/usu2114\/2021\/12\/20211216_104343-scaled.jpg\"><img loading=\"lazy\" decoding=\"async\" class=\"alignnone size-large wp-image-19502\" src=\"https:\/\/agora.xtec.cat\/ins-sagulla\/wp-content\/uploads\/usu2114\/2021\/12\/20211216_104343-1024x768.jpg\" alt=\"\" width=\"1024\" height=\"768\" srcset=\"https:\/\/agora.xtec.cat\/ins-sagulla\/wp-content\/uploads\/usu2114\/2021\/12\/20211216_104343-1024x768.jpg 1024w, https:\/\/agora.xtec.cat\/ins-sagulla\/wp-content\/uploads\/usu2114\/2021\/12\/20211216_104343-300x225.jpg 300w, https:\/\/agora.xtec.cat\/ins-sagulla\/wp-content\/uploads\/usu2114\/2021\/12\/20211216_104343-768x576.jpg 768w, https:\/\/agora.xtec.cat\/ins-sagulla\/wp-content\/uploads\/usu2114\/2021\/12\/20211216_104343-1536x1152.jpg 1536w, https:\/\/agora.xtec.cat\/ins-sagulla\/wp-content\/uploads\/usu2114\/2021\/12\/20211216_104343-2048x1536.jpg 2048w, https:\/\/agora.xtec.cat\/ins-sagulla\/wp-content\/uploads\/usu2114\/2021\/12\/20211216_104343-200x150.jpg 200w\" sizes=\"auto, (max-width: 1024px) 100vw, 1024px\" \/><\/a><\/p>\n<p><a href=\"https:\/\/agora.xtec.cat\/ins-sagulla\/wp-content\/uploads\/usu2114\/2021\/12\/20211216_112312.jpg\"><img loading=\"lazy\" decoding=\"async\" class=\"alignnone size-full wp-image-19406\" src=\"https:\/\/agora.xtec.cat\/ins-sagulla\/wp-content\/uploads\/usu2114\/2021\/12\/20211216_112312.jpg\" alt=\"\" width=\"1024\" height=\"768\" srcset=\"https:\/\/agora.xtec.cat\/ins-sagulla\/wp-content\/uploads\/usu2114\/2021\/12\/20211216_112312.jpg 1024w, https:\/\/agora.xtec.cat\/ins-sagulla\/wp-content\/uploads\/usu2114\/2021\/12\/20211216_112312-300x225.jpg 300w, https:\/\/agora.xtec.cat\/ins-sagulla\/wp-content\/uploads\/usu2114\/2021\/12\/20211216_112312-768x576.jpg 768w, https:\/\/agora.xtec.cat\/ins-sagulla\/wp-content\/uploads\/usu2114\/2021\/12\/20211216_112312-200x150.jpg 200w\" sizes=\"auto, (max-width: 1024px) 100vw, 1024px\" \/><\/a><\/p>\n<p>Al museu vam veure molts quadres per\u00f2, els que m\u00e9s ens van agradar, van ser \u201cLa panera de pa\u201d i \u201cEl torero alucin\u00f3geno\u201d. Aqu\u00ed ens podeu veure descansant a prop del museu.<\/p>\n<p><a href=\"https:\/\/agora.xtec.cat\/ins-sagulla\/wp-content\/uploads\/usu2114\/2021\/12\/20211216_120231-scaled.jpg\"><img loading=\"lazy\" decoding=\"async\" class=\"alignnone size-large wp-image-19501\" src=\"https:\/\/agora.xtec.cat\/ins-sagulla\/wp-content\/uploads\/usu2114\/2021\/12\/20211216_120231-1024x768.jpg\" alt=\"\" width=\"1024\" height=\"768\" srcset=\"https:\/\/agora.xtec.cat\/ins-sagulla\/wp-content\/uploads\/usu2114\/2021\/12\/20211216_120231-1024x768.jpg 1024w, https:\/\/agora.xtec.cat\/ins-sagulla\/wp-content\/uploads\/usu2114\/2021\/12\/20211216_120231-300x225.jpg 300w, https:\/\/agora.xtec.cat\/ins-sagulla\/wp-content\/uploads\/usu2114\/2021\/12\/20211216_120231-768x576.jpg 768w, https:\/\/agora.xtec.cat\/ins-sagulla\/wp-content\/uploads\/usu2114\/2021\/12\/20211216_120231-1536x1152.jpg 1536w, https:\/\/agora.xtec.cat\/ins-sagulla\/wp-content\/uploads\/usu2114\/2021\/12\/20211216_120231-2048x1536.jpg 2048w, https:\/\/agora.xtec.cat\/ins-sagulla\/wp-content\/uploads\/usu2114\/2021\/12\/20211216_120231-200x150.jpg 200w\" sizes=\"auto, (max-width: 1024px) 100vw, 1024px\" \/><\/a><\/p>\n<p><a href=\"https:\/\/agora.xtec.cat\/ins-sagulla\/wp-content\/uploads\/usu2114\/2021\/12\/IMG_20211216_123253.jpg\"><img loading=\"lazy\" decoding=\"async\" class=\"alignnone wp-image-19500 size-large\" src=\"https:\/\/agora.xtec.cat\/ins-sagulla\/wp-content\/uploads\/usu2114\/2021\/12\/IMG_20211216_123253-768x1024.jpg\" alt=\"\" width=\"768\" height=\"1024\" srcset=\"https:\/\/agora.xtec.cat\/ins-sagulla\/wp-content\/uploads\/usu2114\/2021\/12\/IMG_20211216_123253-768x1024.jpg 768w, https:\/\/agora.xtec.cat\/ins-sagulla\/wp-content\/uploads\/usu2114\/2021\/12\/IMG_20211216_123253-225x300.jpg 225w, https:\/\/agora.xtec.cat\/ins-sagulla\/wp-content\/uploads\/usu2114\/2021\/12\/IMG_20211216_123253.jpg 1024w\" sizes=\"auto, (max-width: 768px) 100vw, 768px\" \/><\/a><\/p>\n<p>El museu era molt estrany i impressionant a la vegada, a l&#8217;entrada, per exemple, estava plena de pans i ous! I a dins hi havia el &#8220;Taxi pluj\u00f3s&#8221;, a la foto ens podeu veure com l&#8217;observ\u00e0vem per dins.<\/p>\n<p>Va ser un trajecte molt llarg per\u00f2 finalment va valdre la pena perqu\u00e8 va ser s\u00faper impressionant de veure!<\/p>\n<p>Si us heu quedat amb ganes aqu\u00ed podeu veure m\u00e9s fotos de la sortida: <a href=\"https:\/\/photos.app.goo.gl\/8kDwyytUFKfMMooDA\">https:\/\/photos.app.goo.gl\/8kDwyytUFKfMMooDA<\/a><\/p>\n<p>Niurka i Eloi 2n D d&#8217;ESO<\/p>\n","protected":false},"excerpt":{"rendered":"<p>L&#8217;alumnat de segon d\u2019ESO vam anar el passat 16 de desembre al Museu Dal\u00ed de Figueres d&#8217;excursi\u00f3 amb l&#8217;institut.<br \/>\n<a href=\"https:\/\/agora.xtec.cat\/ins-sagulla\/wp-content\/uploads\/usu2114\/2021\/12\/IMG_20211216_082832-scaled.jpg\"><\/a><br \/>\nAbans d\u2019entrar al museu vam fer una ruta on vam veure moltes est\u00e0tues com: \u201cLa gran cullera\u201d, \u201cSant Jordi i el drac\u201d o &#8220;L&#8217;homenatge a Isaac&hellip;  <a href=\"https:\/\/agora.xtec.cat\/ins-sagulla\/general\/dalinians-per-un-dia\/\" title=\"Read Dalinians per un dia!\">Llegeix m\u00e9s\u00bb<\/a><\/p>\n","protected":false},"author":143,"featured_media":19500,"comment_status":"open","ping_status":"closed","sticky":false,"template":"","format":"standard","meta":{"_bbp_topic_count":0,"_bbp_reply_count":0,"_bbp_total_topic_count":0,"_bbp_total_reply_count":0,"_bbp_voice_count":0,"_bbp_anonymous_reply_count":0,"_bbp_topic_count_hidden":0,"_bbp_reply_count_hidden":0,"_bbp_forum_subforum_count":0,"footnotes":""},"categories":[695,5,322,1,29],"tags":[720,376,824,826,825],"class_list":["post-19389","post","type-post","status-publish","format-standard","has-post-thumbnail","hentry","category-alumnat","category-eso-2","category-fotos","category-general","category-portada","tag-art","tag-creativitat","tag-dali","tag-figueres","tag-teatre-museu-dali"],"post_mailing_queue_ids":[],"_links":{"self":[{"href":"https:\/\/agora.xtec.cat\/ins-sagulla\/wp-json\/wp\/v2\/posts\/19389","targetHints":{"allow":["GET"]}}],"collection":[{"href":"https:\/\/agora.xtec.cat\/ins-sagulla\/wp-json\/wp\/v2\/posts"}],"about":[{"href":"https:\/\/agora.xtec.cat\/ins-sagulla\/wp-json\/wp\/v2\/types\/post"}],"author":[{"embeddable":true,"href":"https:\/\/agora.xtec.cat\/ins-sagulla\/wp-json\/wp\/v2\/users\/143"}],"replies":[{"embeddable":true,"href":"https:\/\/agora.xtec.cat\/ins-sagulla\/wp-json\/wp\/v2\/comments?post=19389"}],"version-history":[{"count":3,"href":"https:\/\/agora.xtec.cat\/ins-sagulla\/wp-json\/wp\/v2\/posts\/19389\/revisions"}],"predecessor-version":[{"id":19503,"href":"https:\/\/agora.xtec.cat\/ins-sagulla\/wp-json\/wp\/v2\/posts\/19389\/revisions\/19503"}],"wp:featuredmedia":[{"embeddable":true,"href":"https:\/\/agora.xtec.cat\/ins-sagulla\/wp-json\/wp\/v2\/media\/19500"}],"wp:attachment":[{"href":"https:\/\/agora.xtec.cat\/ins-sagulla\/wp-json\/wp\/v2\/media?parent=19389"}],"wp:term":[{"taxonomy":"category","embeddable":true,"href":"https:\/\/agora.xtec.cat\/ins-sagulla\/wp-json\/wp\/v2\/categories?post=19389"},{"taxonomy":"post_tag","embeddable":true,"href":"https:\/\/agora.xtec.cat\/ins-sagulla\/wp-json\/wp\/v2\/tags?post=19389"}],"curies":[{"name":"wp","href":"https:\/\/api.w.org\/{rel}","templated":true}]}}