{"id":19381,"date":"2021-12-24T09:33:16","date_gmt":"2021-12-24T08:33:16","guid":{"rendered":"https:\/\/agora.xtec.cat\/ins-sagulla\/?p=19381"},"modified":"2021-12-26T11:35:06","modified_gmt":"2021-12-26T10:35:06","slug":"mou-te-fins-al-castell-de-palafolls","status":"publish","type":"post","link":"https:\/\/agora.xtec.cat\/ins-sagulla\/general\/mou-te-fins-al-castell-de-palafolls\/","title":{"rendered":"Mou-te fins al Castell de Palafolls!"},"content":{"rendered":"<p dir=\"ltr\">Des de l\u2019\u00e0rea d\u2019Educaci\u00f3 F\u00edsica, amb la col\u00b7laboraci\u00f3 de l&#8217;alumnat de 1r de Batxillerat, el 21 de desembre s&#8217;ha organitzat una <strong>marxa solid\u00e0ria<\/strong> per a l&#8217;alumnat i professorat de l&#8217;institut.<\/p>\n<p dir=\"ltr\">Enguany, tots els beneficis aconseguits s&#8217;han destinat a la campanya impulsada per la <strong>Creu Roja<\/strong>, <a href=\"http:\/\/www.lajoguinaeducativa.org\/\">Cap nen sense joguina<\/a>.<\/p>\n<p>Amb el lema \u2018<strong>Els seus drets en joc<\/strong>\u2019, la campanya recollir\u00e0 i distribuir\u00e0 joguines noves no b\u00e8l\u00b7liques, no sexistes, sostenibles i cooperatives entre infants en situaci\u00f3 de vulnerabilitat.<\/p>\n<p><strong>La campanya a Internet i a les xarxes socials<\/strong><\/p>\n<ul>\n<li>Web de la campanya de joguines:\u00a0<a href=\"http:\/\/www.lajoguinaeducativa.org\/\">lajoguinaeducativa.org<\/a><\/li>\n<li>Facebook:<a href=\"http:\/\/www.facebook.com\/CreuRojaCatalunya\">facebook.com\/CreuRojaCatalunya<\/a>\u00a0<a href=\"http:\/\/www.facebook.com\/crjoventut\">www.facebook.com\/crjoventut<\/a><\/li>\n<li>Twitter: @CreuRojaCAT I @crjoventut I #CampanyaDeJoguines #ElsSeusDretsEnJoc<\/li>\n<li>Instagram: @creurojacat I @creurojajoventut I #Campanyadejoguines<\/li>\n<\/ul>\n<p dir=\"ltr\"><a href=\"https:\/\/agora.xtec.cat\/ins-sagulla\/wp-content\/uploads\/usu2114\/2021\/12\/WhatsApp-Image-2021-12-22-at-12.58.23.jpeg\"><img loading=\"lazy\" decoding=\"async\" class=\"alignnone size-full wp-image-19424\" src=\"https:\/\/agora.xtec.cat\/ins-sagulla\/wp-content\/uploads\/usu2114\/2021\/12\/WhatsApp-Image-2021-12-22-at-12.58.23.jpeg\" alt=\"\" width=\"2015\" height=\"1244\" srcset=\"https:\/\/agora.xtec.cat\/ins-sagulla\/wp-content\/uploads\/usu2114\/2021\/12\/WhatsApp-Image-2021-12-22-at-12.58.23.jpeg 2015w, https:\/\/agora.xtec.cat\/ins-sagulla\/wp-content\/uploads\/usu2114\/2021\/12\/WhatsApp-Image-2021-12-22-at-12.58.23-300x185.jpeg 300w, https:\/\/agora.xtec.cat\/ins-sagulla\/wp-content\/uploads\/usu2114\/2021\/12\/WhatsApp-Image-2021-12-22-at-12.58.23-1024x632.jpeg 1024w, https:\/\/agora.xtec.cat\/ins-sagulla\/wp-content\/uploads\/usu2114\/2021\/12\/WhatsApp-Image-2021-12-22-at-12.58.23-768x474.jpeg 768w, https:\/\/agora.xtec.cat\/ins-sagulla\/wp-content\/uploads\/usu2114\/2021\/12\/WhatsApp-Image-2021-12-22-at-12.58.23-1536x948.jpeg 1536w\" sizes=\"auto, (max-width: 2015px) 100vw, 2015px\" \/><\/a><\/p>\n<p dir=\"ltr\">La marxa, amb un recorregut de 14 kil\u00f2metres, s&#8217;ha realitzat al <strong>Castell de Palafolls<\/strong>. Cada grup, acompanyat per dos guies de 1r de Batxillerat i per dos professors, ha fet la ruta fins al castell.<\/p>\n<p dir=\"ltr\">Una vegada all\u00e0, a banda de gaudir de les impressionants vistes del municipi, han recuperat forces tot esmorzant, per despr\u00e9s reprendre el cam\u00ed de tornada.<\/p>\n<p dir=\"ltr\"><a href=\"https:\/\/agora.xtec.cat\/ins-sagulla\/wp-content\/uploads\/usu2114\/2021\/12\/IMG_20211221_092736_808.jpg\"><img loading=\"lazy\" decoding=\"async\" class=\"alignnone size-full wp-image-19396\" src=\"https:\/\/agora.xtec.cat\/ins-sagulla\/wp-content\/uploads\/usu2114\/2021\/12\/IMG_20211221_092736_808.jpg\" alt=\"\" width=\"1024\" height=\"768\" srcset=\"https:\/\/agora.xtec.cat\/ins-sagulla\/wp-content\/uploads\/usu2114\/2021\/12\/IMG_20211221_092736_808.jpg 1024w, https:\/\/agora.xtec.cat\/ins-sagulla\/wp-content\/uploads\/usu2114\/2021\/12\/IMG_20211221_092736_808-300x225.jpg 300w, https:\/\/agora.xtec.cat\/ins-sagulla\/wp-content\/uploads\/usu2114\/2021\/12\/IMG_20211221_092736_808-768x576.jpg 768w, https:\/\/agora.xtec.cat\/ins-sagulla\/wp-content\/uploads\/usu2114\/2021\/12\/IMG_20211221_092736_808-200x150.jpg 200w\" sizes=\"auto, (max-width: 1024px) 100vw, 1024px\" \/><\/a><\/p>\n<p dir=\"ltr\">Tamb\u00e9 hi ha hagut alumnes i professors que s&#8217;han atrevit a fer els 14 km de ruta corrent. Aquests s\u00f3n els valents i la valenta!<\/p>\n<p dir=\"ltr\"><a href=\"https:\/\/agora.xtec.cat\/ins-sagulla\/wp-content\/uploads\/usu2114\/2021\/12\/IMG_20211221_093914_322-scaled.jpg\"><img loading=\"lazy\" decoding=\"async\" class=\"alignnone wp-image-19395 size-full\" src=\"https:\/\/agora.xtec.cat\/ins-sagulla\/wp-content\/uploads\/usu2114\/2021\/12\/IMG_20211221_093914_322-scaled-e1640166187456.jpg\" alt=\"\" width=\"2560\" height=\"1196\" srcset=\"https:\/\/agora.xtec.cat\/ins-sagulla\/wp-content\/uploads\/usu2114\/2021\/12\/IMG_20211221_093914_322-scaled-e1640166187456.jpg 2560w, https:\/\/agora.xtec.cat\/ins-sagulla\/wp-content\/uploads\/usu2114\/2021\/12\/IMG_20211221_093914_322-scaled-e1640166187456-300x140.jpg 300w, https:\/\/agora.xtec.cat\/ins-sagulla\/wp-content\/uploads\/usu2114\/2021\/12\/IMG_20211221_093914_322-scaled-e1640166187456-1024x478.jpg 1024w, https:\/\/agora.xtec.cat\/ins-sagulla\/wp-content\/uploads\/usu2114\/2021\/12\/IMG_20211221_093914_322-scaled-e1640166187456-768x359.jpg 768w, https:\/\/agora.xtec.cat\/ins-sagulla\/wp-content\/uploads\/usu2114\/2021\/12\/IMG_20211221_093914_322-scaled-e1640166187456-1536x718.jpg 1536w, https:\/\/agora.xtec.cat\/ins-sagulla\/wp-content\/uploads\/usu2114\/2021\/12\/IMG_20211221_093914_322-scaled-e1640166187456-2048x957.jpg 2048w\" sizes=\"auto, (max-width: 2560px) 100vw, 2560px\" \/><\/a><\/p>\n<p dir=\"ltr\"><a href=\"https:\/\/agora.xtec.cat\/ins-sagulla\/wp-content\/uploads\/usu2114\/2021\/12\/corredors.jpg\"><img loading=\"lazy\" decoding=\"async\" class=\"alignnone size-full wp-image-19423\" src=\"https:\/\/agora.xtec.cat\/ins-sagulla\/wp-content\/uploads\/usu2114\/2021\/12\/corredors.jpg\" alt=\"\" width=\"1124\" height=\"665\" srcset=\"https:\/\/agora.xtec.cat\/ins-sagulla\/wp-content\/uploads\/usu2114\/2021\/12\/corredors.jpg 1124w, https:\/\/agora.xtec.cat\/ins-sagulla\/wp-content\/uploads\/usu2114\/2021\/12\/corredors-300x177.jpg 300w, https:\/\/agora.xtec.cat\/ins-sagulla\/wp-content\/uploads\/usu2114\/2021\/12\/corredors-1024x606.jpg 1024w, https:\/\/agora.xtec.cat\/ins-sagulla\/wp-content\/uploads\/usu2114\/2021\/12\/corredors-768x454.jpg 768w\" sizes=\"auto, (max-width: 1124px) 100vw, 1124px\" \/><\/a><\/p>\n<p dir=\"ltr\"><a href=\"https:\/\/agora.xtec.cat\/ins-sagulla\/wp-content\/uploads\/usu2114\/2021\/12\/20211221_110946-scaled.jpg\"><img loading=\"lazy\" decoding=\"async\" class=\"alignnone size-full wp-image-19398\" src=\"https:\/\/agora.xtec.cat\/ins-sagulla\/wp-content\/uploads\/usu2114\/2021\/12\/20211221_110946-scaled.jpg\" alt=\"\" width=\"2560\" height=\"1920\" srcset=\"https:\/\/agora.xtec.cat\/ins-sagulla\/wp-content\/uploads\/usu2114\/2021\/12\/20211221_110946-scaled.jpg 2560w, https:\/\/agora.xtec.cat\/ins-sagulla\/wp-content\/uploads\/usu2114\/2021\/12\/20211221_110946-300x225.jpg 300w, https:\/\/agora.xtec.cat\/ins-sagulla\/wp-content\/uploads\/usu2114\/2021\/12\/20211221_110946-1024x768.jpg 1024w, https:\/\/agora.xtec.cat\/ins-sagulla\/wp-content\/uploads\/usu2114\/2021\/12\/20211221_110946-768x576.jpg 768w, https:\/\/agora.xtec.cat\/ins-sagulla\/wp-content\/uploads\/usu2114\/2021\/12\/20211221_110946-1536x1152.jpg 1536w, https:\/\/agora.xtec.cat\/ins-sagulla\/wp-content\/uploads\/usu2114\/2021\/12\/20211221_110946-2048x1536.jpg 2048w, https:\/\/agora.xtec.cat\/ins-sagulla\/wp-content\/uploads\/usu2114\/2021\/12\/20211221_110946-200x150.jpg 200w\" sizes=\"auto, (max-width: 2560px) 100vw, 2560px\" \/><\/a><\/p>\n<p dir=\"ltr\"><a href=\"https:\/\/agora.xtec.cat\/ins-sagulla\/wp-content\/uploads\/usu2114\/2021\/12\/20211221_113629-1.jpg\"><img loading=\"lazy\" decoding=\"async\" class=\"alignnone size-full wp-image-19486\" src=\"https:\/\/agora.xtec.cat\/ins-sagulla\/wp-content\/uploads\/usu2114\/2021\/12\/20211221_113629-1.jpg\" alt=\"\" width=\"1023\" height=\"638\" srcset=\"https:\/\/agora.xtec.cat\/ins-sagulla\/wp-content\/uploads\/usu2114\/2021\/12\/20211221_113629-1.jpg 1023w, https:\/\/agora.xtec.cat\/ins-sagulla\/wp-content\/uploads\/usu2114\/2021\/12\/20211221_113629-1-300x187.jpg 300w, https:\/\/agora.xtec.cat\/ins-sagulla\/wp-content\/uploads\/usu2114\/2021\/12\/20211221_113629-1-768x479.jpg 768w\" sizes=\"auto, (max-width: 1023px) 100vw, 1023px\" \/><\/a><\/p>\n<p dir=\"ltr\">Gr\u00e0cies a tothom per la vostra col\u00b7laboraci\u00f3!<\/p>\n<p dir=\"ltr\">Aqu\u00ed podeu veure m\u00e9s fotos de la jornada: <a href=\"https:\/\/photos.app.goo.gl\/u4H9aRQytwgVrL9o6\">https:\/\/photos.app.goo.gl\/u4H9aRQytwgVrL9o6<\/a><\/p>\n","protected":false},"excerpt":{"rendered":"<p>Des de l\u2019\u00e0rea d\u2019Educaci\u00f3 F\u00edsica, amb la col\u00b7laboraci\u00f3 de l&#8217;alumnat de 1r de Batxillerat, el 21 de desembre s&#8217;ha organitzat una marxa solid\u00e0ria per a l&#8217;alumnat i professorat de l&#8217;institut.<br \/>\nEnguany, tots els beneficis aconseguits s&#8217;han destinat a la campanya impulsada per la Creu Roja, <a&hellip;  <a href=\"https:\/\/agora.xtec.cat\/ins-sagulla\/general\/mou-te-fins-al-castell-de-palafolls\/\" title=\"Read Mou-te fins al Castell de Palafolls!\">Llegeix m\u00e9s\u00bb<\/a><\/p>\n","protected":false},"author":1,"featured_media":19423,"comment_status":"open","ping_status":"closed","sticky":false,"template":"","format":"standard","meta":{"_bbp_topic_count":0,"_bbp_reply_count":0,"_bbp_total_topic_count":0,"_bbp_total_reply_count":0,"_bbp_voice_count":0,"_bbp_anonymous_reply_count":0,"_bbp_topic_count_hidden":0,"_bbp_reply_count_hidden":0,"_bbp_forum_subforum_count":0,"footnotes":""},"categories":[337,8,334,311,1,29],"tags":[823,811,412,812,810,366,284],"class_list":["post-19381","post","type-post","status-publish","format-standard","has-post-thumbnail","hentry","category-batx-1","category-batxillerat","category-educacio-fisica","category-expressio","category-general","category-portada","tag-campanya-de-joguines","tag-cap-nen-sense-joguina","tag-castell-de-palafolls","tag-creu-roja","tag-marxa-solidaria","tag-mou-te","tag-palafolls"],"post_mailing_queue_ids":[],"_links":{"self":[{"href":"https:\/\/agora.xtec.cat\/ins-sagulla\/wp-json\/wp\/v2\/posts\/19381","targetHints":{"allow":["GET"]}}],"collection":[{"href":"https:\/\/agora.xtec.cat\/ins-sagulla\/wp-json\/wp\/v2\/posts"}],"about":[{"href":"https:\/\/agora.xtec.cat\/ins-sagulla\/wp-json\/wp\/v2\/types\/post"}],"author":[{"embeddable":true,"href":"https:\/\/agora.xtec.cat\/ins-sagulla\/wp-json\/wp\/v2\/users\/1"}],"replies":[{"embeddable":true,"href":"https:\/\/agora.xtec.cat\/ins-sagulla\/wp-json\/wp\/v2\/comments?post=19381"}],"version-history":[{"count":3,"href":"https:\/\/agora.xtec.cat\/ins-sagulla\/wp-json\/wp\/v2\/posts\/19381\/revisions"}],"predecessor-version":[{"id":19489,"href":"https:\/\/agora.xtec.cat\/ins-sagulla\/wp-json\/wp\/v2\/posts\/19381\/revisions\/19489"}],"wp:featuredmedia":[{"embeddable":true,"href":"https:\/\/agora.xtec.cat\/ins-sagulla\/wp-json\/wp\/v2\/media\/19423"}],"wp:attachment":[{"href":"https:\/\/agora.xtec.cat\/ins-sagulla\/wp-json\/wp\/v2\/media?parent=19381"}],"wp:term":[{"taxonomy":"category","embeddable":true,"href":"https:\/\/agora.xtec.cat\/ins-sagulla\/wp-json\/wp\/v2\/categories?post=19381"},{"taxonomy":"post_tag","embeddable":true,"href":"https:\/\/agora.xtec.cat\/ins-sagulla\/wp-json\/wp\/v2\/tags?post=19381"}],"curies":[{"name":"wp","href":"https:\/\/api.w.org\/{rel}","templated":true}]}}