{"id":19229,"date":"2021-12-16T12:15:22","date_gmt":"2021-12-16T11:15:22","guid":{"rendered":"https:\/\/agora.xtec.cat\/ins-sagulla\/?p=19229"},"modified":"2021-12-16T12:21:56","modified_gmt":"2021-12-16T11:21:56","slug":"25n-lamor-no-es-lostia","status":"publish","type":"post","link":"https:\/\/agora.xtec.cat\/ins-sagulla\/general\/25n-lamor-no-es-lostia\/","title":{"rendered":"25N: L&#8217;amor no \u00e9s l&#8217;ostia"},"content":{"rendered":"<p><span style=\"font-weight: 400;\">El <strong>25N Dia Internacional per a l&#8217;Eliminaci\u00f3 de la Viol\u00e8ncia envers les Dones l&#8217;alumnat<\/strong> de TAPSD va treballar per combatre les viol\u00e8ncies silencioses, visibilitzant la <strong>comunicaci\u00f3 no verbal<\/strong> i <strong>el llenguatge corporal.<\/strong><\/span><\/p>\n<p><em><span style=\"font-weight: 400;\">La comunicaci\u00f3 no verbal i el llenguatge corporal \u00e9s l&#8217;intercanvi d&#8217;informaci\u00f3 a trav\u00e9s de l&#8217;entorn f\u00edsic, l&#8217;aparen\u00e7a f\u00edsica i la conducta no verbal. <\/span><\/em><\/p>\n<p><span style=\"font-weight: 400;\">Per tant, s\u00f3n t<\/span><span style=\"font-weight: 400;\">ots aquells senyals i gestos subtils que sovint passen desapercebuts per\u00f2 que dia rere dia pateixen les dones. Fent aquest treball l&#8217;alumnat es <\/span><span style=\"font-weight: 400;\">van adonar que moltes dones per la pr\u00f2pia discapacitat o per ra\u00f3 de g\u00e8nere pateixen doble discriminaci\u00f3.\u00a0\u00a0<\/span><\/p>\n<p><span style=\"font-weight: 400;\">A continuaci\u00f3 podeu veure un v\u00eddeo realitzat per un grup d&#8217;alumnes de TAPSD on mostren el seu rebuig vers la viol\u00e8ncia de g\u00e8nere: <strong>25N L&#8217;Amor no \u00e9s l&#8217;ostia<\/strong>.\u00a0<\/span><\/p>\n<p><iframe loading=\"lazy\" title=\"YouTube video player\" src=\"https:\/\/www.youtube.com\/embed\/4-slmKMacyk\" width=\"560\" height=\"315\" frameborder=\"0\" allowfullscreen=\"allowfullscreen\"><\/iframe><\/p>\n<p>Tamb\u00e9 van crear aquestes infografies:<\/p>\n<p><a href=\"https:\/\/agora.xtec.cat\/ins-sagulla\/wp-content\/uploads\/usu2114\/2021\/12\/VIOLENCIA-DE-GENERO-2_page-0001-scaled.jpg\"><img loading=\"lazy\" decoding=\"async\" class=\"alignnone size-full wp-image-19351\" src=\"https:\/\/agora.xtec.cat\/ins-sagulla\/wp-content\/uploads\/usu2114\/2021\/12\/VIOLENCIA-DE-GENERO-2_page-0001-scaled.jpg\" alt=\"\" width=\"1024\" height=\"2560\" srcset=\"https:\/\/agora.xtec.cat\/ins-sagulla\/wp-content\/uploads\/usu2114\/2021\/12\/VIOLENCIA-DE-GENERO-2_page-0001-scaled.jpg 1024w, https:\/\/agora.xtec.cat\/ins-sagulla\/wp-content\/uploads\/usu2114\/2021\/12\/VIOLENCIA-DE-GENERO-2_page-0001-120x300.jpg 120w, https:\/\/agora.xtec.cat\/ins-sagulla\/wp-content\/uploads\/usu2114\/2021\/12\/VIOLENCIA-DE-GENERO-2_page-0001-410x1024.jpg 410w, https:\/\/agora.xtec.cat\/ins-sagulla\/wp-content\/uploads\/usu2114\/2021\/12\/VIOLENCIA-DE-GENERO-2_page-0001-768x1920.jpg 768w, https:\/\/agora.xtec.cat\/ins-sagulla\/wp-content\/uploads\/usu2114\/2021\/12\/VIOLENCIA-DE-GENERO-2_page-0001-614x1536.jpg 614w, https:\/\/agora.xtec.cat\/ins-sagulla\/wp-content\/uploads\/usu2114\/2021\/12\/VIOLENCIA-DE-GENERO-2_page-0001-819x2048.jpg 819w\" sizes=\"auto, (max-width: 1024px) 100vw, 1024px\" \/><\/a><\/p>\n<p><a href=\"https:\/\/agora.xtec.cat\/ins-sagulla\/wp-content\/uploads\/usu2114\/2021\/12\/VIOLENCIA-DE-GENERE_page-0001-scaled.jpg\"><img loading=\"lazy\" decoding=\"async\" class=\"alignnone size-full wp-image-19352\" src=\"https:\/\/agora.xtec.cat\/ins-sagulla\/wp-content\/uploads\/usu2114\/2021\/12\/VIOLENCIA-DE-GENERE_page-0001-scaled.jpg\" alt=\"\" width=\"1024\" height=\"2560\" srcset=\"https:\/\/agora.xtec.cat\/ins-sagulla\/wp-content\/uploads\/usu2114\/2021\/12\/VIOLENCIA-DE-GENERE_page-0001-scaled.jpg 1024w, https:\/\/agora.xtec.cat\/ins-sagulla\/wp-content\/uploads\/usu2114\/2021\/12\/VIOLENCIA-DE-GENERE_page-0001-120x300.jpg 120w, https:\/\/agora.xtec.cat\/ins-sagulla\/wp-content\/uploads\/usu2114\/2021\/12\/VIOLENCIA-DE-GENERE_page-0001-410x1024.jpg 410w, https:\/\/agora.xtec.cat\/ins-sagulla\/wp-content\/uploads\/usu2114\/2021\/12\/VIOLENCIA-DE-GENERE_page-0001-768x1920.jpg 768w, https:\/\/agora.xtec.cat\/ins-sagulla\/wp-content\/uploads\/usu2114\/2021\/12\/VIOLENCIA-DE-GENERE_page-0001-614x1536.jpg 614w, https:\/\/agora.xtec.cat\/ins-sagulla\/wp-content\/uploads\/usu2114\/2021\/12\/VIOLENCIA-DE-GENERE_page-0001-819x2048.jpg 819w\" sizes=\"auto, (max-width: 1024px) 100vw, 1024px\" \/><\/a><\/p>\n<p><a href=\"https:\/\/agora.xtec.cat\/ins-sagulla\/wp-content\/uploads\/usu2114\/2021\/12\/Violencia-de-genero-claudia-alba-miriam-maria-pinzon-monica-carla-sala_page-0001.jpg\"><img loading=\"lazy\" decoding=\"async\" class=\"alignnone size-full wp-image-19353\" src=\"https:\/\/agora.xtec.cat\/ins-sagulla\/wp-content\/uploads\/usu2114\/2021\/12\/Violencia-de-genero-claudia-alba-miriam-maria-pinzon-monica-carla-sala_page-0001.jpg\" alt=\"\" width=\"1024\" height=\"1448\" srcset=\"https:\/\/agora.xtec.cat\/ins-sagulla\/wp-content\/uploads\/usu2114\/2021\/12\/Violencia-de-genero-claudia-alba-miriam-maria-pinzon-monica-carla-sala_page-0001.jpg 1024w, https:\/\/agora.xtec.cat\/ins-sagulla\/wp-content\/uploads\/usu2114\/2021\/12\/Violencia-de-genero-claudia-alba-miriam-maria-pinzon-monica-carla-sala_page-0001-212x300.jpg 212w, https:\/\/agora.xtec.cat\/ins-sagulla\/wp-content\/uploads\/usu2114\/2021\/12\/Violencia-de-genero-claudia-alba-miriam-maria-pinzon-monica-carla-sala_page-0001-724x1024.jpg 724w, https:\/\/agora.xtec.cat\/ins-sagulla\/wp-content\/uploads\/usu2114\/2021\/12\/Violencia-de-genero-claudia-alba-miriam-maria-pinzon-monica-carla-sala_page-0001-768x1086.jpg 768w\" sizes=\"auto, (max-width: 1024px) 100vw, 1024px\" \/><\/a><\/p>\n<p>&nbsp;<\/p>\n","protected":false},"excerpt":{"rendered":"<p>El 25N Dia Internacional per a l&#8217;Eliminaci\u00f3 de la Viol\u00e8ncia envers les Dones l&#8217;alumnat de TAPSD va treballar per combatre les viol\u00e8ncies silencioses, visibilitzant la comunicaci\u00f3 no verbal i el llenguatge corporal.<br \/>\nLa comunicaci\u00f3 no verbal i el llenguatge corporal \u00e9s l&#8217;intercanvi d&#8217;informaci\u00f3 a trav\u00e9s de&hellip;  <a href=\"https:\/\/agora.xtec.cat\/ins-sagulla\/general\/25n-lamor-no-es-lostia\/\" title=\"Read 25N: L&#8217;amor no \u00e9s l&#8217;ostia\">Llegeix m\u00e9s\u00bb<\/a><\/p>\n","protected":false},"author":89,"featured_media":19348,"comment_status":"open","ping_status":"closed","sticky":false,"template":"","format":"standard","meta":{"_bbp_topic_count":0,"_bbp_reply_count":0,"_bbp_total_topic_count":0,"_bbp_total_reply_count":0,"_bbp_voice_count":0,"_bbp_anonymous_reply_count":0,"_bbp_topic_count_hidden":0,"_bbp_reply_count_hidden":0,"_bbp_forum_subforum_count":0,"footnotes":""},"categories":[150,1,29,336],"tags":[763,553,799,800,552,764,768],"class_list":["post-19229","post","type-post","status-publish","format-standard","has-post-thumbnail","hentry","category-cfgm-atencio-persones-situacio-dependencia","category-general","category-portada","category-serveis-a-la-comunitat","tag-25n","tag-micro-violencia","tag-rebuig","tag-sensibilitacio","tag-violencia-de-genere","tag-violenciamasclista","tag-visibilitat"],"post_mailing_queue_ids":[],"_links":{"self":[{"href":"https:\/\/agora.xtec.cat\/ins-sagulla\/wp-json\/wp\/v2\/posts\/19229","targetHints":{"allow":["GET"]}}],"collection":[{"href":"https:\/\/agora.xtec.cat\/ins-sagulla\/wp-json\/wp\/v2\/posts"}],"about":[{"href":"https:\/\/agora.xtec.cat\/ins-sagulla\/wp-json\/wp\/v2\/types\/post"}],"author":[{"embeddable":true,"href":"https:\/\/agora.xtec.cat\/ins-sagulla\/wp-json\/wp\/v2\/users\/89"}],"replies":[{"embeddable":true,"href":"https:\/\/agora.xtec.cat\/ins-sagulla\/wp-json\/wp\/v2\/comments?post=19229"}],"version-history":[{"count":3,"href":"https:\/\/agora.xtec.cat\/ins-sagulla\/wp-json\/wp\/v2\/posts\/19229\/revisions"}],"predecessor-version":[{"id":19354,"href":"https:\/\/agora.xtec.cat\/ins-sagulla\/wp-json\/wp\/v2\/posts\/19229\/revisions\/19354"}],"wp:featuredmedia":[{"embeddable":true,"href":"https:\/\/agora.xtec.cat\/ins-sagulla\/wp-json\/wp\/v2\/media\/19348"}],"wp:attachment":[{"href":"https:\/\/agora.xtec.cat\/ins-sagulla\/wp-json\/wp\/v2\/media?parent=19229"}],"wp:term":[{"taxonomy":"category","embeddable":true,"href":"https:\/\/agora.xtec.cat\/ins-sagulla\/wp-json\/wp\/v2\/categories?post=19229"},{"taxonomy":"post_tag","embeddable":true,"href":"https:\/\/agora.xtec.cat\/ins-sagulla\/wp-json\/wp\/v2\/tags?post=19229"}],"curies":[{"name":"wp","href":"https:\/\/api.w.org\/{rel}","templated":true}]}}