{"id":19190,"date":"2021-12-02T08:08:52","date_gmt":"2021-12-02T07:08:52","guid":{"rendered":"https:\/\/agora.xtec.cat\/ins-sagulla\/?p=19190"},"modified":"2021-12-02T11:12:02","modified_gmt":"2021-12-02T10:12:02","slug":"25n-les-dones-del-sagulla-deixen-la-seva-empremta","status":"publish","type":"post","link":"https:\/\/agora.xtec.cat\/ins-sagulla\/eso\/25n-les-dones-del-sagulla-deixen-la-seva-empremta\/","title":{"rendered":"25N: Les dones del S&#8217;Agulla deixen la seva empremta"},"content":{"rendered":"<p>El <strong>25N<\/strong> <strong>Dia Internacional per a l&#8217;Eliminaci\u00f3 de la Viol\u00e8ncia vers les Dones<\/strong>, un grup de noies i nois de 4t ESO i el professorat del centre van mostrar la seva implicaci\u00f3 tot proposant diferents accions col\u00b7laboratives.<\/p>\n<p>La Thais, impulsora d&#8217;una de les iniciatives, juntament amb la Karen i l&#8217;Ansu, i en Connie de fot\u00f2graf, van repartir aula per aula<strong>\u00a0lla\u00e7os liles <\/strong>fets pels propis alumnes, per mostrar el rebuig a la viol\u00e8ncia masclista.<\/p>\n<p><a href=\"https:\/\/agora.xtec.cat\/ins-sagulla\/wp-content\/uploads\/usu2114\/2021\/12\/2.jpg\"><img loading=\"lazy\" decoding=\"async\" class=\"alignnone wp-image-19202 size-large\" src=\"https:\/\/agora.xtec.cat\/ins-sagulla\/wp-content\/uploads\/usu2114\/2021\/12\/2-1024x831.jpg\" alt=\"\" width=\"1024\" height=\"831\" srcset=\"https:\/\/agora.xtec.cat\/ins-sagulla\/wp-content\/uploads\/usu2114\/2021\/12\/2-1024x831.jpg 1024w, https:\/\/agora.xtec.cat\/ins-sagulla\/wp-content\/uploads\/usu2114\/2021\/12\/2-300x244.jpg 300w, https:\/\/agora.xtec.cat\/ins-sagulla\/wp-content\/uploads\/usu2114\/2021\/12\/2-768x623.jpg 768w, https:\/\/agora.xtec.cat\/ins-sagulla\/wp-content\/uploads\/usu2114\/2021\/12\/2.jpg 1052w\" sizes=\"auto, (max-width: 1024px) 100vw, 1024px\" \/><\/a><\/p>\n<p>&nbsp;<\/p>\n<ul>\n<li>Tamb\u00e9 van recollir les<strong> empremtes<\/strong> de les dones del centre per dibuixar amb totes elles un mural tenyit de lila.<\/li>\n<\/ul>\n<p><a href=\"https:\/\/agora.xtec.cat\/ins-sagulla\/wp-content\/uploads\/usu2114\/2021\/12\/1637918372367-scaled.jpg\"><img loading=\"lazy\" decoding=\"async\" class=\"alignnone wp-image-19204 size-large\" src=\"https:\/\/agora.xtec.cat\/ins-sagulla\/wp-content\/uploads\/usu2114\/2021\/12\/1637918372367-841x1024.jpg\" alt=\"\" width=\"841\" height=\"1024\" srcset=\"https:\/\/agora.xtec.cat\/ins-sagulla\/wp-content\/uploads\/usu2114\/2021\/12\/1637918372367-841x1024.jpg 841w, https:\/\/agora.xtec.cat\/ins-sagulla\/wp-content\/uploads\/usu2114\/2021\/12\/1637918372367-246x300.jpg 246w, https:\/\/agora.xtec.cat\/ins-sagulla\/wp-content\/uploads\/usu2114\/2021\/12\/1637918372367-768x935.jpg 768w, https:\/\/agora.xtec.cat\/ins-sagulla\/wp-content\/uploads\/usu2114\/2021\/12\/1637918372367-1261x1536.jpg 1261w, https:\/\/agora.xtec.cat\/ins-sagulla\/wp-content\/uploads\/usu2114\/2021\/12\/1637918372367-1682x2048.jpg 1682w\" sizes=\"auto, (max-width: 841px) 100vw, 841px\" \/><\/a><\/p>\n<p><a href=\"https:\/\/agora.xtec.cat\/ins-sagulla\/wp-content\/uploads\/usu2114\/2021\/12\/3.jpg\"><img loading=\"lazy\" decoding=\"async\" class=\"alignnone size-full wp-image-19203\" src=\"https:\/\/agora.xtec.cat\/ins-sagulla\/wp-content\/uploads\/usu2114\/2021\/12\/3.jpg\" alt=\"\" width=\"638\" height=\"754\" srcset=\"https:\/\/agora.xtec.cat\/ins-sagulla\/wp-content\/uploads\/usu2114\/2021\/12\/3.jpg 638w, https:\/\/agora.xtec.cat\/ins-sagulla\/wp-content\/uploads\/usu2114\/2021\/12\/3-254x300.jpg 254w\" sizes=\"auto, (max-width: 638px) 100vw, 638px\" \/><\/a><\/p>\n<p>Aquest mural llueix a l&#8217;entrada principal del centre (Consergeria).<\/p>\n<p><a href=\"https:\/\/agora.xtec.cat\/ins-sagulla\/wp-content\/uploads\/usu2114\/2021\/12\/25-N_2021-9.jpeg\"><img loading=\"lazy\" decoding=\"async\" class=\"alignnone wp-image-19218 size-large\" src=\"https:\/\/agora.xtec.cat\/ins-sagulla\/wp-content\/uploads\/usu2114\/2021\/12\/25-N_2021-9-1024x768.jpeg\" alt=\"\" width=\"1024\" height=\"768\" srcset=\"https:\/\/agora.xtec.cat\/ins-sagulla\/wp-content\/uploads\/usu2114\/2021\/12\/25-N_2021-9-1024x768.jpeg 1024w, https:\/\/agora.xtec.cat\/ins-sagulla\/wp-content\/uploads\/usu2114\/2021\/12\/25-N_2021-9-300x225.jpeg 300w, https:\/\/agora.xtec.cat\/ins-sagulla\/wp-content\/uploads\/usu2114\/2021\/12\/25-N_2021-9-768x576.jpeg 768w, https:\/\/agora.xtec.cat\/ins-sagulla\/wp-content\/uploads\/usu2114\/2021\/12\/25-N_2021-9-1536x1152.jpeg 1536w, https:\/\/agora.xtec.cat\/ins-sagulla\/wp-content\/uploads\/usu2114\/2021\/12\/25-N_2021-9-200x150.jpeg 200w, https:\/\/agora.xtec.cat\/ins-sagulla\/wp-content\/uploads\/usu2114\/2021\/12\/25-N_2021-9.jpeg 2000w\" sizes=\"auto, (max-width: 1024px) 100vw, 1024px\" \/><\/a><\/p>\n<p>L&#8217;Elsa, la Mireia i la \u00cdngrid van voler mostrar el seu suport i creativitat creant plegades un p\u00f2ster reivindicatiu que han penjat a la porta de la seva aula.<\/p>\n<p><a href=\"https:\/\/agora.xtec.cat\/ins-sagulla\/wp-content\/uploads\/usu2114\/2021\/12\/poster_.jpeg\"><img loading=\"lazy\" decoding=\"async\" class=\"alignnone wp-image-19206 size-large\" src=\"https:\/\/agora.xtec.cat\/ins-sagulla\/wp-content\/uploads\/usu2114\/2021\/12\/poster_-1024x768.jpeg\" alt=\"\" width=\"1024\" height=\"768\" srcset=\"https:\/\/agora.xtec.cat\/ins-sagulla\/wp-content\/uploads\/usu2114\/2021\/12\/poster_-1024x768.jpeg 1024w, https:\/\/agora.xtec.cat\/ins-sagulla\/wp-content\/uploads\/usu2114\/2021\/12\/poster_-300x225.jpeg 300w, https:\/\/agora.xtec.cat\/ins-sagulla\/wp-content\/uploads\/usu2114\/2021\/12\/poster_-768x576.jpeg 768w, https:\/\/agora.xtec.cat\/ins-sagulla\/wp-content\/uploads\/usu2114\/2021\/12\/poster_-1536x1152.jpeg 1536w, https:\/\/agora.xtec.cat\/ins-sagulla\/wp-content\/uploads\/usu2114\/2021\/12\/poster_-200x150.jpeg 200w, https:\/\/agora.xtec.cat\/ins-sagulla\/wp-content\/uploads\/usu2114\/2021\/12\/poster_.jpeg 2000w\" sizes=\"auto, (max-width: 1024px) 100vw, 1024px\" \/><\/a><\/p>\n<p>El professorat de l&#8217;institut tamb\u00e9 va voler fer palesa la seva adhesi\u00f3 al <strong>25N<\/strong>, tot fent lla\u00e7os liles perqu\u00e8 ning\u00fa se&#8217;n qued\u00e9s sense.<\/p>\n<p><a href=\"https:\/\/agora.xtec.cat\/ins-sagulla\/wp-content\/uploads\/usu2114\/2021\/12\/25-N_2021-8.jpeg\"><img loading=\"lazy\" decoding=\"async\" class=\"alignnone size-full wp-image-19210\" src=\"https:\/\/agora.xtec.cat\/ins-sagulla\/wp-content\/uploads\/usu2114\/2021\/12\/25-N_2021-8.jpeg\" alt=\"\" width=\"2000\" height=\"1500\" srcset=\"https:\/\/agora.xtec.cat\/ins-sagulla\/wp-content\/uploads\/usu2114\/2021\/12\/25-N_2021-8.jpeg 2000w, https:\/\/agora.xtec.cat\/ins-sagulla\/wp-content\/uploads\/usu2114\/2021\/12\/25-N_2021-8-300x225.jpeg 300w, https:\/\/agora.xtec.cat\/ins-sagulla\/wp-content\/uploads\/usu2114\/2021\/12\/25-N_2021-8-1024x768.jpeg 1024w, https:\/\/agora.xtec.cat\/ins-sagulla\/wp-content\/uploads\/usu2114\/2021\/12\/25-N_2021-8-768x576.jpeg 768w, https:\/\/agora.xtec.cat\/ins-sagulla\/wp-content\/uploads\/usu2114\/2021\/12\/25-N_2021-8-1536x1152.jpeg 1536w, https:\/\/agora.xtec.cat\/ins-sagulla\/wp-content\/uploads\/usu2114\/2021\/12\/25-N_2021-8-200x150.jpeg 200w\" sizes=\"auto, (max-width: 2000px) 100vw, 2000px\" \/><\/a><\/p>\n<p>Moltes gr\u00e0cies a tothom per aportar el seu granet de sorra!<\/p>\n<p>Podeu veure m\u00e9s fotos <a href=\"https:\/\/photos.app.goo.gl\/g5zFTvDtdFAjbLvR6\">aqu\u00ed\u00a0<\/a><\/p>\n","protected":false},"excerpt":{"rendered":"<p>El 25N Dia Internacional per a l&#8217;Eliminaci\u00f3 de la Viol\u00e8ncia vers les Dones, un grup de noies i nois de 4t ESO i el professorat del centre van mostrar la seva implicaci\u00f3 tot proposant diferents accions col\u00b7laboratives.<br \/>\nLa Thais, impulsora d&#8217;una de les iniciatives, juntament amb&hellip;  <a href=\"https:\/\/agora.xtec.cat\/ins-sagulla\/eso\/25n-les-dones-del-sagulla-deixen-la-seva-empremta\/\" title=\"Read 25N: Les dones del S&#8217;Agulla deixen la seva empremta\">Llegeix m\u00e9s\u00bb<\/a><\/p>\n","protected":false},"author":1,"featured_media":19211,"comment_status":"open","ping_status":"closed","sticky":false,"template":"","format":"standard","meta":{"_bbp_topic_count":0,"_bbp_reply_count":0,"_bbp_total_topic_count":0,"_bbp_total_reply_count":0,"_bbp_voice_count":0,"_bbp_anonymous_reply_count":0,"_bbp_topic_count_hidden":0,"_bbp_reply_count_hidden":0,"_bbp_forum_subforum_count":0,"footnotes":""},"categories":[695,3,7,322,29],"tags":[763,376,552,764,768],"class_list":["post-19190","post","type-post","status-publish","format-standard","has-post-thumbnail","hentry","category-alumnat","category-eso","category-eso-4","category-fotos","category-portada","tag-25n","tag-creativitat","tag-violencia-de-genere","tag-violenciamasclista","tag-visibilitat"],"post_mailing_queue_ids":[],"_links":{"self":[{"href":"https:\/\/agora.xtec.cat\/ins-sagulla\/wp-json\/wp\/v2\/posts\/19190","targetHints":{"allow":["GET"]}}],"collection":[{"href":"https:\/\/agora.xtec.cat\/ins-sagulla\/wp-json\/wp\/v2\/posts"}],"about":[{"href":"https:\/\/agora.xtec.cat\/ins-sagulla\/wp-json\/wp\/v2\/types\/post"}],"author":[{"embeddable":true,"href":"https:\/\/agora.xtec.cat\/ins-sagulla\/wp-json\/wp\/v2\/users\/1"}],"replies":[{"embeddable":true,"href":"https:\/\/agora.xtec.cat\/ins-sagulla\/wp-json\/wp\/v2\/comments?post=19190"}],"version-history":[{"count":3,"href":"https:\/\/agora.xtec.cat\/ins-sagulla\/wp-json\/wp\/v2\/posts\/19190\/revisions"}],"predecessor-version":[{"id":19227,"href":"https:\/\/agora.xtec.cat\/ins-sagulla\/wp-json\/wp\/v2\/posts\/19190\/revisions\/19227"}],"wp:featuredmedia":[{"embeddable":true,"href":"https:\/\/agora.xtec.cat\/ins-sagulla\/wp-json\/wp\/v2\/media\/19211"}],"wp:attachment":[{"href":"https:\/\/agora.xtec.cat\/ins-sagulla\/wp-json\/wp\/v2\/media?parent=19190"}],"wp:term":[{"taxonomy":"category","embeddable":true,"href":"https:\/\/agora.xtec.cat\/ins-sagulla\/wp-json\/wp\/v2\/categories?post=19190"},{"taxonomy":"post_tag","embeddable":true,"href":"https:\/\/agora.xtec.cat\/ins-sagulla\/wp-json\/wp\/v2\/tags?post=19190"}],"curies":[{"name":"wp","href":"https:\/\/api.w.org\/{rel}","templated":true}]}}