{"id":19181,"date":"2021-12-01T13:20:26","date_gmt":"2021-12-01T12:20:26","guid":{"rendered":"https:\/\/agora.xtec.cat\/ins-sagulla\/?p=19181"},"modified":"2021-12-01T15:03:53","modified_gmt":"2021-12-01T14:03:53","slug":"25n-lalumnat-participa-a-diferents-activitats","status":"publish","type":"post","link":"https:\/\/agora.xtec.cat\/ins-sagulla\/portada\/25n-lalumnat-participa-a-diferents-activitats\/","title":{"rendered":"25N: L&#8217;alumnat participa a diferents activitats"},"content":{"rendered":"<p>En el context del <strong>25N<\/strong> <strong>Dia Internacional per l\u2019Eliminaci\u00f3 de la Viol\u00e8ncia vers les Dones<\/strong>, l\u2019alumnat de primer i segon curs d\u2019<strong>Integraci\u00f3 Social<\/strong> va assistir a diverses xerrades sobre viol\u00e8ncia de g\u00e8nere i viol\u00e8ncia est\u00e8tica.<\/p>\n<p><a href=\"https:\/\/agora.xtec.cat\/ins-sagulla\/wp-content\/uploads\/usu2114\/2021\/12\/PHOTO-2021-11-29-19-28-58.jpg\"><img loading=\"lazy\" decoding=\"async\" class=\"alignnone size-full wp-image-19188\" src=\"https:\/\/agora.xtec.cat\/ins-sagulla\/wp-content\/uploads\/usu2114\/2021\/12\/PHOTO-2021-11-29-19-28-58.jpg\" alt=\"\" width=\"1600\" height=\"1066\" srcset=\"https:\/\/agora.xtec.cat\/ins-sagulla\/wp-content\/uploads\/usu2114\/2021\/12\/PHOTO-2021-11-29-19-28-58.jpg 1600w, https:\/\/agora.xtec.cat\/ins-sagulla\/wp-content\/uploads\/usu2114\/2021\/12\/PHOTO-2021-11-29-19-28-58-300x200.jpg 300w, https:\/\/agora.xtec.cat\/ins-sagulla\/wp-content\/uploads\/usu2114\/2021\/12\/PHOTO-2021-11-29-19-28-58-1024x682.jpg 1024w, https:\/\/agora.xtec.cat\/ins-sagulla\/wp-content\/uploads\/usu2114\/2021\/12\/PHOTO-2021-11-29-19-28-58-768x512.jpg 768w, https:\/\/agora.xtec.cat\/ins-sagulla\/wp-content\/uploads\/usu2114\/2021\/12\/PHOTO-2021-11-29-19-28-58-1536x1023.jpg 1536w\" sizes=\"auto, (max-width: 1600px) 100vw, 1600px\" \/><\/a><\/p>\n<p>A banda, va presenciar un teatre interactiu amb tem\u00e0tica de g\u00e8nere, sota el t\u00edtol &#8220;<strong>L\u2019equilibri \u00e9s cosa de dos<\/strong>\u201d a c\u00e0rrec de <a href=\"https:\/\/www.instagram.com\/lanavevateatro\/\">@lanavevateatro<\/a> on tot el p\u00fablic va participar de la reproducci\u00f3 de situacions quotidianes viscudes entre una parella.<\/p>\n<p>Tamb\u00e9 es va projectar el v\u00eddeo &#8220;<strong>Dins l&#8217;Iceberg&#8221;<\/strong>\u00a0creat per l&#8217;\u00c0rea de Joventut de Blanes <a href=\"https:\/\/www.instagram.com\/joventut.blanes\/\">@joventut.blanes<\/a> i l&#8217;\u00c0rea d&#8217;Igualtat, on set noies de Blanes expliquen les seves experi\u00e8ncies sobre viol\u00e8ncia.<\/p>\n<p><iframe loading=\"lazy\" title=\"YouTube video player\" src=\"https:\/\/www.youtube.com\/embed\/EAn0Siq4FEs\" width=\"560\" height=\"315\" frameborder=\"0\"><\/iframe><\/p>\n<p><a href=\"https:\/\/photos.app.goo.gl\/cmgfyt42ZnV7in2u8\">Aqu\u00ed<\/a> podeu veure m\u00e9s fotos de la jornada.<\/p>\n","protected":false},"excerpt":{"rendered":"<p>En el context del 25N Dia Internacional per l\u2019Eliminaci\u00f3 de la Viol\u00e8ncia vers les Dones, l\u2019alumnat de primer i segon curs d\u2019Integraci\u00f3 Social va assistir a diverses xerrades sobre viol\u00e8ncia de g\u00e8nere i viol\u00e8ncia est\u00e8tica.<br \/>\n<a href=\"https:\/\/agora.xtec.cat\/ins-sagulla\/wp-content\/uploads\/usu2114\/2021\/12\/PHOTO-2021-11-29-19-28-58.jpg\"><\/a><br \/>\nA banda, va presenciar un teatre interactiu amb tem\u00e0tica de&hellip;  <a href=\"https:\/\/agora.xtec.cat\/ins-sagulla\/portada\/25n-lalumnat-participa-a-diferents-activitats\/\" title=\"Read 25N: L&#8217;alumnat participa a diferents activitats\">Llegeix m\u00e9s\u00bb<\/a><\/p>\n","protected":false},"author":79,"featured_media":0,"comment_status":"closed","ping_status":"closed","sticky":false,"template":"","format":"standard","meta":{"_bbp_topic_count":0,"_bbp_reply_count":0,"_bbp_total_topic_count":0,"_bbp_total_reply_count":0,"_bbp_voice_count":0,"_bbp_anonymous_reply_count":0,"_bbp_topic_count_hidden":0,"_bbp_reply_count_hidden":0,"_bbp_forum_subforum_count":0,"footnotes":""},"categories":[300,301,322,153,29,336],"tags":[763,489,436,453,552,764],"class_list":["post-19181","post","type-post","status-publish","format-standard","hentry","category-1r-tis","category-2n-tis","category-fotos","category-cfgs-integracio-social","category-portada","category-serveis-a-la-comunitat","tag-25n","tag-area-de-joventut","tag-dia-internacional","tag-igualtat","tag-violencia-de-genere","tag-violenciamasclista"],"post_mailing_queue_ids":[],"_links":{"self":[{"href":"https:\/\/agora.xtec.cat\/ins-sagulla\/wp-json\/wp\/v2\/posts\/19181","targetHints":{"allow":["GET"]}}],"collection":[{"href":"https:\/\/agora.xtec.cat\/ins-sagulla\/wp-json\/wp\/v2\/posts"}],"about":[{"href":"https:\/\/agora.xtec.cat\/ins-sagulla\/wp-json\/wp\/v2\/types\/post"}],"author":[{"embeddable":true,"href":"https:\/\/agora.xtec.cat\/ins-sagulla\/wp-json\/wp\/v2\/users\/79"}],"replies":[{"embeddable":true,"href":"https:\/\/agora.xtec.cat\/ins-sagulla\/wp-json\/wp\/v2\/comments?post=19181"}],"version-history":[{"count":4,"href":"https:\/\/agora.xtec.cat\/ins-sagulla\/wp-json\/wp\/v2\/posts\/19181\/revisions"}],"predecessor-version":[{"id":19214,"href":"https:\/\/agora.xtec.cat\/ins-sagulla\/wp-json\/wp\/v2\/posts\/19181\/revisions\/19214"}],"wp:attachment":[{"href":"https:\/\/agora.xtec.cat\/ins-sagulla\/wp-json\/wp\/v2\/media?parent=19181"}],"wp:term":[{"taxonomy":"category","embeddable":true,"href":"https:\/\/agora.xtec.cat\/ins-sagulla\/wp-json\/wp\/v2\/categories?post=19181"},{"taxonomy":"post_tag","embeddable":true,"href":"https:\/\/agora.xtec.cat\/ins-sagulla\/wp-json\/wp\/v2\/tags?post=19181"}],"curies":[{"name":"wp","href":"https:\/\/api.w.org\/{rel}","templated":true}]}}