{"id":19036,"date":"2021-11-18T08:12:24","date_gmt":"2021-11-18T07:12:24","guid":{"rendered":"https:\/\/agora.xtec.cat\/ins-sagulla\/?p=19036"},"modified":"2021-11-17T14:24:43","modified_gmt":"2021-11-17T13:24:43","slug":"celebrem-la-castanyada","status":"publish","type":"post","link":"https:\/\/agora.xtec.cat\/ins-sagulla\/general\/celebrem-la-castanyada\/","title":{"rendered":"Celebrem la Castanyada"},"content":{"rendered":"<p>La castanyada \u00e9s una de les tradicions catalanes m\u00e9s populars a tot Catalunya; per aquest motiu, l&#8217;alumnat de 1r de TAPS va preparar activitats adre\u00e7ades als usuaris i usu\u00e0ries d&#8217;un centre geri\u00e0tric.<\/p>\n<p>La nostra intenci\u00f3 era que aquestes persones tan especials poguessin seguir la tradici\u00f3 de forma divertida i din\u00e0mica.<\/p>\n<p>Els nois i noies van pensar propostes per als diferents col\u00b7lectius que s&#8217;hi poguessin trobar, com per exemple, torrar castanyes, fer panellets, ballar, cantar, disfressar-se, etc.<\/p>\n<p>A causa de la COVID-19, aquestes activitats, si b\u00e9 no es van poder implementar en un centre geri\u00e0tric, s\u00ed que van ser realitzades pels alumnes.<\/p>\n<p>Aix\u00ed, vam poder gaudir de la tradici\u00f3 i, al mateix temps, comprovar de primera m\u00e0 si les activitats estaven ben programades i pensades per al col\u00b7lectiu destinat.<\/p>\n<p>Un cop finalitzades les diferents sessions, els i les alumnes van fer una avaluaci\u00f3 que ens va ajudar a reflexionar sobre les activitats portades a terme. Es tracta d&#8217;un proc\u00e9s molt important per al creixement personal i laboral de l&#8217;alumat.<\/p>\n<p>Us deixem aqu\u00ed una imatge d&#8217;un mural de la castanyada.<\/p>\n<p><a href=\"https:\/\/agora.xtec.cat\/ins-sagulla\/wp-content\/uploads\/usu2114\/2021\/11\/image-1.png\"><img loading=\"lazy\" decoding=\"async\" class=\"alignnone size-full wp-image-19038\" src=\"https:\/\/agora.xtec.cat\/ins-sagulla\/wp-content\/uploads\/usu2114\/2021\/11\/image-1.png\" alt=\"\" width=\"1024\" height=\"529\" srcset=\"https:\/\/agora.xtec.cat\/ins-sagulla\/wp-content\/uploads\/usu2114\/2021\/11\/image-1.png 1024w, https:\/\/agora.xtec.cat\/ins-sagulla\/wp-content\/uploads\/usu2114\/2021\/11\/image-1-300x155.png 300w, https:\/\/agora.xtec.cat\/ins-sagulla\/wp-content\/uploads\/usu2114\/2021\/11\/image-1-768x397.png 768w\" sizes=\"auto, (max-width: 1024px) 100vw, 1024px\" \/><\/a><\/p>\n","protected":false},"excerpt":{"rendered":"<p>La castanyada \u00e9s una de les tradicions catalanes m\u00e9s populars a tot Catalunya; per aquest motiu, l&#8217;alumnat de 1r de TAPS va preparar activitats adre\u00e7ades als usuaris i usu\u00e0ries d&#8217;un centre geri\u00e0tric.<br \/>\nLa nostra intenci\u00f3 era que aquestes persones tan especials poguessin seguir la tradici\u00f3 de&hellip;  <a href=\"https:\/\/agora.xtec.cat\/ins-sagulla\/general\/celebrem-la-castanyada\/\" title=\"Read Celebrem la Castanyada\">Llegeix m\u00e9s\u00bb<\/a><\/p>\n","protected":false},"author":144,"featured_media":19037,"comment_status":"open","ping_status":"closed","sticky":false,"template":"","format":"standard","meta":{"_bbp_topic_count":0,"_bbp_reply_count":0,"_bbp_total_topic_count":0,"_bbp_total_reply_count":0,"_bbp_voice_count":0,"_bbp_anonymous_reply_count":0,"_bbp_topic_count_hidden":0,"_bbp_reply_count_hidden":0,"_bbp_forum_subforum_count":0,"footnotes":""},"categories":[296,150,30,1,213,29,336],"tags":[524,748,749],"class_list":["post-19036","post","type-post","status-publish","format-standard","has-post-thumbnail","hentry","category-1r-tapsd","category-cfgm-atencio-persones-situacio-dependencia","category-cicles-formatius","category-general","category-grau-mitja","category-portada","category-serveis-a-la-comunitat","tag-aprenentatge-servei","tag-castanyada","tag-tradicions"],"post_mailing_queue_ids":[],"_links":{"self":[{"href":"https:\/\/agora.xtec.cat\/ins-sagulla\/wp-json\/wp\/v2\/posts\/19036","targetHints":{"allow":["GET"]}}],"collection":[{"href":"https:\/\/agora.xtec.cat\/ins-sagulla\/wp-json\/wp\/v2\/posts"}],"about":[{"href":"https:\/\/agora.xtec.cat\/ins-sagulla\/wp-json\/wp\/v2\/types\/post"}],"author":[{"embeddable":true,"href":"https:\/\/agora.xtec.cat\/ins-sagulla\/wp-json\/wp\/v2\/users\/144"}],"replies":[{"embeddable":true,"href":"https:\/\/agora.xtec.cat\/ins-sagulla\/wp-json\/wp\/v2\/comments?post=19036"}],"version-history":[{"count":3,"href":"https:\/\/agora.xtec.cat\/ins-sagulla\/wp-json\/wp\/v2\/posts\/19036\/revisions"}],"predecessor-version":[{"id":19050,"href":"https:\/\/agora.xtec.cat\/ins-sagulla\/wp-json\/wp\/v2\/posts\/19036\/revisions\/19050"}],"wp:featuredmedia":[{"embeddable":true,"href":"https:\/\/agora.xtec.cat\/ins-sagulla\/wp-json\/wp\/v2\/media\/19037"}],"wp:attachment":[{"href":"https:\/\/agora.xtec.cat\/ins-sagulla\/wp-json\/wp\/v2\/media?parent=19036"}],"wp:term":[{"taxonomy":"category","embeddable":true,"href":"https:\/\/agora.xtec.cat\/ins-sagulla\/wp-json\/wp\/v2\/categories?post=19036"},{"taxonomy":"post_tag","embeddable":true,"href":"https:\/\/agora.xtec.cat\/ins-sagulla\/wp-json\/wp\/v2\/tags?post=19036"}],"curies":[{"name":"wp","href":"https:\/\/api.w.org\/{rel}","templated":true}]}}