{"id":18853,"date":"2021-11-05T12:31:04","date_gmt":"2021-11-05T11:31:04","guid":{"rendered":"https:\/\/agora.xtec.cat\/ins-sagulla\/?p=18853"},"modified":"2021-11-05T12:54:38","modified_gmt":"2021-11-05T11:54:38","slug":"visitem-una-installacio-de-panells-solars-fotovoltaics","status":"publish","type":"post","link":"https:\/\/agora.xtec.cat\/ins-sagulla\/eso\/eso-2\/visitem-una-installacio-de-panells-solars-fotovoltaics\/","title":{"rendered":"Visitem una instal\u00b7laci\u00f3 de panells solars fotovoltaics!"},"content":{"rendered":"<p>L&#8217;alumnat de 2n d&#8217;ESO ha pogut veure <em>in situ<\/em> una instal\u00b7laci\u00f3 de plaques solars fotovoltaiques.<\/p>\n<p>En la mat\u00e8ria de tecnologia, aquest trimestre s&#8217;ha treballat la generaci\u00f3 d&#8217;energia el\u00e8ctrica, les fonts d&#8217;energia, i les energies renovables i no renovables.<\/p>\n<p>La setmana passada, i per acabar la unitat, han visitant la <strong>instal\u00b7laci\u00f3 de panells solars<\/strong> m\u00f2bil que hi ha a la deixalleria de Blanes, situada davant mateix del centre.<\/p>\n<p><a href=\"https:\/\/agora.xtec.cat\/ins-sagulla\/wp-content\/uploads\/usu2114\/2021\/10\/IMG_51441-scaled.jpg\"><img loading=\"lazy\" decoding=\"async\" class=\"alignnone size-large wp-image-18854\" src=\"https:\/\/agora.xtec.cat\/ins-sagulla\/wp-content\/uploads\/usu2114\/2021\/10\/IMG_51441-1024x596.jpg\" alt=\"\" width=\"1024\" height=\"596\" srcset=\"https:\/\/agora.xtec.cat\/ins-sagulla\/wp-content\/uploads\/usu2114\/2021\/10\/IMG_51441-1024x596.jpg 1024w, https:\/\/agora.xtec.cat\/ins-sagulla\/wp-content\/uploads\/usu2114\/2021\/10\/IMG_51441-300x175.jpg 300w, https:\/\/agora.xtec.cat\/ins-sagulla\/wp-content\/uploads\/usu2114\/2021\/10\/IMG_51441-768x447.jpg 768w, https:\/\/agora.xtec.cat\/ins-sagulla\/wp-content\/uploads\/usu2114\/2021\/10\/IMG_51441-1536x894.jpg 1536w, https:\/\/agora.xtec.cat\/ins-sagulla\/wp-content\/uploads\/usu2114\/2021\/10\/IMG_51441-2048x1191.jpg 2048w\" sizes=\"auto, (max-width: 1024px) 100vw, 1024px\" \/><\/a><\/p>\n<p>En una visita <em>expr\u00e9s<\/em> d&#8217;una hora, Joan Mora, responsable de la Deixalleria Municipal, els ha explicat qu\u00e8 \u00e9s i com es genera l&#8217;energia solar fotovoltaica, com funciona la instal\u00b7laci\u00f3 i de quins elements est\u00e0 formada.<\/p>\n<p>I vosaltres, sabeu qu\u00e8 s\u00f3n les energies renovables?<\/p>\n<p><a href=\"https:\/\/agora.xtec.cat\/ins-sagulla\/wp-content\/uploads\/usu2114\/2021\/10\/1635524028937.jpg\"><img loading=\"lazy\" decoding=\"async\" class=\"alignnone size-full wp-image-18888\" src=\"https:\/\/agora.xtec.cat\/ins-sagulla\/wp-content\/uploads\/usu2114\/2021\/10\/1635524028937.jpg\" alt=\"\" width=\"1024\" height=\"765\" srcset=\"https:\/\/agora.xtec.cat\/ins-sagulla\/wp-content\/uploads\/usu2114\/2021\/10\/1635524028937.jpg 1024w, https:\/\/agora.xtec.cat\/ins-sagulla\/wp-content\/uploads\/usu2114\/2021\/10\/1635524028937-300x224.jpg 300w, https:\/\/agora.xtec.cat\/ins-sagulla\/wp-content\/uploads\/usu2114\/2021\/10\/1635524028937-768x574.jpg 768w, https:\/\/agora.xtec.cat\/ins-sagulla\/wp-content\/uploads\/usu2114\/2021\/10\/1635524028937-200x150.jpg 200w\" sizes=\"auto, (max-width: 1024px) 100vw, 1024px\" \/><\/a><\/p>\n<p>&nbsp;<\/p>\n","protected":false},"excerpt":{"rendered":"<p>L&#8217;alumnat de 2n d&#8217;ESO ha pogut veure in situ una instal\u00b7laci\u00f3 de plaques solars fotovoltaiques.<br \/>\nEn la mat\u00e8ria de tecnologia, aquest trimestre s&#8217;ha treballat la generaci\u00f3 d&#8217;energia el\u00e8ctrica, les fonts d&#8217;energia, i les energies renovables i no renovables.<br \/>\nLa setmana passada, i per acabar la unitat, han&hellip;  <a href=\"https:\/\/agora.xtec.cat\/ins-sagulla\/eso\/eso-2\/visitem-una-installacio-de-panells-solars-fotovoltaics\/\" title=\"Read Visitem una instal\u00b7laci\u00f3 de panells solars fotovoltaics!\">Llegeix m\u00e9s\u00bb<\/a><\/p>\n","protected":false},"author":4,"featured_media":18856,"comment_status":"closed","ping_status":"closed","sticky":false,"template":"","format":"standard","meta":{"_bbp_topic_count":0,"_bbp_reply_count":0,"_bbp_total_topic_count":0,"_bbp_total_reply_count":0,"_bbp_voice_count":0,"_bbp_anonymous_reply_count":0,"_bbp_topic_count_hidden":0,"_bbp_reply_count_hidden":0,"_bbp_forum_subforum_count":0,"footnotes":""},"categories":[5,29,308],"tags":[368,729,370,371],"class_list":["post-18853","post","type-post","status-publish","format-standard","has-post-thumbnail","hentry","category-eso-2","category-portada","category-tecnologia","tag-deixalleria","tag-deixalleria-de-blanes","tag-energia-renovable","tag-energia-solar"],"post_mailing_queue_ids":[],"_links":{"self":[{"href":"https:\/\/agora.xtec.cat\/ins-sagulla\/wp-json\/wp\/v2\/posts\/18853","targetHints":{"allow":["GET"]}}],"collection":[{"href":"https:\/\/agora.xtec.cat\/ins-sagulla\/wp-json\/wp\/v2\/posts"}],"about":[{"href":"https:\/\/agora.xtec.cat\/ins-sagulla\/wp-json\/wp\/v2\/types\/post"}],"author":[{"embeddable":true,"href":"https:\/\/agora.xtec.cat\/ins-sagulla\/wp-json\/wp\/v2\/users\/4"}],"replies":[{"embeddable":true,"href":"https:\/\/agora.xtec.cat\/ins-sagulla\/wp-json\/wp\/v2\/comments?post=18853"}],"version-history":[{"count":4,"href":"https:\/\/agora.xtec.cat\/ins-sagulla\/wp-json\/wp\/v2\/posts\/18853\/revisions"}],"predecessor-version":[{"id":18914,"href":"https:\/\/agora.xtec.cat\/ins-sagulla\/wp-json\/wp\/v2\/posts\/18853\/revisions\/18914"}],"wp:featuredmedia":[{"embeddable":true,"href":"https:\/\/agora.xtec.cat\/ins-sagulla\/wp-json\/wp\/v2\/media\/18856"}],"wp:attachment":[{"href":"https:\/\/agora.xtec.cat\/ins-sagulla\/wp-json\/wp\/v2\/media?parent=18853"}],"wp:term":[{"taxonomy":"category","embeddable":true,"href":"https:\/\/agora.xtec.cat\/ins-sagulla\/wp-json\/wp\/v2\/categories?post=18853"},{"taxonomy":"post_tag","embeddable":true,"href":"https:\/\/agora.xtec.cat\/ins-sagulla\/wp-json\/wp\/v2\/tags?post=18853"}],"curies":[{"name":"wp","href":"https:\/\/api.w.org\/{rel}","templated":true}]}}