{"id":18707,"date":"2021-10-14T12:29:22","date_gmt":"2021-10-14T10:29:22","guid":{"rendered":"https:\/\/agora.xtec.cat\/ins-sagulla\/?p=18707"},"modified":"2021-11-05T12:45:54","modified_gmt":"2021-11-05T11:45:54","slug":"mes-formacio-en-programacio-i-robotica","status":"publish","type":"post","link":"https:\/\/agora.xtec.cat\/ins-sagulla\/general\/mes-formacio-en-programacio-i-robotica\/","title":{"rendered":"M\u00e9s formaci\u00f3 en Programaci\u00f3 i Rob\u00f2tica"},"content":{"rendered":"<p>El pensament computacional \u00e9s una metodologia que afavoreix l&#8217;assoliment de les compet\u00e8ncies tecnol\u00f2giques i digitals, promou l&#8217;aprenentatge entre iguals, l&#8217;intercanvi d&#8217;estrat\u00e8gies, i estimula la creativitat.<\/p>\n<p>En aquest sentit, des de la Direcci\u00f3 del centre, amb la col\u00b7laboraci\u00f3 del departament de Tecnologia, aquest curs s&#8217;han impulsat dues noves mat\u00e8ries optatives:<\/p>\n<p><strong style=\"font-family: inherit; font-size: 1em;\">Introducci\u00f3 als llenguatges de programaci\u00f3 <\/strong>(2n d&#8217;ESO)<strong style=\"font-family: inherit; font-size: 1em;\">:<\/strong><span style=\"font-family: inherit; font-size: 1em;\"> l&#8217;alumnat s&#8217;endinsar\u00e0 al fant\u00e0stic m\u00f3n de l&#8217;<a href=\"https:\/\/scratch.mit.edu\/\">Scratch<\/a> i establir\u00e0 els fonaments per a poder seguir aprenent sobre programaci\u00f3 i rob\u00f2tica als seg\u00fcents cursos.\u00a0<\/span><\/p>\n<p><a href=\"https:\/\/agora.xtec.cat\/ins-sagulla\/wp-content\/uploads\/usu2114\/2021\/10\/baixa.png\"><img loading=\"lazy\" decoding=\"async\" class=\"alignnone wp-image-18712\" src=\"https:\/\/agora.xtec.cat\/ins-sagulla\/wp-content\/uploads\/usu2114\/2021\/10\/baixa.png\" alt=\"\" width=\"189\" height=\"142\" srcset=\"https:\/\/agora.xtec.cat\/ins-sagulla\/wp-content\/uploads\/usu2114\/2021\/10\/baixa.png 259w, https:\/\/agora.xtec.cat\/ins-sagulla\/wp-content\/uploads\/usu2114\/2021\/10\/baixa-200x150.png 200w\" sizes=\"auto, (max-width: 189px) 100vw, 189px\" \/><\/a><\/p>\n<ul>\n<li><strong>Rob\u00f2tica <\/strong>(3r d&#8217;ESO)<strong>:<\/strong> l&#8217;alumnat aprendr\u00e0 sobre els diferents tipus de robots i programar\u00e0 plaques Arduino Uno amb Arduino Blocks.<\/li>\n<\/ul>\n<p><a href=\"https:\/\/agora.xtec.cat\/ins-sagulla\/wp-content\/uploads\/usu2114\/2021\/10\/arduino-uno-r3.jpg\"><img loading=\"lazy\" decoding=\"async\" class=\"alignnone wp-image-18711 \" src=\"https:\/\/agora.xtec.cat\/ins-sagulla\/wp-content\/uploads\/usu2114\/2021\/10\/arduino-uno-r3-e1633607752464.jpg\" alt=\"\" width=\"183\" height=\"135\" srcset=\"https:\/\/agora.xtec.cat\/ins-sagulla\/wp-content\/uploads\/usu2114\/2021\/10\/arduino-uno-r3-e1633607752464.jpg 1000w, https:\/\/agora.xtec.cat\/ins-sagulla\/wp-content\/uploads\/usu2114\/2021\/10\/arduino-uno-r3-e1633607752464-300x222.jpg 300w, https:\/\/agora.xtec.cat\/ins-sagulla\/wp-content\/uploads\/usu2114\/2021\/10\/arduino-uno-r3-e1633607752464-768x568.jpg 768w\" sizes=\"auto, (max-width: 183px) 100vw, 183px\" \/><\/a><\/p>\n<p><b>CodeWeek o com apropar programaci\u00f3 i pensament computacional als estudiants<\/b><\/p>\n<p>Fins el 24 d&#8217;octubre es celebra la <a href=\"https:\/\/codeweek.eu\/\">CodeWeek<\/a>, la setmana de la programaci\u00f3 de la Uni\u00f3 Europea.<\/p>\n<p>Aquesta interessant iniciativa, que promou la creativitat, la resoluci\u00f3 de problemes i la col\u00b7laboraci\u00f3, t\u00e9 com a finalitat apropar la programaci\u00f3 i el pensament computacional als estudiants.<\/p>\n<p>Aqu\u00ed us deixem unes imatges dels alumnes de la optativa de 3r treballant en una presentaci\u00f3 de Robots. Esperem que m\u00e9s endavant us puguem mostrar exemples dels projectes!<\/p>\n<p><a href=\"https:\/\/agora.xtec.cat\/ins-sagulla\/wp-content\/uploads\/usu2114\/2021\/10\/PHOTO-2021-10-07-13-23-01.jpg\"><img loading=\"lazy\" decoding=\"async\" class=\"alignnone wp-image-18709 \" src=\"https:\/\/agora.xtec.cat\/ins-sagulla\/wp-content\/uploads\/usu2114\/2021\/10\/PHOTO-2021-10-07-13-23-01-e1633607260528.jpg\" alt=\"\" width=\"725\" height=\"429\" srcset=\"https:\/\/agora.xtec.cat\/ins-sagulla\/wp-content\/uploads\/usu2114\/2021\/10\/PHOTO-2021-10-07-13-23-01-e1633607260528.jpg 1024w, https:\/\/agora.xtec.cat\/ins-sagulla\/wp-content\/uploads\/usu2114\/2021\/10\/PHOTO-2021-10-07-13-23-01-e1633607260528-300x178.jpg 300w, https:\/\/agora.xtec.cat\/ins-sagulla\/wp-content\/uploads\/usu2114\/2021\/10\/PHOTO-2021-10-07-13-23-01-e1633607260528-768x455.jpg 768w\" sizes=\"auto, (max-width: 725px) 100vw, 725px\" \/><\/a><\/p>\n<p><a href=\"https:\/\/agora.xtec.cat\/ins-sagulla\/wp-content\/uploads\/usu2114\/2021\/10\/PHOTO-2021-10-07-13-16-09.jpg\"><img loading=\"lazy\" decoding=\"async\" class=\"alignnone wp-image-18710 \" src=\"https:\/\/agora.xtec.cat\/ins-sagulla\/wp-content\/uploads\/usu2114\/2021\/10\/PHOTO-2021-10-07-13-16-09-e1633607331888.jpg\" alt=\"\" width=\"725\" height=\"379\" srcset=\"https:\/\/agora.xtec.cat\/ins-sagulla\/wp-content\/uploads\/usu2114\/2021\/10\/PHOTO-2021-10-07-13-16-09-e1633607331888.jpg 1024w, https:\/\/agora.xtec.cat\/ins-sagulla\/wp-content\/uploads\/usu2114\/2021\/10\/PHOTO-2021-10-07-13-16-09-e1633607331888-300x157.jpg 300w, https:\/\/agora.xtec.cat\/ins-sagulla\/wp-content\/uploads\/usu2114\/2021\/10\/PHOTO-2021-10-07-13-16-09-e1633607331888-768x401.jpg 768w\" sizes=\"auto, (max-width: 725px) 100vw, 725px\" \/><\/a><\/p>\n","protected":false},"excerpt":{"rendered":"<p>El pensament computacional \u00e9s una metodologia que afavoreix l&#8217;assoliment de les compet\u00e8ncies tecnol\u00f2giques i digitals, promou l&#8217;aprenentatge entre iguals, l&#8217;intercanvi d&#8217;estrat\u00e8gies, i estimula la creativitat.<br \/>\nEn aquest sentit, des de la Direcci\u00f3 del centre, amb la col\u00b7laboraci\u00f3 del departament de Tecnologia, aquest curs s&#8217;han impulsat dues&hellip;  <a href=\"https:\/\/agora.xtec.cat\/ins-sagulla\/general\/mes-formacio-en-programacio-i-robotica\/\" title=\"Read M\u00e9s formaci\u00f3 en Programaci\u00f3 i Rob\u00f2tica\">Llegeix m\u00e9s\u00bb<\/a><\/p>\n","protected":false},"author":4,"featured_media":18769,"comment_status":"open","ping_status":"closed","sticky":false,"template":"","format":"standard","meta":{"_bbp_topic_count":0,"_bbp_reply_count":0,"_bbp_total_topic_count":0,"_bbp_total_reply_count":0,"_bbp_voice_count":0,"_bbp_anonymous_reply_count":0,"_bbp_topic_count_hidden":0,"_bbp_reply_count_hidden":0,"_bbp_forum_subforum_count":0,"footnotes":""},"categories":[671,5,6,1,29,308,158],"tags":[702,603,701,700,600,604],"class_list":["post-18707","post","type-post","status-publish","format-standard","has-post-thumbnail","hentry","category-equip-directiu","category-eso-2","category-eso-3","category-general","category-portada","category-tecnologia","category-tic","tag-arduino","tag-arduinoblocks","tag-llenguatges-de-programacio","tag-pensament-computacional","tag-robotica","tag-scratch"],"post_mailing_queue_ids":[],"_links":{"self":[{"href":"https:\/\/agora.xtec.cat\/ins-sagulla\/wp-json\/wp\/v2\/posts\/18707","targetHints":{"allow":["GET"]}}],"collection":[{"href":"https:\/\/agora.xtec.cat\/ins-sagulla\/wp-json\/wp\/v2\/posts"}],"about":[{"href":"https:\/\/agora.xtec.cat\/ins-sagulla\/wp-json\/wp\/v2\/types\/post"}],"author":[{"embeddable":true,"href":"https:\/\/agora.xtec.cat\/ins-sagulla\/wp-json\/wp\/v2\/users\/4"}],"replies":[{"embeddable":true,"href":"https:\/\/agora.xtec.cat\/ins-sagulla\/wp-json\/wp\/v2\/comments?post=18707"}],"version-history":[{"count":3,"href":"https:\/\/agora.xtec.cat\/ins-sagulla\/wp-json\/wp\/v2\/posts\/18707\/revisions"}],"predecessor-version":[{"id":18736,"href":"https:\/\/agora.xtec.cat\/ins-sagulla\/wp-json\/wp\/v2\/posts\/18707\/revisions\/18736"}],"wp:featuredmedia":[{"embeddable":true,"href":"https:\/\/agora.xtec.cat\/ins-sagulla\/wp-json\/wp\/v2\/media\/18769"}],"wp:attachment":[{"href":"https:\/\/agora.xtec.cat\/ins-sagulla\/wp-json\/wp\/v2\/media?parent=18707"}],"wp:term":[{"taxonomy":"category","embeddable":true,"href":"https:\/\/agora.xtec.cat\/ins-sagulla\/wp-json\/wp\/v2\/categories?post=18707"},{"taxonomy":"post_tag","embeddable":true,"href":"https:\/\/agora.xtec.cat\/ins-sagulla\/wp-json\/wp\/v2\/tags?post=18707"}],"curies":[{"name":"wp","href":"https:\/\/api.w.org\/{rel}","templated":true}]}}