{"id":18604,"date":"2021-09-21T11:42:39","date_gmt":"2021-09-21T09:42:39","guid":{"rendered":"https:\/\/agora.xtec.cat\/ins-sagulla\/?p=18604"},"modified":"2021-09-22T18:15:59","modified_gmt":"2021-09-22T16:15:59","slug":"beques-estudis-postoblnigatoris-cicles-formatius-i-batxillerat","status":"publish","type":"post","link":"https:\/\/agora.xtec.cat\/ins-sagulla\/batxillerat\/beques-estudis-postoblnigatoris-cicles-formatius-i-batxillerat\/","title":{"rendered":"Darrers dies per demanar beques (cicles i batxillerat)"},"content":{"rendered":"<p>El <strong>30 de setembre<\/strong> acaba el termini per presentar les sol\u00b7licituds a les beques per a estudiants que el curs acad\u00e8mic 2021-2022 cursen ensenyaments postobligatoris.<\/p>\n<p>Aquests ajuts estan convocats pel Ministeri d&#8217;Educaci\u00f3 i Formaci\u00f3 Professional.<\/p>\n<p>Trobareu tota la informaci\u00f3 i acc\u00e9s a la <strong>sol\u00b7licitud<\/strong> a l&#8217;enlla\u00e7 seg\u00fcent: <a href=\"https:\/\/educacio.gencat.cat\/ca\/tramits\/tramits-temes\/247-beques-ministerio-postobligatoris?category=7449fd1c-a82c-11e3-a972-000c29052e2c\">Beques per a ensenyaments postobligatoris no universitaris<\/a><\/p>\n<p><strong>Recordeu:<\/strong><\/p>\n<ul>\n<li>La tramitaci\u00f3 \u00e9s telem\u00e0tica (si no us funciona l&#8217;aplicaci\u00f3, proveu de canviar de navegador).<\/li>\n<li>Si no teniu usuari, us haureu de registrar.\n<div class=\"avis-modalitats\">\n<div class=\"texte-avis-modalitats\">\n<p>&nbsp;<\/p>\n<\/div>\n<\/div>\n<div class=\"pos_relative tamany-pestaslider padding-xs\">\n<div class=\"\">\n<div class=\"pestanyes-slider-component shadowBox-sm\"><\/div>\n<\/div>\n<\/div>\n<\/li>\n<\/ul>\n","protected":false},"excerpt":{"rendered":"<p>El 30 de setembre acaba el termini per presentar les sol\u00b7licituds a les beques per a estudiants que el curs acad\u00e8mic 2021-2022 cursen ensenyaments postobligatoris.<br \/>\nAquests ajuts estan convocats pel Ministeri d&#8217;Educaci\u00f3 i Formaci\u00f3 Professional.<br \/>\nTrobareu tota la informaci\u00f3 i acc\u00e9s a la sol\u00b7licitud a l&#8217;enlla\u00e7 seg\u00fcent:&hellip;  <a href=\"https:\/\/agora.xtec.cat\/ins-sagulla\/batxillerat\/beques-estudis-postoblnigatoris-cicles-formatius-i-batxillerat\/\" title=\"Read Darrers dies per demanar beques (cicles i batxillerat)\">Llegeix m\u00e9s\u00bb<\/a><\/p>\n","protected":false},"author":113,"featured_media":18613,"comment_status":"closed","ping_status":"closed","sticky":false,"template":"","format":"standard","meta":{"_bbp_topic_count":0,"_bbp_reply_count":0,"_bbp_total_topic_count":0,"_bbp_total_reply_count":0,"_bbp_voice_count":0,"_bbp_anonymous_reply_count":0,"_bbp_topic_count_hidden":0,"_bbp_reply_count_hidden":0,"_bbp_forum_subforum_count":0,"footnotes":""},"categories":[362,8,30,29],"tags":[220,531],"class_list":["post-18604","post","type-post","status-publish","format-standard","has-post-thumbnail","hentry","category-afa","category-batxillerat","category-cicles-formatius","category-portada","tag-beques","tag-estudis-postobligatoris"],"post_mailing_queue_ids":[],"_links":{"self":[{"href":"https:\/\/agora.xtec.cat\/ins-sagulla\/wp-json\/wp\/v2\/posts\/18604","targetHints":{"allow":["GET"]}}],"collection":[{"href":"https:\/\/agora.xtec.cat\/ins-sagulla\/wp-json\/wp\/v2\/posts"}],"about":[{"href":"https:\/\/agora.xtec.cat\/ins-sagulla\/wp-json\/wp\/v2\/types\/post"}],"author":[{"embeddable":true,"href":"https:\/\/agora.xtec.cat\/ins-sagulla\/wp-json\/wp\/v2\/users\/113"}],"replies":[{"embeddable":true,"href":"https:\/\/agora.xtec.cat\/ins-sagulla\/wp-json\/wp\/v2\/comments?post=18604"}],"version-history":[{"count":4,"href":"https:\/\/agora.xtec.cat\/ins-sagulla\/wp-json\/wp\/v2\/posts\/18604\/revisions"}],"predecessor-version":[{"id":18617,"href":"https:\/\/agora.xtec.cat\/ins-sagulla\/wp-json\/wp\/v2\/posts\/18604\/revisions\/18617"}],"wp:featuredmedia":[{"embeddable":true,"href":"https:\/\/agora.xtec.cat\/ins-sagulla\/wp-json\/wp\/v2\/media\/18613"}],"wp:attachment":[{"href":"https:\/\/agora.xtec.cat\/ins-sagulla\/wp-json\/wp\/v2\/media?parent=18604"}],"wp:term":[{"taxonomy":"category","embeddable":true,"href":"https:\/\/agora.xtec.cat\/ins-sagulla\/wp-json\/wp\/v2\/categories?post=18604"},{"taxonomy":"post_tag","embeddable":true,"href":"https:\/\/agora.xtec.cat\/ins-sagulla\/wp-json\/wp\/v2\/tags?post=18604"}],"curies":[{"name":"wp","href":"https:\/\/api.w.org\/{rel}","templated":true}]}}