{"id":1598,"date":"2020-11-25T21:15:02","date_gmt":"2020-11-25T20:15:02","guid":{"rendered":"https:\/\/agora.xtec.cat\/ies-sagulla\/?p=1598"},"modified":"2021-01-26T12:14:31","modified_gmt":"2021-01-26T11:14:31","slug":"els-urban-sketchers-del-sagulla-al-diari-ara","status":"publish","type":"post","link":"https:\/\/agora.xtec.cat\/ins-sagulla\/general\/els-urban-sketchers-del-sagulla-al-diari-ara\/","title":{"rendered":"Els Urban Sketchers del S&#8217;Agulla al Diari Ara!"},"content":{"rendered":"<p>Aquesta setmana el <em>Diari Ara<\/em> ens publica a la secci\u00f3 del <strong>rac\u00f3 dibuixat<\/strong>\u00a0un dels dibuixos d&#8217;una alumna nostra.<\/p>\n<p>Estem molt contents i contentes que vegin el talent art\u00edstic del nostre alumnat, que aquests dies realitzem el projecte <em>Urban Sketch Blanes<\/em> a diferents indrets del poble. Fins i tot l&#8217;han conf\u00f3s per una alumna de Batxillerat, ja que el dibuix del castell de Sant Joan \u00e9s preci\u00f3s.<\/p>\n<p>Enhorabona, Flor, i enhorabona a tots els alumnes de primer, perqu\u00e8 sou uns grans artistes!<\/p>\n<p><em>Maria Mezquita i Joan Colomer<\/em><br \/>\n<em>(professorat de Visual i pl\u00e0stica a 1r d&#8217;ESO)<\/em><\/p>\n<p><a href=\"https:\/\/agora.xtec.cat\/ies-sagulla\/wp-content\/uploads\/usu2114\/2020\/12\/racodibiuxat.jpg\"><img loading=\"lazy\" decoding=\"async\" class=\"alignnone wp-image-1599 size-full\" src=\"https:\/\/agora.xtec.cat\/ins-sagulla\/wp-content\/uploads\/usu2114\/2020\/12\/racodibiuxat.jpg\" alt=\"\" width=\"698\" height=\"759\" srcset=\"https:\/\/agora.xtec.cat\/ins-sagulla\/wp-content\/uploads\/usu2114\/2020\/12\/racodibiuxat.jpg 698w, https:\/\/agora.xtec.cat\/ins-sagulla\/wp-content\/uploads\/usu2114\/2020\/12\/racodibiuxat-276x300.jpg 276w\" sizes=\"auto, (max-width: 698px) 100vw, 698px\" \/><\/a><\/p>\n","protected":false},"excerpt":{"rendered":"<p>Aquesta setmana el Diari Ara ens publica a la secci\u00f3 del rac\u00f3 dibuixat\u00a0un dels dibuixos d&#8217;una alumna nostra.<br \/>\nEstem molt contents i contentes que vegin el talent art\u00edstic del nostre alumnat, que aquests dies realitzem el projecte Urban Sketch Blanes a diferents indrets del poble. Fins&hellip;  <a href=\"https:\/\/agora.xtec.cat\/ins-sagulla\/general\/els-urban-sketchers-del-sagulla-al-diari-ara\/\" title=\"Read Els Urban Sketchers del S&#8217;Agulla al Diari Ara!\">Llegeix m\u00e9s\u00bb<\/a><\/p>\n","protected":false},"author":1,"featured_media":1599,"comment_status":"open","ping_status":"closed","sticky":false,"template":"","format":"standard","meta":{"_bbp_topic_count":0,"_bbp_reply_count":0,"_bbp_total_topic_count":0,"_bbp_total_reply_count":0,"_bbp_voice_count":0,"_bbp_anonymous_reply_count":0,"_bbp_topic_count_hidden":0,"_bbp_reply_count_hidden":0,"_bbp_forum_subforum_count":0,"footnotes":""},"categories":[3,4,311,1,29],"tags":[373,329,328,330],"class_list":["post-1598","post","type-post","status-publish","format-standard","has-post-thumbnail","hentry","category-eso","category-eso-1","category-expressio","category-general","category-portada","tag-castell","tag-concurs","tag-diari-ara","tag-urban-sketchers"],"post_mailing_queue_ids":[],"_links":{"self":[{"href":"https:\/\/agora.xtec.cat\/ins-sagulla\/wp-json\/wp\/v2\/posts\/1598","targetHints":{"allow":["GET"]}}],"collection":[{"href":"https:\/\/agora.xtec.cat\/ins-sagulla\/wp-json\/wp\/v2\/posts"}],"about":[{"href":"https:\/\/agora.xtec.cat\/ins-sagulla\/wp-json\/wp\/v2\/types\/post"}],"author":[{"embeddable":true,"href":"https:\/\/agora.xtec.cat\/ins-sagulla\/wp-json\/wp\/v2\/users\/1"}],"replies":[{"embeddable":true,"href":"https:\/\/agora.xtec.cat\/ins-sagulla\/wp-json\/wp\/v2\/comments?post=1598"}],"version-history":[{"count":3,"href":"https:\/\/agora.xtec.cat\/ins-sagulla\/wp-json\/wp\/v2\/posts\/1598\/revisions"}],"predecessor-version":[{"id":1989,"href":"https:\/\/agora.xtec.cat\/ins-sagulla\/wp-json\/wp\/v2\/posts\/1598\/revisions\/1989"}],"wp:featuredmedia":[{"embeddable":true,"href":"https:\/\/agora.xtec.cat\/ins-sagulla\/wp-json\/wp\/v2\/media\/1599"}],"wp:attachment":[{"href":"https:\/\/agora.xtec.cat\/ins-sagulla\/wp-json\/wp\/v2\/media?parent=1598"}],"wp:term":[{"taxonomy":"category","embeddable":true,"href":"https:\/\/agora.xtec.cat\/ins-sagulla\/wp-json\/wp\/v2\/categories?post=1598"},{"taxonomy":"post_tag","embeddable":true,"href":"https:\/\/agora.xtec.cat\/ins-sagulla\/wp-json\/wp\/v2\/tags?post=1598"}],"curies":[{"name":"wp","href":"https:\/\/api.w.org\/{rel}","templated":true}]}}