{"id":1452,"date":"2020-12-18T11:04:58","date_gmt":"2020-12-18T10:04:58","guid":{"rendered":"https:\/\/agora.xtec.cat\/ies-sagulla\/?p=1452"},"modified":"2021-02-04T16:17:31","modified_gmt":"2021-02-04T15:17:31","slug":"contra-el-desanim-educacio-en-lentorn","status":"publish","type":"post","link":"https:\/\/agora.xtec.cat\/ins-sagulla\/eso\/contra-el-desanim-educacio-en-lentorn\/","title":{"rendered":"Contra el des\u00e0nim, educaci\u00f3 en l&#8217;entorn!"},"content":{"rendered":"<p>Els quatre grups de 1r d&#8217;ESO van gaudir de valent de la segona excursi\u00f3 del programa de <strong>sortides quinzenals<\/strong> per <strong>lluitar contra la tristesa i el des\u00e0nim <\/strong>al <strong>Castell de Palafolls<\/strong>.<\/p>\n<p>La iniciativa, molt ben rebuda per part de l&#8217;alumnat, proposava una jornada lectiva diferent: contacte amb la natura, pr\u00e0ctica d&#8217;exercici f\u00edsic i un esmorzar saludable.<\/p>\n<p>A banda d&#8217;interessants din\u00e0miques de cohesi\u00f3 de grup a c\u00e0rrec de les tutories, els nois i noies van seguir les diferents sessions de Tecnologia, Socials, Catal\u00e0 i Educaci\u00f3 F\u00edsica.<\/p>\n<p>Es va trobar molt a faltar l&#8217;alumnat que estava confinat.<\/p>\n<p>Aqu\u00ed podeu donar un cop d&#8217;ull a les fotos de la sortida: <a href=\"https:\/\/photos.app.goo.gl\/XWyJxAs7FvousRTz7\">https:\/\/photos.app.goo.gl\/XWyJxAs7FvousRTz7<\/a><\/p>\n<p><a href=\"https:\/\/agora.xtec.cat\/ins-sagulla\/wp-content\/uploads\/usu2114\/2020\/12\/c5e724b2-d1ec-4da7-87b4-257392348de8.jpg\"><img loading=\"lazy\" decoding=\"async\" class=\"alignnone size-large wp-image-2089\" src=\"https:\/\/agora.xtec.cat\/ins-sagulla\/wp-content\/uploads\/usu2114\/2020\/12\/c5e724b2-d1ec-4da7-87b4-257392348de8-768x1024.jpg\" alt=\"\" width=\"768\" height=\"1024\" srcset=\"https:\/\/agora.xtec.cat\/ins-sagulla\/wp-content\/uploads\/usu2114\/2020\/12\/c5e724b2-d1ec-4da7-87b4-257392348de8-768x1024.jpg 768w, https:\/\/agora.xtec.cat\/ins-sagulla\/wp-content\/uploads\/usu2114\/2020\/12\/c5e724b2-d1ec-4da7-87b4-257392348de8-225x300.jpg 225w, https:\/\/agora.xtec.cat\/ins-sagulla\/wp-content\/uploads\/usu2114\/2020\/12\/c5e724b2-d1ec-4da7-87b4-257392348de8.jpg 1536w\" sizes=\"auto, (max-width: 768px) 100vw, 768px\" \/><\/a><\/p>\n<p><a href=\"https:\/\/agora.xtec.cat\/ies-sagulla\/wp-content\/uploads\/usu2114\/2020\/12\/d4e719ef-13e0-4482-8cbc-9b54d782ef86.jpg\"><img loading=\"lazy\" decoding=\"async\" class=\"alignnone wp-image-1470 size-large\" src=\"https:\/\/agora.xtec.cat\/ins-sagulla\/wp-content\/uploads\/usu2114\/2020\/12\/d4e719ef-13e0-4482-8cbc-9b54d782ef86-768x1024.jpg\" alt=\"\" width=\"768\" height=\"1024\" srcset=\"https:\/\/agora.xtec.cat\/ins-sagulla\/wp-content\/uploads\/usu2114\/2020\/12\/d4e719ef-13e0-4482-8cbc-9b54d782ef86-768x1024.jpg 768w, https:\/\/agora.xtec.cat\/ins-sagulla\/wp-content\/uploads\/usu2114\/2020\/12\/d4e719ef-13e0-4482-8cbc-9b54d782ef86-225x300.jpg 225w, https:\/\/agora.xtec.cat\/ins-sagulla\/wp-content\/uploads\/usu2114\/2020\/12\/d4e719ef-13e0-4482-8cbc-9b54d782ef86.jpg 1500w\" sizes=\"auto, (max-width: 768px) 100vw, 768px\" \/><\/a><\/p>\n","protected":false},"excerpt":{"rendered":"<p>Els quatre grups de 1r d&#8217;ESO van gaudir de valent de la segona excursi\u00f3 del programa de sortides quinzenals per lluitar contra la tristesa i el des\u00e0nim al Castell de Palafolls.<br \/>\nLa iniciativa, molt ben rebuda per part de l&#8217;alumnat, proposava una jornada lectiva diferent: contacte&hellip;  <a href=\"https:\/\/agora.xtec.cat\/ins-sagulla\/eso\/contra-el-desanim-educacio-en-lentorn\/\" title=\"Read Contra el des\u00e0nim, educaci\u00f3 en l&#8217;entorn!\">Llegeix m\u00e9s\u00bb<\/a><\/p>\n","protected":false},"author":1,"featured_media":2089,"comment_status":"open","ping_status":"closed","sticky":false,"template":"","format":"standard","meta":{"_bbp_topic_count":0,"_bbp_reply_count":0,"_bbp_total_topic_count":0,"_bbp_total_reply_count":0,"_bbp_voice_count":0,"_bbp_anonymous_reply_count":0,"_bbp_topic_count_hidden":0,"_bbp_reply_count_hidden":0,"_bbp_forum_subforum_count":0,"footnotes":""},"categories":[3,313,4,311,309,29,308],"tags":[291,314,315,292,284,237,293,177],"class_list":["post-1452","post","type-post","status-publish","format-standard","has-post-thumbnail","hentry","category-eso","category-ciencies-socials","category-eso-1","category-expressio","category-llengua-catalana","category-portada","category-tecnologia","tag-entorn","tag-esmorzar-saludable","tag-habits-saludables","tag-natura","tag-palafolls","tag-sortida","tag-territori","tag-tutoria"],"post_mailing_queue_ids":[],"_links":{"self":[{"href":"https:\/\/agora.xtec.cat\/ins-sagulla\/wp-json\/wp\/v2\/posts\/1452","targetHints":{"allow":["GET"]}}],"collection":[{"href":"https:\/\/agora.xtec.cat\/ins-sagulla\/wp-json\/wp\/v2\/posts"}],"about":[{"href":"https:\/\/agora.xtec.cat\/ins-sagulla\/wp-json\/wp\/v2\/types\/post"}],"author":[{"embeddable":true,"href":"https:\/\/agora.xtec.cat\/ins-sagulla\/wp-json\/wp\/v2\/users\/1"}],"replies":[{"embeddable":true,"href":"https:\/\/agora.xtec.cat\/ins-sagulla\/wp-json\/wp\/v2\/comments?post=1452"}],"version-history":[{"count":4,"href":"https:\/\/agora.xtec.cat\/ins-sagulla\/wp-json\/wp\/v2\/posts\/1452\/revisions"}],"predecessor-version":[{"id":2091,"href":"https:\/\/agora.xtec.cat\/ins-sagulla\/wp-json\/wp\/v2\/posts\/1452\/revisions\/2091"}],"wp:featuredmedia":[{"embeddable":true,"href":"https:\/\/agora.xtec.cat\/ins-sagulla\/wp-json\/wp\/v2\/media\/2089"}],"wp:attachment":[{"href":"https:\/\/agora.xtec.cat\/ins-sagulla\/wp-json\/wp\/v2\/media?parent=1452"}],"wp:term":[{"taxonomy":"category","embeddable":true,"href":"https:\/\/agora.xtec.cat\/ins-sagulla\/wp-json\/wp\/v2\/categories?post=1452"},{"taxonomy":"post_tag","embeddable":true,"href":"https:\/\/agora.xtec.cat\/ins-sagulla\/wp-json\/wp\/v2\/tags?post=1452"}],"curies":[{"name":"wp","href":"https:\/\/api.w.org\/{rel}","templated":true}]}}