{"id":1349,"date":"2020-12-02T18:24:36","date_gmt":"2020-12-02T17:24:36","guid":{"rendered":"https:\/\/agora.xtec.cat\/ies-sagulla\/?p=1349"},"modified":"2021-01-07T12:38:31","modified_gmt":"2021-01-07T11:38:31","slug":"lhort-a-laula","status":"publish","type":"post","link":"https:\/\/agora.xtec.cat\/ins-sagulla\/general\/lhort-a-laula\/","title":{"rendered":"L&#8217;hort a l&#8217;aula"},"content":{"rendered":"<p>L\u2019alumnat de 4rt d&#8217;ESO de l&#8217;itinerari tecnol\u00f2gic (TEC 1 i TEC 2) han dut a terme una activitat ben especial aquesta setmana, aprofitant la multitud de possibilitats que ofereix el pati del centre.<\/p>\n<p><span lang=\"ca-ES\">En aquest cas, han volgut que l\u2019hort de l&#8217;Institut els serv\u00eds d&#8217;ajuda per a realitzar una activitat pr\u00e0ctica. Aquesta ha consistit en dibuixar un croquis de la planta de l&#8217;hort, de forma trapezo\u00efdal; posteriorment, han pres mesures amb la cinta m\u00e8trica i, finalment, han acotat el dibuix.<\/span><\/p>\n<p><span lang=\"ca-ES\">Una din\u00e0mica que ha sigut molt ben rebuda per part dels nois i noies d\u2019aquest itinerari que, a m\u00e9s a m\u00e9s, han pogut gaudir del bon temps que ha fet els darrers dies de setembre a Blanes.<\/span><\/p>\n<p><em>Merc\u00e8 Mundet<br \/>\nDepartament de Tecnologia<\/em><\/p>\n<p><a href=\"https:\/\/agora.xtec.cat\/ies-sagulla\/wp-content\/uploads\/usu2114\/2020\/12\/editanda_merc\u00e8.jpg\"><img loading=\"lazy\" decoding=\"async\" class=\"alignnone  wp-image-1363\" src=\"https:\/\/agora.xtec.cat\/ies-sagulla\/wp-content\/uploads\/usu2114\/2020\/12\/editanda_merc\u00e8-300x182.jpg\" alt=\"\" width=\"425\" height=\"258\" srcset=\"https:\/\/agora.xtec.cat\/ins-sagulla\/wp-content\/uploads\/usu2114\/2020\/12\/editanda_merc\u00e8-300x182.jpg 300w, https:\/\/agora.xtec.cat\/ins-sagulla\/wp-content\/uploads\/usu2114\/2020\/12\/editanda_merc\u00e8-768x466.jpg 768w, https:\/\/agora.xtec.cat\/ins-sagulla\/wp-content\/uploads\/usu2114\/2020\/12\/editanda_merc\u00e8-1024x621.jpg 1024w, https:\/\/agora.xtec.cat\/ins-sagulla\/wp-content\/uploads\/usu2114\/2020\/12\/editanda_merc\u00e8.jpg 1073w\" sizes=\"auto, (max-width: 425px) 100vw, 425px\" \/><\/a><\/p>\n","protected":false},"excerpt":{"rendered":"<p>L\u2019alumnat de 4rt d&#8217;ESO de l&#8217;itinerari tecnol\u00f2gic (TEC 1 i TEC 2) han dut a terme una activitat ben especial aquesta setmana, aprofitant la multitud de possibilitats que ofereix el pati del centre.<br \/>\nEn aquest cas, han volgut que l\u2019hort de l&#8217;Institut els serv\u00eds d&#8217;ajuda per&hellip;  <a href=\"https:\/\/agora.xtec.cat\/ins-sagulla\/general\/lhort-a-laula\/\" title=\"Read L&#8217;hort a l&#8217;aula\">Llegeix m\u00e9s\u00bb<\/a><\/p>\n","protected":false},"author":1,"featured_media":1362,"comment_status":"open","ping_status":"closed","sticky":false,"template":"","format":"standard","meta":{"_bbp_topic_count":0,"_bbp_reply_count":0,"_bbp_total_topic_count":0,"_bbp_total_reply_count":0,"_bbp_voice_count":0,"_bbp_anonymous_reply_count":0,"_bbp_topic_count_hidden":0,"_bbp_reply_count_hidden":0,"_bbp_forum_subforum_count":0,"footnotes":""},"categories":[7,1,317,29,308],"tags":[241,240,242],"class_list":["post-1349","post","type-post","status-publish","format-standard","has-post-thumbnail","hentry","category-eso-4","category-general","category-lhort","category-portada","category-tecnologia","tag-croquis","tag-hort","tag-planol"],"post_mailing_queue_ids":[],"_links":{"self":[{"href":"https:\/\/agora.xtec.cat\/ins-sagulla\/wp-json\/wp\/v2\/posts\/1349","targetHints":{"allow":["GET"]}}],"collection":[{"href":"https:\/\/agora.xtec.cat\/ins-sagulla\/wp-json\/wp\/v2\/posts"}],"about":[{"href":"https:\/\/agora.xtec.cat\/ins-sagulla\/wp-json\/wp\/v2\/types\/post"}],"author":[{"embeddable":true,"href":"https:\/\/agora.xtec.cat\/ins-sagulla\/wp-json\/wp\/v2\/users\/1"}],"replies":[{"embeddable":true,"href":"https:\/\/agora.xtec.cat\/ins-sagulla\/wp-json\/wp\/v2\/comments?post=1349"}],"version-history":[{"count":3,"href":"https:\/\/agora.xtec.cat\/ins-sagulla\/wp-json\/wp\/v2\/posts\/1349\/revisions"}],"predecessor-version":[{"id":1355,"href":"https:\/\/agora.xtec.cat\/ins-sagulla\/wp-json\/wp\/v2\/posts\/1349\/revisions\/1355"}],"wp:featuredmedia":[{"embeddable":true,"href":"https:\/\/agora.xtec.cat\/ins-sagulla\/wp-json\/wp\/v2\/media\/1362"}],"wp:attachment":[{"href":"https:\/\/agora.xtec.cat\/ins-sagulla\/wp-json\/wp\/v2\/media?parent=1349"}],"wp:term":[{"taxonomy":"category","embeddable":true,"href":"https:\/\/agora.xtec.cat\/ins-sagulla\/wp-json\/wp\/v2\/categories?post=1349"},{"taxonomy":"post_tag","embeddable":true,"href":"https:\/\/agora.xtec.cat\/ins-sagulla\/wp-json\/wp\/v2\/tags?post=1349"}],"curies":[{"name":"wp","href":"https:\/\/api.w.org\/{rel}","templated":true}]}}