{"id":1333,"date":"2020-11-27T10:59:27","date_gmt":"2020-11-27T09:59:27","guid":{"rendered":"https:\/\/agora.xtec.cat\/ies-sagulla\/?p=1333"},"modified":"2020-12-26T00:07:33","modified_gmt":"2020-12-25T23:07:33","slug":"lalumnat-del-pdc-repren-lactivitat-a-lhort","status":"publish","type":"post","link":"https:\/\/agora.xtec.cat\/ins-sagulla\/general\/lalumnat-del-pdc-repren-lactivitat-a-lhort\/","title":{"rendered":"L&#8217;alumnat del PDC repr\u00e8n l&#8217;activitat a l&#8217;hort!"},"content":{"rendered":"<p>Aquest curs l\u2019Institut S\u2019Agulla podr\u00e0 comptar novament amb el seu hort i aix\u00f2 ser\u00e0 gr\u00e0cies a les tasques que realitzar\u00e0 l\u2019alumnat del centre en col\u00b7laboraci\u00f3 amb el Departament de Tecnologia.<\/p>\n<p>Els primers en iniciar les tasques de recuperaci\u00f3 d\u2019aquest espai \u00fanic, situat a la zona dels pins del centre, ha sigut l\u2019alumnat de 3r i 4t de PDC. Un cop a la setmana, aquests nois i noies treballaran de valent perqu\u00e8 ben aviat tothom pugui gaudir d\u2019aquest espai \u00fanic situat a la zona dels pins del centre.<\/p>\n<p>Durant una primera sessi\u00f3, s&#8217;han dedicat a retirar aquelles plantes seques a causa de la manca de rec. Afortunadament, s\u2019han pogut salvar algunes cabeces d&#8217;all! A banda, el grup d\u2019alumnes tamb\u00e9 ha netejat, fent l\u2019\u00fas de l\u2019aixada o xapo i tamb\u00e9 el rastrell, les herbes crescudes de manera espont\u00e0nia des del mes de mar\u00e7, quan el centre va haver de tancar.<\/p>\n<p>D\u2019aquesta manera, l&#8217;hort ja estar\u00e0 preparat per a la seg\u00fcent fase: passar el motocultor.<\/p>\n<p>Per cert, mentre feien els treballs, han pogut observar diferents animalons que viuen a l&#8217;hort: dimoniets, sargantanes i, fins i tot, un eixam de vespes!<\/p>\n<p><a href=\"https:\/\/agora.xtec.cat\/ies-sagulla\/wp-content\/uploads\/usu2114\/2020\/11\/sargantana.jpg\"><img loading=\"lazy\" decoding=\"async\" class=\"alignnone size-large wp-image-1334\" src=\"https:\/\/agora.xtec.cat\/ies-sagulla\/wp-content\/uploads\/usu2114\/2020\/11\/sargantana-1024x768.jpg\" alt=\"\" width=\"1024\" height=\"768\" srcset=\"https:\/\/agora.xtec.cat\/ins-sagulla\/wp-content\/uploads\/usu2114\/2020\/11\/sargantana-1024x768.jpg 1024w, https:\/\/agora.xtec.cat\/ins-sagulla\/wp-content\/uploads\/usu2114\/2020\/11\/sargantana-300x225.jpg 300w, https:\/\/agora.xtec.cat\/ins-sagulla\/wp-content\/uploads\/usu2114\/2020\/11\/sargantana-768x576.jpg 768w, https:\/\/agora.xtec.cat\/ins-sagulla\/wp-content\/uploads\/usu2114\/2020\/11\/sargantana-200x150.jpg 200w, https:\/\/agora.xtec.cat\/ins-sagulla\/wp-content\/uploads\/usu2114\/2020\/11\/sargantana.jpg 1051w\" sizes=\"auto, (max-width: 1024px) 100vw, 1024px\" \/><\/a><\/p>\n<p>Merc\u00e8 Mundet<\/p>\n<p>Departament de Tecnologia<\/p>\n","protected":false},"excerpt":{"rendered":"<p>Aquest curs l\u2019Institut S\u2019Agulla podr\u00e0 comptar novament amb el seu hort i aix\u00f2 ser\u00e0 gr\u00e0cies a les tasques que realitzar\u00e0 l\u2019alumnat del centre en col\u00b7laboraci\u00f3 amb el Departament de Tecnologia.<br \/>\nEls primers en iniciar les tasques de recuperaci\u00f3 d\u2019aquest espai \u00fanic, situat a la zona dels&hellip;  <a href=\"https:\/\/agora.xtec.cat\/ins-sagulla\/general\/lalumnat-del-pdc-repren-lactivitat-a-lhort\/\" title=\"Read L&#8217;alumnat del PDC repr\u00e8n l&#8217;activitat a l&#8217;hort!\">Llegeix m\u00e9s\u00bb<\/a><\/p>\n","protected":false},"author":1,"featured_media":1334,"comment_status":"open","ping_status":"closed","sticky":false,"template":"","format":"standard","meta":{"_bbp_topic_count":0,"_bbp_reply_count":0,"_bbp_total_topic_count":0,"_bbp_total_reply_count":0,"_bbp_voice_count":0,"_bbp_anonymous_reply_count":0,"_bbp_topic_count_hidden":0,"_bbp_reply_count_hidden":0,"_bbp_forum_subforum_count":0,"footnotes":""},"categories":[3,1,317,29,159,308],"tags":[240],"class_list":["post-1333","post","type-post","status-publish","format-standard","has-post-thumbnail","hentry","category-eso","category-general","category-lhort","category-portada","category-pdc","category-tecnologia","tag-hort"],"post_mailing_queue_ids":[],"_links":{"self":[{"href":"https:\/\/agora.xtec.cat\/ins-sagulla\/wp-json\/wp\/v2\/posts\/1333","targetHints":{"allow":["GET"]}}],"collection":[{"href":"https:\/\/agora.xtec.cat\/ins-sagulla\/wp-json\/wp\/v2\/posts"}],"about":[{"href":"https:\/\/agora.xtec.cat\/ins-sagulla\/wp-json\/wp\/v2\/types\/post"}],"author":[{"embeddable":true,"href":"https:\/\/agora.xtec.cat\/ins-sagulla\/wp-json\/wp\/v2\/users\/1"}],"replies":[{"embeddable":true,"href":"https:\/\/agora.xtec.cat\/ins-sagulla\/wp-json\/wp\/v2\/comments?post=1333"}],"version-history":[{"count":3,"href":"https:\/\/agora.xtec.cat\/ins-sagulla\/wp-json\/wp\/v2\/posts\/1333\/revisions"}],"predecessor-version":[{"id":1337,"href":"https:\/\/agora.xtec.cat\/ins-sagulla\/wp-json\/wp\/v2\/posts\/1333\/revisions\/1337"}],"wp:featuredmedia":[{"embeddable":true,"href":"https:\/\/agora.xtec.cat\/ins-sagulla\/wp-json\/wp\/v2\/media\/1334"}],"wp:attachment":[{"href":"https:\/\/agora.xtec.cat\/ins-sagulla\/wp-json\/wp\/v2\/media?parent=1333"}],"wp:term":[{"taxonomy":"category","embeddable":true,"href":"https:\/\/agora.xtec.cat\/ins-sagulla\/wp-json\/wp\/v2\/categories?post=1333"},{"taxonomy":"post_tag","embeddable":true,"href":"https:\/\/agora.xtec.cat\/ins-sagulla\/wp-json\/wp\/v2\/tags?post=1333"}],"curies":[{"name":"wp","href":"https:\/\/api.w.org\/{rel}","templated":true}]}}