{"id":1305,"date":"2020-12-02T18:51:44","date_gmt":"2020-12-02T17:51:44","guid":{"rendered":"https:\/\/agora.xtec.cat\/ies-sagulla\/?p=1305"},"modified":"2021-09-10T16:08:15","modified_gmt":"2021-09-10T14:08:15","slug":"reunions-i-presentacions-dinici-de-curs","status":"publish","type":"post","link":"https:\/\/agora.xtec.cat\/ins-sagulla\/general\/reunions-i-presentacions-dinici-de-curs\/","title":{"rendered":"Reunions i presentacions d&#8217;inici de curs"},"content":{"rendered":"<p>Us informem de les dates i horaris de les reunions entre fam\u00edlies i tutors pel que fa a l&#8217;inici de curs.<\/p>\n<p>Per la situaci\u00f3 actual, nom\u00e9s podr\u00e0 venir una persona representant de cada alumne\/a a les reunions, que es realitzaran per grup classe.<\/p>\n<p>El el seg\u00fcent document tamb\u00e9 podreu veure els horaris de les presentacions per a l&#8217;alumnat del primer dia de curs.<\/p>\n<p>Recordeu que l&#8217;\u00fas de la <strong>mascareta a l&#8217;Institut ser\u00e0 obligatori<\/strong>.<\/p>\n<p><a href=\"https:\/\/agora.xtec.cat\/ies-sagulla\/wp-content\/uploads\/usu2114\/2020\/11\/PRESENTACI\u00d3-MARES-I-PARES.pdf\">Presentaci\u00f3 fam\u00edlies inici de curs 2020-21<\/a><\/p>\n","protected":false},"excerpt":{"rendered":"<p>Us informem de les dates i horaris de les reunions entre fam\u00edlies i tutors pel que fa a l&#8217;inici de curs.<br \/>\nPer la situaci\u00f3 actual, nom\u00e9s podr\u00e0 venir una persona representant de cada alumne\/a a les reunions, que es realitzaran per grup classe.<br \/>\nEl el seg\u00fcent document&hellip;  <a href=\"https:\/\/agora.xtec.cat\/ins-sagulla\/general\/reunions-i-presentacions-dinici-de-curs\/\" title=\"Read Reunions i presentacions d&#8217;inici de curs\">Llegeix m\u00e9s\u00bb<\/a><\/p>\n","protected":false},"author":1,"featured_media":0,"comment_status":"closed","ping_status":"closed","sticky":false,"template":"","format":"standard","meta":{"_bbp_topic_count":0,"_bbp_reply_count":0,"_bbp_total_topic_count":0,"_bbp_total_reply_count":0,"_bbp_voice_count":0,"_bbp_anonymous_reply_count":0,"_bbp_topic_count_hidden":0,"_bbp_reply_count_hidden":0,"_bbp_forum_subforum_count":0,"footnotes":""},"categories":[8,3,30,209,168,1,213,214],"tags":[143,208,131,227,133,226],"class_list":["post-1305","post","type-post","status-publish","format-standard","hentry","category-batxillerat","category-eso","category-cicles-formatius","category-covid-19","category-documents","category-general","category-grau-mitja","category-grau-superior","tag-batxillerat","tag-cicles","tag-eso","tag-inici","tag-presentacio","tag-reunio"],"post_mailing_queue_ids":[],"_links":{"self":[{"href":"https:\/\/agora.xtec.cat\/ins-sagulla\/wp-json\/wp\/v2\/posts\/1305","targetHints":{"allow":["GET"]}}],"collection":[{"href":"https:\/\/agora.xtec.cat\/ins-sagulla\/wp-json\/wp\/v2\/posts"}],"about":[{"href":"https:\/\/agora.xtec.cat\/ins-sagulla\/wp-json\/wp\/v2\/types\/post"}],"author":[{"embeddable":true,"href":"https:\/\/agora.xtec.cat\/ins-sagulla\/wp-json\/wp\/v2\/users\/1"}],"replies":[{"embeddable":true,"href":"https:\/\/agora.xtec.cat\/ins-sagulla\/wp-json\/wp\/v2\/comments?post=1305"}],"version-history":[{"count":3,"href":"https:\/\/agora.xtec.cat\/ins-sagulla\/wp-json\/wp\/v2\/posts\/1305\/revisions"}],"predecessor-version":[{"id":1413,"href":"https:\/\/agora.xtec.cat\/ins-sagulla\/wp-json\/wp\/v2\/posts\/1305\/revisions\/1413"}],"wp:attachment":[{"href":"https:\/\/agora.xtec.cat\/ins-sagulla\/wp-json\/wp\/v2\/media?parent=1305"}],"wp:term":[{"taxonomy":"category","embeddable":true,"href":"https:\/\/agora.xtec.cat\/ins-sagulla\/wp-json\/wp\/v2\/categories?post=1305"},{"taxonomy":"post_tag","embeddable":true,"href":"https:\/\/agora.xtec.cat\/ins-sagulla\/wp-json\/wp\/v2\/tags?post=1305"}],"curies":[{"name":"wp","href":"https:\/\/api.w.org\/{rel}","templated":true}]}}