{"id":1303,"date":"2020-11-20T10:49:30","date_gmt":"2020-11-20T09:49:30","guid":{"rendered":"https:\/\/agora.xtec.cat\/ies-sagulla\/?p=1303"},"modified":"2020-11-20T10:50:08","modified_gmt":"2020-11-20T09:50:08","slug":"ajornat-el-funeral-del-company-francesc-ponsdomenech","status":"publish","type":"post","link":"https:\/\/agora.xtec.cat\/ins-sagulla\/general\/ajornat-el-funeral-del-company-francesc-ponsdomenech\/","title":{"rendered":"Ajornat el funeral del company Francesc Ponsdom\u00e8nech"},"content":{"rendered":"<p>Nota informativa de Direcci\u00f3:<\/p>\n<p>El funeral previst per dem\u00e0 a les 18 hores a la parr\u00f2quia Santa Maria de Blanes pel company Francesc Ponsdom\u00e8nech s&#8217;ha ajornat per problemes de salut familiar. Quan hi hagi nova data ho comunicarem de nou.<\/p>\n","protected":false},"excerpt":{"rendered":"<p>Nota informativa de Direcci\u00f3:<br \/>\nEl funeral previst per dem\u00e0 a les 18 hores a la parr\u00f2quia Santa Maria de Blanes pel company Francesc Ponsdom\u00e8nech s&#8217;ha ajornat per problemes de salut familiar. Quan hi hagi nova data ho comunicarem de nou.<\/p>\n","protected":false},"author":1,"featured_media":0,"comment_status":"open","ping_status":"closed","sticky":false,"template":"","format":"standard","meta":{"_bbp_topic_count":0,"_bbp_reply_count":0,"_bbp_total_topic_count":0,"_bbp_total_reply_count":0,"_bbp_voice_count":0,"_bbp_anonymous_reply_count":0,"_bbp_topic_count_hidden":0,"_bbp_reply_count_hidden":0,"_bbp_forum_subforum_count":0,"footnotes":""},"categories":[1],"tags":[225,223,222,221,224],"class_list":["post-1303","post","type-post","status-publish","format-standard","hentry","category-general","tag-conserge","tag-francesc","tag-funeral","tag-mort","tag-ponsdomenech"],"post_mailing_queue_ids":[],"_links":{"self":[{"href":"https:\/\/agora.xtec.cat\/ins-sagulla\/wp-json\/wp\/v2\/posts\/1303","targetHints":{"allow":["GET"]}}],"collection":[{"href":"https:\/\/agora.xtec.cat\/ins-sagulla\/wp-json\/wp\/v2\/posts"}],"about":[{"href":"https:\/\/agora.xtec.cat\/ins-sagulla\/wp-json\/wp\/v2\/types\/post"}],"author":[{"embeddable":true,"href":"https:\/\/agora.xtec.cat\/ins-sagulla\/wp-json\/wp\/v2\/users\/1"}],"replies":[{"embeddable":true,"href":"https:\/\/agora.xtec.cat\/ins-sagulla\/wp-json\/wp\/v2\/comments?post=1303"}],"version-history":[{"count":3,"href":"https:\/\/agora.xtec.cat\/ins-sagulla\/wp-json\/wp\/v2\/posts\/1303\/revisions"}],"predecessor-version":[{"id":1317,"href":"https:\/\/agora.xtec.cat\/ins-sagulla\/wp-json\/wp\/v2\/posts\/1303\/revisions\/1317"}],"wp:attachment":[{"href":"https:\/\/agora.xtec.cat\/ins-sagulla\/wp-json\/wp\/v2\/media?parent=1303"}],"wp:term":[{"taxonomy":"category","embeddable":true,"href":"https:\/\/agora.xtec.cat\/ins-sagulla\/wp-json\/wp\/v2\/categories?post=1303"},{"taxonomy":"post_tag","embeddable":true,"href":"https:\/\/agora.xtec.cat\/ins-sagulla\/wp-json\/wp\/v2\/tags?post=1303"}],"curies":[{"name":"wp","href":"https:\/\/api.w.org\/{rel}","templated":true}]}}