{"id":1300,"date":"2020-11-20T10:34:21","date_gmt":"2020-11-20T09:34:21","guid":{"rendered":"https:\/\/agora.xtec.cat\/ies-sagulla\/?p=1300"},"modified":"2020-11-20T11:33:23","modified_gmt":"2020-11-20T10:33:23","slug":"ens-deixa-en-francesc-ponsdomenech","status":"publish","type":"post","link":"https:\/\/agora.xtec.cat\/ins-sagulla\/general\/ens-deixa-en-francesc-ponsdomenech\/","title":{"rendered":"Ens deixa en Francesc Ponsdom\u00e8nech"},"content":{"rendered":"<p>En Francesc Ponsdom\u00e8nech ens ha deixat. La comunitat educativa del S&#8217;Agulla sent profundament la p\u00e8rdua del nostre company i conserge del centre, que\u00a0ens ha deixat aquesta setmana de manera sobtada per problemes de salut.<\/p>\n<p>Com a companys i companyes d&#8217;en Francesc, volem donar el nostre condol, i una emotiva abra\u00e7ada, a la seva fam\u00edlia, al temps que volem agra\u00efnt-los la feina que el Francesc ha fet al S&#8217;Agulla en els darrers anys i el bon record que perdurar\u00e0.<\/p>\n<p>El funeral ser\u00e0 dissabte dia 5 de setembre a les 18 hores a la parr\u00f2quia Santa Maria de Blanes.<\/p>\n<p><a href=\"https:\/\/agora.xtec.cat\/ies-sagulla\/wp-content\/uploads\/usu2114\/2020\/11\/francesc_.jpg\"><img loading=\"lazy\" decoding=\"async\" class=\"alignnone size-medium wp-image-1313\" src=\"https:\/\/agora.xtec.cat\/ies-sagulla\/wp-content\/uploads\/usu2114\/2020\/11\/francesc_-300x223.jpg\" alt=\"\" width=\"300\" height=\"223\" srcset=\"https:\/\/agora.xtec.cat\/ins-sagulla\/wp-content\/uploads\/usu2114\/2020\/11\/francesc_-300x223.jpg 300w, https:\/\/agora.xtec.cat\/ins-sagulla\/wp-content\/uploads\/usu2114\/2020\/11\/francesc_-768x571.jpg 768w, https:\/\/agora.xtec.cat\/ins-sagulla\/wp-content\/uploads\/usu2114\/2020\/11\/francesc_-200x150.jpg 200w, https:\/\/agora.xtec.cat\/ins-sagulla\/wp-content\/uploads\/usu2114\/2020\/11\/francesc_.jpg 818w\" sizes=\"auto, (max-width: 300px) 100vw, 300px\" \/><\/a><\/p>\n","protected":false},"excerpt":{"rendered":"<p>En Francesc Ponsdom\u00e8nech ens ha deixat. La comunitat educativa del S&#8217;Agulla sent profundament la p\u00e8rdua del nostre company i conserge del centre, que\u00a0ens ha deixat aquesta setmana de manera sobtada per problemes de salut.<br \/>\nCom a companys i companyes d&#8217;en Francesc, volem donar el nostre condol,&hellip;  <a href=\"https:\/\/agora.xtec.cat\/ins-sagulla\/general\/ens-deixa-en-francesc-ponsdomenech\/\" title=\"Read Ens deixa en Francesc Ponsdom\u00e8nech\">Llegeix m\u00e9s\u00bb<\/a><\/p>\n","protected":false},"author":1,"featured_media":1313,"comment_status":"open","ping_status":"closed","sticky":false,"template":"","format":"standard","meta":{"_bbp_topic_count":0,"_bbp_reply_count":0,"_bbp_total_topic_count":0,"_bbp_total_reply_count":0,"_bbp_voice_count":0,"_bbp_anonymous_reply_count":0,"_bbp_topic_count_hidden":0,"_bbp_reply_count_hidden":0,"_bbp_forum_subforum_count":0,"footnotes":""},"categories":[1,29],"tags":[225,223,222,224],"class_list":["post-1300","post","type-post","status-publish","format-standard","has-post-thumbnail","hentry","category-general","category-portada","tag-conserge","tag-francesc","tag-funeral","tag-ponsdomenech"],"post_mailing_queue_ids":[],"_links":{"self":[{"href":"https:\/\/agora.xtec.cat\/ins-sagulla\/wp-json\/wp\/v2\/posts\/1300","targetHints":{"allow":["GET"]}}],"collection":[{"href":"https:\/\/agora.xtec.cat\/ins-sagulla\/wp-json\/wp\/v2\/posts"}],"about":[{"href":"https:\/\/agora.xtec.cat\/ins-sagulla\/wp-json\/wp\/v2\/types\/post"}],"author":[{"embeddable":true,"href":"https:\/\/agora.xtec.cat\/ins-sagulla\/wp-json\/wp\/v2\/users\/1"}],"replies":[{"embeddable":true,"href":"https:\/\/agora.xtec.cat\/ins-sagulla\/wp-json\/wp\/v2\/comments?post=1300"}],"version-history":[{"count":3,"href":"https:\/\/agora.xtec.cat\/ins-sagulla\/wp-json\/wp\/v2\/posts\/1300\/revisions"}],"predecessor-version":[{"id":1314,"href":"https:\/\/agora.xtec.cat\/ins-sagulla\/wp-json\/wp\/v2\/posts\/1300\/revisions\/1314"}],"wp:featuredmedia":[{"embeddable":true,"href":"https:\/\/agora.xtec.cat\/ins-sagulla\/wp-json\/wp\/v2\/media\/1313"}],"wp:attachment":[{"href":"https:\/\/agora.xtec.cat\/ins-sagulla\/wp-json\/wp\/v2\/media?parent=1300"}],"wp:term":[{"taxonomy":"category","embeddable":true,"href":"https:\/\/agora.xtec.cat\/ins-sagulla\/wp-json\/wp\/v2\/categories?post=1300"},{"taxonomy":"post_tag","embeddable":true,"href":"https:\/\/agora.xtec.cat\/ins-sagulla\/wp-json\/wp\/v2\/tags?post=1300"}],"curies":[{"name":"wp","href":"https:\/\/api.w.org\/{rel}","templated":true}]}}