{"id":1134,"date":"2020-07-23T17:20:01","date_gmt":"2020-07-23T15:20:01","guid":{"rendered":"https:\/\/agora.xtec.cat\/ies-sagulla\/?p=1134"},"modified":"2020-07-28T19:06:20","modified_gmt":"2020-07-28T17:06:20","slug":"pla-dorganitzacio-obertura-curs-2020-2021","status":"publish","type":"post","link":"https:\/\/agora.xtec.cat\/ins-sagulla\/portada\/pla-dorganitzacio-obertura-curs-2020-2021\/","title":{"rendered":"Pla d&#8217;organitzaci\u00f3 d&#8217;obertura del curs 2020-2021"},"content":{"rendered":"<p><a href=\"https:\/\/agora.xtec.cat\/ies-sagulla\/wp-content\/uploads\/usu2114\/2020\/07\/Logotip-i-t\u00edtols-PORTADA-4-e1595953182508.png\"><img loading=\"lazy\" decoding=\"async\" class=\"alignnone size-large wp-image-1139\" src=\"https:\/\/agora.xtec.cat\/ies-sagulla\/wp-content\/uploads\/usu2114\/2020\/07\/Logotip-i-t\u00edtols-PORTADA-4-e1595953182508-1024x276.png\" alt=\"\" width=\"1024\" height=\"276\" srcset=\"https:\/\/agora.xtec.cat\/ins-sagulla\/wp-content\/uploads\/usu2114\/2020\/07\/Logotip-i-t\u00edtols-PORTADA-4-e1595953182508-1024x276.png 1024w, https:\/\/agora.xtec.cat\/ins-sagulla\/wp-content\/uploads\/usu2114\/2020\/07\/Logotip-i-t\u00edtols-PORTADA-4-e1595953182508-300x81.png 300w, https:\/\/agora.xtec.cat\/ins-sagulla\/wp-content\/uploads\/usu2114\/2020\/07\/Logotip-i-t\u00edtols-PORTADA-4-e1595953182508-768x207.png 768w, https:\/\/agora.xtec.cat\/ins-sagulla\/wp-content\/uploads\/usu2114\/2020\/07\/Logotip-i-t\u00edtols-PORTADA-4-e1595953182508.png 1500w\" sizes=\"auto, (max-width: 1024px) 100vw, 1024px\" \/><\/a><\/p>\n<p>S&#8217;ha elaborat la primera versi\u00f3 del <strong>Pla d&#8217;Organitzaci\u00f3 per a l&#8217;obertura de l&#8217;Institut S&#8217;Agulla<\/strong> seguint les recomanacions del departament d&#8217;Educaci\u00f3 en el marc de la pand\u00e8mia per COVID-19.<\/p>\n<p>Aquesta versi\u00f3 \u00e9s provisional, t\u00e9 el vist-i-plau de la inspecci\u00f3 educativa i s&#8217;aprovar\u00e0 durant el mes de setembre en Consell Escolar quan els horaris siguin definitius.<\/p>\n<p><a href=\"https:\/\/agora.xtec.cat\/ies-sagulla\/wp-content\/uploads\/usu2114\/2020\/07\/1344_PLA-DACTUACI\u00d320-21-VERSI\u00d3-WEB.pdf\">1344_PLA D&#8217;ACTUACI\u00d320-21 VERSI\u00d3 WEB<\/a><\/p>\n","protected":false},"excerpt":{"rendered":"<p><a href=\"https:\/\/agora.xtec.cat\/ies-sagulla\/wp-content\/uploads\/usu2114\/2020\/07\/Logotip-i-t\u00edtols-PORTADA-4-e1595953182508.png\"><\/a><br \/>\nS&#8217;ha elaborat la primera versi\u00f3 del Pla d&#8217;Organitzaci\u00f3 per a l&#8217;obertura de l&#8217;Institut S&#8217;Agulla seguint les recomanacions del departament d&#8217;Educaci\u00f3 en el marc de la pand\u00e8mia per COVID-19.<br \/>\nAquesta versi\u00f3 \u00e9s provisional, t\u00e9 el vist-i-plau de la inspecci\u00f3 educativa i s&#8217;aprovar\u00e0 durant el mes de&hellip;  <a href=\"https:\/\/agora.xtec.cat\/ins-sagulla\/portada\/pla-dorganitzacio-obertura-curs-2020-2021\/\" title=\"Read Pla d&#8217;organitzaci\u00f3 d&#8217;obertura del curs 2020-2021\">Llegeix m\u00e9s\u00bb<\/a><\/p>\n","protected":false},"author":1,"featured_media":1139,"comment_status":"open","ping_status":"closed","sticky":false,"template":"","format":"standard","meta":{"_bbp_topic_count":0,"_bbp_reply_count":0,"_bbp_total_topic_count":0,"_bbp_total_reply_count":0,"_bbp_voice_count":0,"_bbp_anonymous_reply_count":0,"_bbp_topic_count_hidden":0,"_bbp_reply_count_hidden":0,"_bbp_forum_subforum_count":0,"footnotes":""},"categories":[209,29],"tags":[173,210],"class_list":["post-1134","post","type-post","status-publish","format-standard","has-post-thumbnail","hentry","category-covid-19","category-portada","tag-curs-2020-2021","tag-obertura"],"post_mailing_queue_ids":[],"_links":{"self":[{"href":"https:\/\/agora.xtec.cat\/ins-sagulla\/wp-json\/wp\/v2\/posts\/1134","targetHints":{"allow":["GET"]}}],"collection":[{"href":"https:\/\/agora.xtec.cat\/ins-sagulla\/wp-json\/wp\/v2\/posts"}],"about":[{"href":"https:\/\/agora.xtec.cat\/ins-sagulla\/wp-json\/wp\/v2\/types\/post"}],"author":[{"embeddable":true,"href":"https:\/\/agora.xtec.cat\/ins-sagulla\/wp-json\/wp\/v2\/users\/1"}],"replies":[{"embeddable":true,"href":"https:\/\/agora.xtec.cat\/ins-sagulla\/wp-json\/wp\/v2\/comments?post=1134"}],"version-history":[{"count":3,"href":"https:\/\/agora.xtec.cat\/ins-sagulla\/wp-json\/wp\/v2\/posts\/1134\/revisions"}],"predecessor-version":[{"id":1178,"href":"https:\/\/agora.xtec.cat\/ins-sagulla\/wp-json\/wp\/v2\/posts\/1134\/revisions\/1178"}],"wp:featuredmedia":[{"embeddable":true,"href":"https:\/\/agora.xtec.cat\/ins-sagulla\/wp-json\/wp\/v2\/media\/1139"}],"wp:attachment":[{"href":"https:\/\/agora.xtec.cat\/ins-sagulla\/wp-json\/wp\/v2\/media?parent=1134"}],"wp:term":[{"taxonomy":"category","embeddable":true,"href":"https:\/\/agora.xtec.cat\/ins-sagulla\/wp-json\/wp\/v2\/categories?post=1134"},{"taxonomy":"post_tag","embeddable":true,"href":"https:\/\/agora.xtec.cat\/ins-sagulla\/wp-json\/wp\/v2\/tags?post=1134"}],"curies":[{"name":"wp","href":"https:\/\/api.w.org\/{rel}","templated":true}]}}