{"id":1127,"date":"2020-07-19T18:06:49","date_gmt":"2020-07-19T16:06:49","guid":{"rendered":"https:\/\/agora.xtec.cat\/ies-sagulla\/?p=1127"},"modified":"2020-07-28T18:47:59","modified_gmt":"2020-07-28T16:47:59","slug":"premis-treballs-de-recerca-ajuntament-de-blanes","status":"publish","type":"post","link":"https:\/\/agora.xtec.cat\/ins-sagulla\/batxillerat\/premis-treballs-de-recerca-ajuntament-de-blanes\/","title":{"rendered":"Gael Mor\u00f3n i Irene S\u00e1nchez, millors Treballs de Recerca del S&#8217;Agulla"},"content":{"rendered":"<p>Els alumnes de 2n de Batxillerat Gael Mor\u00f3n i Irene S\u00e1nchez van ser premiats el passat 11 de juliol en l&#8217;acte de lliurament dels Premis dels Treballs de Recerca que, per motius de seguretat, va tenir lloc enguany al gimn\u00e0s de l\u2019Institut Serrallarga.<\/p>\n<p>Aquest guard\u00f3, que\u00a0atorga l\u2019Ajuntament de Blanes, premia els dos millors treballs dels instituts blanencs. Gael Mor\u00f3n va rebre el primer premi, valorat amb 500\u20ac, pel seu treball\u00a0<em>\u201cDel silenci a la m\u00fasica&#8221;<\/em>. Per la seva part, Irene S\u00e1nchez va obtenir el segon premi, valorat amb 300\u20ac, per\u00a0\u201c<em>Estudi de la globalitzaci\u00f3 de la moda i les seves respectives repercussions en la consumici\u00f3 de la poblaci\u00f3\u201d. <\/em>Finalment, Neus Garc\u00eda Merino va obtenir una menci\u00f3 i un diploma.<\/p>\n<p>L&#8217;acte de lliurament de premis, condu\u00eft pel nostre director, Josep Hern\u00e1ndez, va comptar amb la pres\u00e8ncia de l&#8217;alcalde de Blanes, \u00c0ngel Canosa, aix\u00ed com de representants dels grups pol\u00edtics de la ciutat i de la comunitat educativa, com els directors de l&#8217;Institut Serrallarga i del Sa Palomera, Rub\u00e9n Fern\u00e1ndez i Jordi Caseny; Farners Dan\u00e9s, tutora del treball de la Irene S\u00e1nchez, i M. Jos\u00e9 Taranc\u00f3n, coordinadora de Batxillerat del S&#8217;Agulla.<\/p>\n<p>&nbsp;<\/p>\n<div><\/div>\n<div><a href=\"https:\/\/agora.xtec.cat\/ies-sagulla\/wp-content\/uploads\/usu2114\/2020\/07\/dsc_0069-1.jpg\"><img loading=\"lazy\" decoding=\"async\" class=\"alignnone size-large wp-image-1130\" src=\"https:\/\/agora.xtec.cat\/ies-sagulla\/wp-content\/uploads\/usu2114\/2020\/07\/dsc_0069-1-1024x769.jpg\" alt=\"\" width=\"1024\" height=\"769\" \/><\/a><\/div>\n","protected":false},"excerpt":{"rendered":"<p>Els alumnes de 2n de Batxillerat Gael Mor\u00f3n i Irene S\u00e1nchez van ser premiats el passat 11 de juliol en l&#8217;acte de lliurament dels Premis dels Treballs de Recerca que, per motius de seguretat, va tenir lloc enguany al gimn\u00e0s de l\u2019Institut Serrallarga.<br \/>\nAquest guard\u00f3, que\u00a0atorga&hellip;  <a href=\"https:\/\/agora.xtec.cat\/ins-sagulla\/batxillerat\/premis-treballs-de-recerca-ajuntament-de-blanes\/\" title=\"Read Gael Mor\u00f3n i Irene S\u00e1nchez, millors Treballs de Recerca del S&#8217;Agulla\">Llegeix m\u00e9s\u00bb<\/a><\/p>\n","protected":false},"author":1,"featured_media":1130,"comment_status":"open","ping_status":"closed","sticky":false,"template":"","format":"standard","meta":{"_bbp_topic_count":0,"_bbp_reply_count":0,"_bbp_total_topic_count":0,"_bbp_total_reply_count":0,"_bbp_voice_count":0,"_bbp_anonymous_reply_count":0,"_bbp_topic_count_hidden":0,"_bbp_reply_count_hidden":0,"_bbp_forum_subforum_count":0,"footnotes":""},"categories":[8,29],"tags":[205,206,204],"class_list":["post-1127","post","type-post","status-publish","format-standard","has-post-thumbnail","hentry","category-batxillerat","category-portada","tag-ajuntament-de-blanes","tag-premi","tag-treball-de-recerca"],"post_mailing_queue_ids":[],"_links":{"self":[{"href":"https:\/\/agora.xtec.cat\/ins-sagulla\/wp-json\/wp\/v2\/posts\/1127","targetHints":{"allow":["GET"]}}],"collection":[{"href":"https:\/\/agora.xtec.cat\/ins-sagulla\/wp-json\/wp\/v2\/posts"}],"about":[{"href":"https:\/\/agora.xtec.cat\/ins-sagulla\/wp-json\/wp\/v2\/types\/post"}],"author":[{"embeddable":true,"href":"https:\/\/agora.xtec.cat\/ins-sagulla\/wp-json\/wp\/v2\/users\/1"}],"replies":[{"embeddable":true,"href":"https:\/\/agora.xtec.cat\/ins-sagulla\/wp-json\/wp\/v2\/comments?post=1127"}],"version-history":[{"count":4,"href":"https:\/\/agora.xtec.cat\/ins-sagulla\/wp-json\/wp\/v2\/posts\/1127\/revisions"}],"predecessor-version":[{"id":1169,"href":"https:\/\/agora.xtec.cat\/ins-sagulla\/wp-json\/wp\/v2\/posts\/1127\/revisions\/1169"}],"wp:featuredmedia":[{"embeddable":true,"href":"https:\/\/agora.xtec.cat\/ins-sagulla\/wp-json\/wp\/v2\/media\/1130"}],"wp:attachment":[{"href":"https:\/\/agora.xtec.cat\/ins-sagulla\/wp-json\/wp\/v2\/media?parent=1127"}],"wp:term":[{"taxonomy":"category","embeddable":true,"href":"https:\/\/agora.xtec.cat\/ins-sagulla\/wp-json\/wp\/v2\/categories?post=1127"},{"taxonomy":"post_tag","embeddable":true,"href":"https:\/\/agora.xtec.cat\/ins-sagulla\/wp-json\/wp\/v2\/tags?post=1127"}],"curies":[{"name":"wp","href":"https:\/\/api.w.org\/{rel}","templated":true}]}}