{"id":7506,"date":"2026-04-22T13:28:33","date_gmt":"2026-04-22T11:28:33","guid":{"rendered":"https:\/\/agora.xtec.cat\/ins-pere-ribot\/?p=7506"},"modified":"2026-04-23T13:24:18","modified_gmt":"2026-04-23T11:24:18","slug":"serie-dentrevistes-treballs-de-recerca-celia-teresa-i-el-seu-treball-chanel-i-dior-els-extrems-de-dues-visions-que-van-donar-forma-a-la-dona-femenina","status":"publish","type":"post","link":"https:\/\/agora.xtec.cat\/ins-pere-ribot\/portada\/general\/serie-dentrevistes-treballs-de-recerca-celia-teresa-i-el-seu-treball-chanel-i-dior-els-extrems-de-dues-visions-que-van-donar-forma-a-la-dona-femenina\/","title":{"rendered":"S\u00e8rie d&#8217;entrevistes treballs de recerca: C\u00e8lia Teresa i el seu treball Chanel i Dior: els extrems de dues visions que van donar forma a la dona femenina"},"content":{"rendered":"<p style=\"text-align: justify;\">El treball de recerca \u00e9s una tasca d\u2019investigaci\u00f3 que fa tot alumnat de batxillerat. Es treballa aproximadament des de finals de 1r de batxillerat i durant el primer trimestre de 2n de batxillerat.<a href=\"https:\/\/agora.xtec.cat\/ins-pere-ribot\/wp-content\/uploads\/usu1167\/2026\/04\/CELIA-GALERIE-DIOR.jpg\"><img loading=\"lazy\" decoding=\"async\" class=\" wp-image-7509 alignright\" src=\"https:\/\/agora.xtec.cat\/ins-pere-ribot\/wp-content\/uploads\/usu1167\/2026\/04\/CELIA-GALERIE-DIOR.jpg\" alt=\"\" width=\"339\" height=\"273\" srcset=\"https:\/\/agora.xtec.cat\/ins-pere-ribot\/wp-content\/uploads\/usu1167\/2026\/04\/CELIA-GALERIE-DIOR.jpg 817w, https:\/\/agora.xtec.cat\/ins-pere-ribot\/wp-content\/uploads\/usu1167\/2026\/04\/CELIA-GALERIE-DIOR-300x241.jpg 300w, https:\/\/agora.xtec.cat\/ins-pere-ribot\/wp-content\/uploads\/usu1167\/2026\/04\/CELIA-GALERIE-DIOR-768x618.jpg 768w\" sizes=\"auto, (max-width: 339px) 100vw, 339px\" \/><\/a><\/p>\n<p style=\"text-align: justify;\">Des de l\u2019Institut Pere Ribot volem recon\u00e8ixer l\u2019excel\u00b7l\u00e8ncia i publicar entrevistes a l\u2019alumnat que aix\u00ed ho desitgi que hagi obtingut una nota de 10 i d\u2019aquesta manera recon\u00e8ixer el gran esfor\u00e7 realitzat.<\/p>\n<p style=\"text-align: justify;\">Continuem aquesta s\u00e8rie d\u2019entrevistes amb la C\u00e8lia Teresa i la primera cosa que volem fer \u00e9s felicitar-te per la nota, per\u00f2 sobretot per l\u2019esfor\u00e7 i la implicaci\u00f3 que has tingut en la seva confecci\u00f3, \u00e9s a dir, per la feina feta.<\/p>\n<p style=\"text-align: justify;\">El teu treball es titula <em>Chanel i Dior: els extrems de dues visions que van donar forma a la dona femenina <\/em>i de ben segur que podries estar hores parlant d\u2019ell, per\u00f2 hem d\u2019intentar sintetitzar. \u00c9s per aix\u00f2 que ens deixarem coses de les quals parlar i, per tant, ja demanem disculpes per endavant.<\/p>\n<p style=\"text-align: justify;\">Per\u00f2, anem al gra!<\/p>\n<p style=\"text-align: justify;\"><span style=\"color: #3366ff;\">El primer de tot \u00e9s saber perqu\u00e8 has escollit aquest tema. Qu\u00e8 et va portar a decidir-te, quina va ser la teva motivaci\u00f3?<\/span><\/p>\n<p style=\"text-align: justify;\"><span style=\"color: #ff0000;\">Tot i estar estudiant el batxillerat cient\u00edfic tinc una important part art\u00edstica. De fet estic dubtant si estudiar infermeria o moda, tot i que tot sembla que finalment ser\u00e0 infermeria.<\/span><\/p>\n<p style=\"text-align: justify;\"><span style=\"color: #ff0000;\">La moda sempre m\u2019ha agradat molt i especialment l\u2019alta costura perqu\u00e8 t\u00e9 un component m\u00e9s visual i teatral. A m\u00e9s des de petita m\u2019ha agradat dibuixar i recrear vestits. I no hi ha res millor que fer el treball d\u2019una cosa que t\u2019agrada. D\u2019aquesta manera no et canses ni t\u2019avorreixes. Aix\u00ed tamb\u00e9 aconseguia activar la meva part creativa per desconnectar de la meva part m\u00e9s cient\u00edfica.<\/span><\/p>\n<p style=\"text-align: justify;\"><span style=\"color: #3366ff;\">Ara et demanar\u00e9 una cosa molt dif\u00edcil: resumeix-nos en un parell de frases tot el teu treball.<\/span><\/p>\n<p style=\"text-align: justify;\"><span style=\"color: #ff0000;\">En el meu treball he comparat la visi\u00f3 sobre la feminitat que tenien dues marques punteres de l\u2019alta costura com Chanel i Dior i a partir d\u2019aqu\u00ed parlar de la transformaci\u00f3 que ha patit la dona a trav\u00e9s de la moda al llarg del temps.<\/span><\/p>\n<p style=\"text-align: justify;\"><span style=\"color: #3366ff;\">Tot i que el resultat del treball \u00e9s evidentment excel\u00b7lent, de ben segur que has tingut moments de dubtes, de densa documentaci\u00f3, &#8230; Has trobat gaires entrebancs o dificultats per confeccionar el teu treball?<\/span><\/p>\n<p style=\"text-align: justify;\"><span style=\"color: #ff0000;\">El principal problema ha estat l\u2019idioma. La gran majoria d\u2019informaci\u00f3 sobre aquest tema nom\u00e9s es troba en angl\u00e8s i en franc\u00e8s. Per posar un exemple hem vaig comprar tres llibres dels quals dos escrits en franc\u00e8s i un en angl\u00e8s.<\/span><\/p>\n<p style=\"text-align: justify;\"><span style=\"color: #ff0000;\">Una altra cosa dif\u00edcil va ser intentar plasmar dissenys i patrons inspirats en les dues marques, passar-les a un look i que despr\u00e9s es poguessin materialitzar. Tots els dissenys, tot i que inspirats en les marques, s\u00f3n originals<\/span><\/p>\n<p style=\"text-align: justify;\"><span style=\"color: #3366ff;\">De tot el treball i del seu proc\u00e9s de confecci\u00f3, quin \u00e9s el coneixement, la dada o la conclusi\u00f3 que m\u00e9s t\u2019ha impactat i que t\u2019agradaria destacar?<\/span><\/p>\n<p style=\"text-align: justify;\"><span style=\"color: #ff0000;\">Vaig tenir la sort d\u2019anar a Par\u00eds a l\u2019estiu i no podia deixar passar l\u2019oportunitat de visitar el Museu Dior i el seu taller i la seva primera botiga, que encara segueix oberta<\/span><\/p>\n<p style=\"text-align: justify;\"><span style=\"color: #ff0000;\">Vaig poder veure uns dissenys que em van impactar i que consistien en vestits cl\u00e0ssics, elegants i molt voluminosos amb xandalls per sota que s\u2019inspiraven en les noies que es vestien quan sortien de les seves classes de ballet.<\/span><\/p>\n<p style=\"text-align: justify;\"><span style=\"color: #ff0000;\">Jo recomano molt anar al Museu Dior encara que no t\u2019agradi la moda ni l\u2019alta costura perqu\u00e8 \u00e9s impactant i molt visual. \u00c9s una experi\u00e8ncia que val la pena.<\/span><\/p>\n<p style=\"text-align: justify;\"><span style=\"color: #3366ff;\">Del teu treball, vols destacar algun altre aspecte o explicar alguna an\u00e8cdota?<\/span><\/p>\n<p style=\"text-align: justify;\"><span style=\"color: #ff0000;\">M\u00e9s que una an\u00e8cdota va ser un neguit perqu\u00e8 el dia abans d\u2019haver de lliurar els looks que vaig haver de crear-ne un de nou des de zero perqu\u00e8 no em va quadrar la idea que tenia al cap i vaig haver d\u2019improvisar amb el que tenia per casa. I finalment vaig estar for\u00e7a contenta amb el resultat.<\/span><\/p>\n<p style=\"text-align: justify;\"><span style=\"color: #3366ff;\">Dius al teu treball que la moda \u00e9s un llenguatge simb\u00f2lic i que \u00e9s un reflex social i econ\u00f2mic i que l\u2019alta costura \u00e9s exclusivitat, sofisticaci\u00f3, artesania, luxe i art. Si la moda d\u2019alta costura \u00e9s luxe exclusiu, com pot ser mirall dels canvis socials?<\/span><\/p>\n<p style=\"text-align: justify;\"><span style=\"color: #ff0000;\">L\u2019alta costura no est\u00e0 destinada a la comercialitzaci\u00f3 de les seves peces sin\u00f3 m\u00e9s a les desfilades que \u00e9s el que realment es veu. A m\u00e9s l\u2019alta costura t\u00e9 un impacte directe en la moda de carrer tot i que aquest impacte no ve amb els materials ni amb la qualitat de les peces, sin\u00f3 en la inspiraci\u00f3 del disseny de la roba que ens posem en el dia a dia. Ning\u00fa, o pr\u00e0cticament ning\u00fa no es posa ni es pot posar un vestit d\u2019alta costura de Dior per anar pel carrer.<\/span><\/p>\n<p style=\"text-align: justify;\"><span style=\"color: #ff0000;\">Dior, en el seu dia va voler recuperar la feminitat que la dona havia perdut per la segona guerra mundial i ho va plasmar a les passarel\u00b7les on va crear un impacte que despr\u00e9s es va voler recrear de manera en la moda quotidiana.<\/span><\/p>\n<p style=\"text-align: justify;\"><a href=\"https:\/\/agora.xtec.cat\/ins-pere-ribot\/wp-content\/uploads\/usu1167\/2026\/04\/B1178ED8-62F1-425B-90C3-8A542DFCA8D3.jpg\"><img loading=\"lazy\" decoding=\"async\" class=\" wp-image-7508 alignleft\" src=\"https:\/\/agora.xtec.cat\/ins-pere-ribot\/wp-content\/uploads\/usu1167\/2026\/04\/B1178ED8-62F1-425B-90C3-8A542DFCA8D3.jpg\" alt=\"\" width=\"370\" height=\"658\" srcset=\"https:\/\/agora.xtec.cat\/ins-pere-ribot\/wp-content\/uploads\/usu1167\/2026\/04\/B1178ED8-62F1-425B-90C3-8A542DFCA8D3.jpg 1170w, https:\/\/agora.xtec.cat\/ins-pere-ribot\/wp-content\/uploads\/usu1167\/2026\/04\/B1178ED8-62F1-425B-90C3-8A542DFCA8D3-169x300.jpg 169w, https:\/\/agora.xtec.cat\/ins-pere-ribot\/wp-content\/uploads\/usu1167\/2026\/04\/B1178ED8-62F1-425B-90C3-8A542DFCA8D3-576x1024.jpg 576w, https:\/\/agora.xtec.cat\/ins-pere-ribot\/wp-content\/uploads\/usu1167\/2026\/04\/B1178ED8-62F1-425B-90C3-8A542DFCA8D3-768x1365.jpg 768w, https:\/\/agora.xtec.cat\/ins-pere-ribot\/wp-content\/uploads\/usu1167\/2026\/04\/B1178ED8-62F1-425B-90C3-8A542DFCA8D3-864x1536.jpg 864w, https:\/\/agora.xtec.cat\/ins-pere-ribot\/wp-content\/uploads\/usu1167\/2026\/04\/B1178ED8-62F1-425B-90C3-8A542DFCA8D3-1152x2048.jpg 1152w\" sizes=\"auto, (max-width: 370px) 100vw, 370px\" \/><\/a><span style=\"color: #ff0000;\">Tamb\u00e9 cal dir que les passarel\u00b7les, sobre tot en els \u00faltims anys ha posat l\u2019accent en la inclusi\u00f3 i en el feminisme.<\/span><\/p>\n<p style=\"text-align: justify;\"><span style=\"color: #3366ff;\">Perqu\u00e8 Dior i Chanel i no d\u2019altres?<\/span><\/p>\n<p style=\"text-align: justify;\"><span style=\"color: #ff0000;\">Perqu\u00e8 s\u00f3n dues marques molt conegudes. Amb aix\u00f2 m\u2019asseguraria que seria relativament senzill documentar-me. A m\u00e9s a m\u00e9s s\u00f3n dues marques que tenen visions oposades de la moda i per tant seria m\u00e9s efectiva la comparaci\u00f3 entre elles. Tamb\u00e9 van ser dues marques que van n\u00e9ixer i evolucionar en les mateixes \u00e8poques.<\/span><\/p>\n<p style=\"text-align: justify;\"><span style=\"color: #ff0000;\">A mi personalment m\u2019agrada molt Schiaparelli i em vaig plantejar d\u2019analitar-la, igual que Versace i Balenciaga, per\u00f2 realment no encaixaven tan b\u00e9 com Dior i Chanel en l\u2019an\u00e0lisi de la seva visi\u00f3 de la feminitat.<\/span><\/p>\n<p style=\"text-align: justify;\"><span style=\"color: #ff0000;\">En una part del treball esmentes que aquestes marques incorporen perspectives feministes. Se\u2019m fa estrany&#8230;.<\/span><\/p>\n<p style=\"text-align: justify;\"><span style=\"color: #ff0000;\">Et puntualitzo, dic que a l\u2019actualitat incorporen perspectives feministes<\/span>.<\/p>\n<p style=\"text-align: justify;\"><span style=\"color: #3366ff;\">Per\u00f2 no s\u00f3n contradictoris el feminisme i la moda de luxe?<\/span><\/p>\n<p style=\"text-align: justify;\"><span style=\"color: #ff0000;\">\u00c9s cert que tradicionalment la moda femenina ha tingut uns patrons del cos femen\u00ed molt marcats. Dior, per exemple, encotillava molt aquest model de dona per\u00f2 Chanel buscava tot el contrari, que la dona estigu\u00e9s c\u00f2mode.<\/span><\/p>\n<p style=\"text-align: justify;\"><span style=\"color: #ff0000;\">Actualment les marques importants i tenen molta pressi\u00f3 de l\u2019opini\u00f3 p\u00fablica i molta visualitzaci\u00f3 en les passarel\u00b7les. Ara poden desfilar models amb texans i samarretes, el que demostra que l\u2019alta costura va evolucionant.<\/span><\/p>\n<p style=\"text-align: justify;\"><span style=\"color: #3366ff;\">En un punt parles de sostenibilitat, inclusi\u00f3 i responsabilitat social. Aix\u00f2 no \u00e9s incompatible amb el luxe?<\/span><\/p>\n<p><span style=\"color: #ff0000;\">S\u00ed i no alhora.<\/span><\/p>\n<p style=\"text-align: justify;\"><span style=\"color: #ff0000;\">La ind\u00fastria de la moda \u00e9s evident que \u00e9s una de les m\u00e9s contaminants, per\u00f2 aix\u00f2 es fa pal\u00e8s en la fast fashion, no en l\u2019alta costura on les feines estan ben remunerades i es fan a m\u00e0.<\/span><\/p>\n<p style=\"text-align: justify;\"><span style=\"color: #3366ff;\">\u00daltima pregunta, moda: imposici\u00f3 o empoderament?<\/span><\/p>\n<p style=\"text-align: justify;\"><span style=\"color: #ff0000;\">Aquesta \u00e9s una pregunta amb la que vaig obrir la meva defensa oral del treball. La moda ens diu qui som o qui hem de ser? En gran part la moda pot ser imposici\u00f3 del marc mental de qui l\u2019ha creat, per\u00f2 en determinats casos \u00e9s una eina que ens pot servir d\u2019empoderament i reivindicaci\u00f3 perqu\u00e8 la moda permet expressar-te i trencar estereotips.<\/span><\/p>\n<p style=\"text-align: justify;\">Doncs acabem aqu\u00ed aquesta entrevista tan interesant, i \u00e9s obligat un agra\u00efment a la C\u00e8lia per la seva col\u00b7laboraci\u00f3 i un reconeixement a la professora Maria Frigola, que ha tutoritzat aquest treball.<\/p>\n<p><a href=\"https:\/\/agora.xtec.cat\/ins-pere-ribot\/wp-content\/uploads\/usu1167\/2026\/04\/500EAAB7-B559-4366-9380-21CE11BB2ACC.jpg\"><img loading=\"lazy\" decoding=\"async\" class=\"aligncenter size-full wp-image-7507\" src=\"https:\/\/agora.xtec.cat\/ins-pere-ribot\/wp-content\/uploads\/usu1167\/2026\/04\/500EAAB7-B559-4366-9380-21CE11BB2ACC.jpg\" alt=\"\" width=\"1170\" height=\"2080\" srcset=\"https:\/\/agora.xtec.cat\/ins-pere-ribot\/wp-content\/uploads\/usu1167\/2026\/04\/500EAAB7-B559-4366-9380-21CE11BB2ACC.jpg 1170w, https:\/\/agora.xtec.cat\/ins-pere-ribot\/wp-content\/uploads\/usu1167\/2026\/04\/500EAAB7-B559-4366-9380-21CE11BB2ACC-169x300.jpg 169w, https:\/\/agora.xtec.cat\/ins-pere-ribot\/wp-content\/uploads\/usu1167\/2026\/04\/500EAAB7-B559-4366-9380-21CE11BB2ACC-576x1024.jpg 576w, https:\/\/agora.xtec.cat\/ins-pere-ribot\/wp-content\/uploads\/usu1167\/2026\/04\/500EAAB7-B559-4366-9380-21CE11BB2ACC-768x1365.jpg 768w, https:\/\/agora.xtec.cat\/ins-pere-ribot\/wp-content\/uploads\/usu1167\/2026\/04\/500EAAB7-B559-4366-9380-21CE11BB2ACC-864x1536.jpg 864w, https:\/\/agora.xtec.cat\/ins-pere-ribot\/wp-content\/uploads\/usu1167\/2026\/04\/500EAAB7-B559-4366-9380-21CE11BB2ACC-1152x2048.jpg 1152w\" sizes=\"auto, (max-width: 1170px) 100vw, 1170px\" \/><\/a><\/p>\n","protected":false},"excerpt":{"rendered":"<p>El treball de recerca \u00e9s una tasca d\u2019investigaci\u00f3 que fa tot alumnat de batxillerat. Es treballa aproximadament des de finals de 1r de batxillerat i durant el primer trimestre de 2n de batxillerat.<a href=\"https:\/\/agora.xtec.cat\/ins-pere-ribot\/wp-content\/uploads\/usu1167\/2026\/04\/CELIA-GALERIE-DIOR.jpg\"><\/a><br \/>\nDes de l\u2019Institut Pere Ribot volem recon\u00e8ixer l\u2019excel\u00b7l\u00e8ncia i publicar entrevistes a&hellip;  <a href=\"https:\/\/agora.xtec.cat\/ins-pere-ribot\/portada\/general\/serie-dentrevistes-treballs-de-recerca-celia-teresa-i-el-seu-treball-chanel-i-dior-els-extrems-de-dues-visions-que-van-donar-forma-a-la-dona-femenina\/\" title=\"Read S\u00e8rie d&#8217;entrevistes treballs de recerca: C\u00e8lia Teresa i el seu treball Chanel i Dior: els extrems de dues visions que van donar forma a la dona femenina\">Llegeix m\u00e9s\u00bb<\/a><\/p>\n","protected":false},"author":47,"featured_media":7509,"comment_status":"open","ping_status":"open","sticky":false,"template":"","format":"standard","meta":{"_bbp_topic_count":0,"_bbp_reply_count":0,"_bbp_total_topic_count":0,"_bbp_total_reply_count":0,"_bbp_voice_count":0,"_bbp_anonymous_reply_count":0,"_bbp_topic_count_hidden":0,"_bbp_reply_count_hidden":0,"_bbp_forum_subforum_count":0,"footnotes":""},"categories":[1],"tags":[],"class_list":["post-7506","post","type-post","status-publish","format-standard","has-post-thumbnail","hentry","category-general"],"post_mailing_queue_ids":[],"_links":{"self":[{"href":"https:\/\/agora.xtec.cat\/ins-pere-ribot\/wp-json\/wp\/v2\/posts\/7506","targetHints":{"allow":["GET"]}}],"collection":[{"href":"https:\/\/agora.xtec.cat\/ins-pere-ribot\/wp-json\/wp\/v2\/posts"}],"about":[{"href":"https:\/\/agora.xtec.cat\/ins-pere-ribot\/wp-json\/wp\/v2\/types\/post"}],"author":[{"embeddable":true,"href":"https:\/\/agora.xtec.cat\/ins-pere-ribot\/wp-json\/wp\/v2\/users\/47"}],"replies":[{"embeddable":true,"href":"https:\/\/agora.xtec.cat\/ins-pere-ribot\/wp-json\/wp\/v2\/comments?post=7506"}],"version-history":[{"count":2,"href":"https:\/\/agora.xtec.cat\/ins-pere-ribot\/wp-json\/wp\/v2\/posts\/7506\/revisions"}],"predecessor-version":[{"id":7512,"href":"https:\/\/agora.xtec.cat\/ins-pere-ribot\/wp-json\/wp\/v2\/posts\/7506\/revisions\/7512"}],"wp:featuredmedia":[{"embeddable":true,"href":"https:\/\/agora.xtec.cat\/ins-pere-ribot\/wp-json\/wp\/v2\/media\/7509"}],"wp:attachment":[{"href":"https:\/\/agora.xtec.cat\/ins-pere-ribot\/wp-json\/wp\/v2\/media?parent=7506"}],"wp:term":[{"taxonomy":"category","embeddable":true,"href":"https:\/\/agora.xtec.cat\/ins-pere-ribot\/wp-json\/wp\/v2\/categories?post=7506"},{"taxonomy":"post_tag","embeddable":true,"href":"https:\/\/agora.xtec.cat\/ins-pere-ribot\/wp-json\/wp\/v2\/tags?post=7506"}],"curies":[{"name":"wp","href":"https:\/\/api.w.org\/{rel}","templated":true}]}}