{"id":7488,"date":"2026-04-13T08:00:44","date_gmt":"2026-04-13T06:00:44","guid":{"rendered":"https:\/\/agora.xtec.cat\/ins-pere-ribot\/?p=7488"},"modified":"2026-04-10T13:11:36","modified_gmt":"2026-04-10T11:11:36","slug":"serie-dentrevistes-treballs-de-recerca-judit-brutau-i-el-seu-treball-noranta-minuts-de-decibels-la-contaminacio-acustica-en-el-futbol","status":"publish","type":"post","link":"https:\/\/agora.xtec.cat\/ins-pere-ribot\/portada\/general\/serie-dentrevistes-treballs-de-recerca-judit-brutau-i-el-seu-treball-noranta-minuts-de-decibels-la-contaminacio-acustica-en-el-futbol\/","title":{"rendered":"S\u00e8rie d&#8217;entrevistes treballs de recerca: Judit Brutau i el seu treball Noranta minuts de decibels: la contaminaci\u00f3 ac\u00fastica en el futbol"},"content":{"rendered":"<p style=\"text-align: justify;\">El treball de recerca \u00e9s una tasca d\u2019investigaci\u00f3 que fa tot alumnat de batxillerat. Es treballa aproximadament des de finals de 1r de batxillerat i durant el primer trimestre de 2n de batxillerat.<\/p>\n<p style=\"text-align: justify;\">Des de l\u2019Institut Pere Ribot volem recon\u00e8ixer l\u2019excel\u00b7l\u00e8ncia i publicar entrevistes a l\u2019alumnat que aix\u00ed ho desitgi que hagi obtingut una nota de 10 i d\u2019aquesta manera recon\u00e8ixer el gran esfor\u00e7 realitzat.<\/p>\n<figure class=\"figure wp-caption alignright\"><a href=\"https:\/\/agora.xtec.cat\/ins-pere-ribot\/wp-content\/uploads\/usu1167\/2026\/04\/IMG_5618.jpeg\"><img loading=\"lazy\" decoding=\"async\" class=\" wp-image-7491\" src=\"https:\/\/agora.xtec.cat\/ins-pere-ribot\/wp-content\/uploads\/usu1167\/2026\/04\/IMG_5618.jpeg\" alt=\"\" width=\"270\" height=\"286\" srcset=\"https:\/\/agora.xtec.cat\/ins-pere-ribot\/wp-content\/uploads\/usu1167\/2026\/04\/IMG_5618.jpeg 1036w, https:\/\/agora.xtec.cat\/ins-pere-ribot\/wp-content\/uploads\/usu1167\/2026\/04\/IMG_5618-283x300.jpeg 283w, https:\/\/agora.xtec.cat\/ins-pere-ribot\/wp-content\/uploads\/usu1167\/2026\/04\/IMG_5618-966x1024.jpeg 966w, https:\/\/agora.xtec.cat\/ins-pere-ribot\/wp-content\/uploads\/usu1167\/2026\/04\/IMG_5618-768x814.jpeg 768w\" sizes=\"auto, (max-width: 270px) 100vw, 270px\" \/><\/a><figcaption class=\"wp-caption-text\">Screenshot<\/figcaption><\/figure>\n<p style=\"text-align: justify;\">Continuem aquesta s\u00e8rie d\u2019entrevistes amb la <strong>Judit Brutau<\/strong> i la primera cosa que volem fer \u00e9s felicitar-te per la nota, per\u00f2 sobretot per l\u2019esfor\u00e7 i la implicaci\u00f3 que has tingut en la seva confecci\u00f3, \u00e9s a dir, per la feina feta.<\/p>\n<p style=\"text-align: justify;\">El teu treball es titula <em><strong>Noranta minuts de decibels: la contaminaci\u00f3 ac\u00fastica en el futbol<\/strong> <strong>\u00a0<\/strong><\/em>i de ben segur que podries estar hores parlant d\u2019ell, per\u00f2 hem d\u2019intentar sintetitzar. \u00c9s per aix\u00f2 que ens deixarem coses de les quals parlar i, per tant, ja demanem disculpes per endavant.<\/p>\n<p style=\"text-align: justify;\">Per\u00f2, anem al gra!<\/p>\n<p style=\"text-align: justify;\"><span style=\"color: #0000ff;\">El primer de tot \u00e9s saber perqu\u00e8 has escollit aquest tema. Qu\u00e8 et va portar a decidir-te, quina va ser la teva motivaci\u00f3?<\/span><\/p>\n<p style=\"text-align: justify;\"><span style=\"color: #ff0000;\">Vaig triar aquest tema perqu\u00e8 m\u2019agrada molt el futbol i sempre he anat al Camp Nou a veure el Bar\u00e7a. D\u2019altra banda sempre he tingut problemes a les o\u00efdes i combinant totes dues coses, se\u2019m va acudir que analitzant la contaminaci\u00f3 ac\u00fastica d\u2019un estadi de futbol, podia unir dos aspectes que m\u2019interessen molt.<\/span><\/p>\n<p style=\"text-align: justify;\"><span style=\"color: #0000ff;\">Ara et demanar\u00e9 una cosa molt dif\u00edcil: resumeix-nos en un parell de frases tot el teu treball.<\/span><\/p>\n<p style=\"text-align: justify;\"><span style=\"color: #ff0000;\">Amb un son\u00f2metre he anat a estadis esportius, de futbol i d\u2019altres esports, i he mesurat els diferents nivells de so en diferents situacions i moments dels partits, per tal de comprovar si s\u00f3n perjudicials per a la nostra salut auditiva.<\/span><\/p>\n<p style=\"text-align: justify;\"><span style=\"color: #0000ff;\">Qui marca el l\u00edmits de decibels a partir dels quals es pot considerar que hi ha afectaci\u00f3 a la salut de les persones?<\/span><\/p>\n<p style=\"text-align: justify;\"><span style=\"color: #ff0000;\">L\u2019OMS (Organitzaci\u00f3 Mundial de la Salut), que marca que a partir de 85 decibels ja es considera perjudicial per a la salut auditiva.<\/span><\/p>\n<p style=\"text-align: justify;\"><span style=\"color: #0000ff;\">Tot i que el resultat del treball \u00e9s evidentment excel\u00b7lent, de ben segur que has tingut moments de dubtes, de densa documentaci\u00f3, &#8230; Has trobat gaires entrebancs o dificultats per confeccionar el teu treball?<\/span><\/p>\n<p style=\"text-align: justify;\"><span style=\"color: #ff0000;\">El que m\u00e9s em va costar va ser organitzar les mesures en una sola taula. Les mesures que prenia eren moltes, en diversos estadis o espais esportius i sobretot en diferents moments del joc (gol, penalti, protesta, c\u00e0ntics, etc.).<\/span><\/p>\n<p style=\"text-align: justify;\"><span style=\"color: #ff0000;\">Gr\u00e0cies a l\u2019Eug\u00e8nia, la meva tutora del treball de recerca, me\u2019n vaig sortir.<\/span><\/p>\n<p style=\"text-align: justify;\"><span style=\"color: #ff0000;\">Tamb\u00e9 em va fer molta mandra la lectura de les ordenances municipals on figuren els l\u00edmits permesos de decibels. Pensa que aquesta regulaci\u00f3 dep\u00e8n dels municipis i per tant vaig haver de fer for\u00e7a recerca en aquest sentit.<\/span><\/p>\n<p style=\"text-align: justify;\"><span style=\"color: #0000ff;\">De tot el treball i del seu proc\u00e9s de confecci\u00f3, quin \u00e9s el coneixement, la dada o la conclusi\u00f3 que m\u00e9s t\u2019ha impactat i que t\u2019agradaria destacar?<\/span><\/p>\n<p style=\"text-align: justify;\"><span style=\"color: #ff0000;\">Realment el nivell de decibels dels esdeveniments esportius \u00e9s perjudicial per a la nostra salut. En moments de la celebraci\u00f3 d\u2019un gol jo vaig registrar fins a 120 decibels, molt per sobre del que \u00e9s recomanable.<\/span><\/p>\n<p style=\"text-align: justify;\"><span style=\"color: #ff0000;\">Fins i tot en els moments del joc on \u201cno passa res\u201d, el nivell de soroll \u00e9s molt elevat. No arriba al 85 decibels per\u00f2 s\u00ed que arriba als 70-80 d\u2019una manera sostinguda.<\/span><\/p>\n<p style=\"text-align: justify;\"><span style=\"color: #0000ff;\">Del teu treball, vols destacar algun altre aspecte o explicar alguna an\u00e8cdota?<\/span><\/p>\n<p style=\"text-align: justify;\"><span style=\"color: #ff0000;\">T\u2019explico una an\u00e8cdota. Quan vaig anar a l\u2019Estadi de la Cartuja de Sevilla a veure la final de la copa del rei entre el Bar\u00e7a i el Madrid, amb el meu pare i el meu germ\u00e0, hi havia molta seguretat. Policia que es passejava a cavall pels voltants del camp i com no les tenia totes vaig amagar-me el son\u00f2metre a dins del mitj\u00f3 per si no me\u2019l deixaven entrar.<\/span><\/p>\n<p style=\"text-align: justify;\"><span style=\"color: #ff0000;\">De fet no vaig tenir mai problemes per entrar-lo a cap recinte esportiu per\u00f2 en aquell cas no n\u2019estava segura i el vaig amagar.<\/span><\/p>\n<p style=\"text-align: justify;\"><span style=\"color: #0000ff;\">Al teu treball parles que a l\u2019esport professional es passa el llindar de 85 decibels de manera puntual. Dius tamb\u00e9 que hi ha un so sostingut que tot i que no arriba a aquest llindar \u00e9s tamb\u00e9 molt elevat. Tot plegat perjudica realment a la salut? O com ho fas cada 15 dies no t\u00e9 repercussions?<\/span><\/p>\n<p style=\"text-align: justify;\"><span style=\"color: #ff0000;\">Des del moment que est\u00e0s a l\u2019estadi s\u00ed que perjudica perqu\u00e8 les membranes i ossos de l\u2019o\u00efda estan vibrant tota l\u2019estona, i aix\u00f2, \u00f2bviament, no \u00e9s bo. Si aix\u00f2 ho fas un cop a la vida no passa res, per\u00f2 si \u00e9s la teva afici\u00f3 i hi vas des dels 5 anys fins als 95, de ben segur que hi ha repercussions per a la salut auditiva.<\/span><\/p>\n<p style=\"text-align: justify;\"><span style=\"color: #0000ff;\">He vist que en el teu treball exposes mesures d\u2019un partit de futbol americ\u00e0 i d\u2019un partit de beisbol. Aquestes mesures s\u00f3n teves o les has recopilat d\u2019un treball ja realitzat?<\/span><\/p>\n<p style=\"text-align: justify;\"><span style=\"color: #ff0000;\">No, no, les mesures s\u00f3n meves, les vaig prendre personalment.<\/span><\/p>\n<p style=\"text-align: justify;\"><span style=\"color: #ff0000;\">A l\u2019estiu vam anar de vacances a Nova York i vam aprofitar per anar a un partit de futbol americ\u00e0 i a un partit de beisbol, em vaig endur el son\u00f2metre i vaig prendre les mesures que exposo al treball.<\/span><\/p>\n<p style=\"text-align: justify;\"><span style=\"color: #0000ff;\">On es fa m\u00e9s soroll, a Barcelona o els americans amb els seus esports?<\/span><\/p>\n<p style=\"text-align: justify;\"><span style=\"color: #ff0000;\">Les mesures que vaig prendre demostren que aqu\u00ed tenim pics m\u00e9s alts de decibels.<\/span><\/p>\n<p style=\"text-align: justify;\"><span style=\"color: #ff0000;\">Els Estats Units tenen un concepte diferents dels espectacles esportius i els seus sorolls no s\u00f3n tant de la passi\u00f3 de la gent sin\u00f3 que venien de la megafonia i de la m\u00fasica.<\/span><\/p>\n<p style=\"text-align: justify;\"><span style=\"color: #0000ff;\">A les conclusions proposes que caldria intentar reduir l\u2019impacte ac\u00fastic d\u2019un partit de futbol. Si et poses taps, o prens alguna altra mesura, no \u00e9s perdria el factor emocional de l\u2019esport de competici\u00f3?<\/span><\/p>\n<p style=\"text-align: justify;\"><span style=\"color: #ff0000;\">Si f\u00e9ssim aix\u00f2 no tindria gr\u00e0cia anar-hi! Hi ha per\u00f2 mesures que s\u00ed que es podrien implementar, com per exemple en nens i nenes petits que no tenen encara desenvolupada del tot la seva o\u00efda, per reduir l\u2019impacte.<\/span><\/p>\n<p style=\"text-align: justify;\"><span style=\"color: #0000ff;\"><a href=\"https:\/\/agora.xtec.cat\/ins-pere-ribot\/wp-content\/uploads\/usu1167\/2026\/04\/Captura-de-pantalla-2026-04-10-130840.jpg\"><img loading=\"lazy\" decoding=\"async\" class=\"wp-image-7490 alignleft\" src=\"https:\/\/agora.xtec.cat\/ins-pere-ribot\/wp-content\/uploads\/usu1167\/2026\/04\/Captura-de-pantalla-2026-04-10-130840.jpg\" alt=\"\" width=\"300\" height=\"294\" srcset=\"https:\/\/agora.xtec.cat\/ins-pere-ribot\/wp-content\/uploads\/usu1167\/2026\/04\/Captura-de-pantalla-2026-04-10-130840.jpg 868w, https:\/\/agora.xtec.cat\/ins-pere-ribot\/wp-content\/uploads\/usu1167\/2026\/04\/Captura-de-pantalla-2026-04-10-130840-300x293.jpg 300w, https:\/\/agora.xtec.cat\/ins-pere-ribot\/wp-content\/uploads\/usu1167\/2026\/04\/Captura-de-pantalla-2026-04-10-130840-768x751.jpg 768w\" sizes=\"auto, (max-width: 300px) 100vw, 300px\" \/><\/a>Dius que com a p\u00fablic tens riscos auditius. I els esportistes?<\/span><\/p>\n<p style=\"text-align: justify;\"><span style=\"color: #ff0000;\">Penso que tenen m\u00e9s risc que els espectadors. De fet ells acudeixen als estadis molts m\u00e9s cops que un espectador, juguen cada setmana un o dos cops. Per tant a m\u00e9s exposici\u00f3 m\u00e9s perjudici.<\/span><\/p>\n<p style=\"text-align: justify;\"><span style=\"color: #0000ff;\">Saps si s\u2019ha fet algun estudi a llarg termini sobre aquest impacte en els esportistes?<\/span><\/p>\n<p style=\"text-align: justify;\"><span style=\"color: #ff0000;\">En el meu treball no n\u2019he descobert cap, el que no vol dir que no existeixi.<\/span><\/p>\n<p style=\"text-align: justify;\"><span style=\"color: #0000ff;\">Tu dius que caldria prendre mesures per reduir l\u2019impacte. Quines penses que podrien ser?<\/span><\/p>\n<p style=\"text-align: justify;\"><span style=\"color: #ff0000;\">De fet els taps s\u00f3n l\u2019\u00fanica mesura eficient. \u00c9s impossible que la gent cridi menys o que ho faci m\u00e9s fluix.<\/span><\/p>\n<p style=\"text-align: justify;\"><span style=\"color: #ff0000;\">El que s\u00ed que caldria fer \u00e9s realitzar campanyes de comunicaci\u00f3 amb cartells, per exemple, per informar i conscienciar del problema.<\/span><\/p>\n<p style=\"text-align: justify;\"><span style=\"color: #0000ff;\">Doncs acabem aqu\u00ed aquesta entrevista tan interesant, vols afegir alguna altra cosa?<\/span><\/p>\n<p style=\"text-align: justify;\"><span style=\"color: #ff0000;\">S\u00ed, vull agrair a l\u2019Eug\u00e8nia Nicol\u00e0s, la meva tutora del treball, el seu esfor\u00e7, la seva paci\u00e8ncia i la seva dedicaci\u00f3. Ha estat una molt bona tutora i m\u2019he sentit molt acompanyada.<\/span><\/p>\n","protected":false},"excerpt":{"rendered":"<p>El treball de recerca \u00e9s una tasca d\u2019investigaci\u00f3 que fa tot alumnat de batxillerat. Es treballa aproximadament des de finals de 1r de batxillerat i durant el primer trimestre de 2n de batxillerat.<br \/>\nDes de l\u2019Institut Pere Ribot volem recon\u00e8ixer l\u2019excel\u00b7l\u00e8ncia i publicar entrevistes a l\u2019alumnat&hellip;  <a href=\"https:\/\/agora.xtec.cat\/ins-pere-ribot\/portada\/general\/serie-dentrevistes-treballs-de-recerca-judit-brutau-i-el-seu-treball-noranta-minuts-de-decibels-la-contaminacio-acustica-en-el-futbol\/\" title=\"Read S\u00e8rie d&#8217;entrevistes treballs de recerca: Judit Brutau i el seu treball Noranta minuts de decibels: la contaminaci\u00f3 ac\u00fastica en el futbol\">Llegeix m\u00e9s\u00bb<\/a><\/p>\n","protected":false},"author":47,"featured_media":7489,"comment_status":"open","ping_status":"open","sticky":false,"template":"","format":"standard","meta":{"_bbp_topic_count":0,"_bbp_reply_count":0,"_bbp_total_topic_count":0,"_bbp_total_reply_count":0,"_bbp_voice_count":0,"_bbp_anonymous_reply_count":0,"_bbp_topic_count_hidden":0,"_bbp_reply_count_hidden":0,"_bbp_forum_subforum_count":0,"footnotes":""},"categories":[1],"tags":[],"class_list":["post-7488","post","type-post","status-publish","format-standard","has-post-thumbnail","hentry","category-general"],"post_mailing_queue_ids":[],"_links":{"self":[{"href":"https:\/\/agora.xtec.cat\/ins-pere-ribot\/wp-json\/wp\/v2\/posts\/7488","targetHints":{"allow":["GET"]}}],"collection":[{"href":"https:\/\/agora.xtec.cat\/ins-pere-ribot\/wp-json\/wp\/v2\/posts"}],"about":[{"href":"https:\/\/agora.xtec.cat\/ins-pere-ribot\/wp-json\/wp\/v2\/types\/post"}],"author":[{"embeddable":true,"href":"https:\/\/agora.xtec.cat\/ins-pere-ribot\/wp-json\/wp\/v2\/users\/47"}],"replies":[{"embeddable":true,"href":"https:\/\/agora.xtec.cat\/ins-pere-ribot\/wp-json\/wp\/v2\/comments?post=7488"}],"version-history":[{"count":1,"href":"https:\/\/agora.xtec.cat\/ins-pere-ribot\/wp-json\/wp\/v2\/posts\/7488\/revisions"}],"predecessor-version":[{"id":7492,"href":"https:\/\/agora.xtec.cat\/ins-pere-ribot\/wp-json\/wp\/v2\/posts\/7488\/revisions\/7492"}],"wp:featuredmedia":[{"embeddable":true,"href":"https:\/\/agora.xtec.cat\/ins-pere-ribot\/wp-json\/wp\/v2\/media\/7489"}],"wp:attachment":[{"href":"https:\/\/agora.xtec.cat\/ins-pere-ribot\/wp-json\/wp\/v2\/media?parent=7488"}],"wp:term":[{"taxonomy":"category","embeddable":true,"href":"https:\/\/agora.xtec.cat\/ins-pere-ribot\/wp-json\/wp\/v2\/categories?post=7488"},{"taxonomy":"post_tag","embeddable":true,"href":"https:\/\/agora.xtec.cat\/ins-pere-ribot\/wp-json\/wp\/v2\/tags?post=7488"}],"curies":[{"name":"wp","href":"https:\/\/api.w.org\/{rel}","templated":true}]}}