{"id":7472,"date":"2026-04-08T13:17:22","date_gmt":"2026-04-08T11:17:22","guid":{"rendered":"https:\/\/agora.xtec.cat\/ins-pere-ribot\/?p=7472"},"modified":"2026-04-08T13:17:12","modified_gmt":"2026-04-08T11:17:12","slug":"serie-dentrevistes-treballs-de-recerca-ariadna-martin-i-el-seu-treball-la-paradoxa-trump-analisi-de-lestrategia-pel-retorn-a-la-casa-blanca","status":"publish","type":"post","link":"https:\/\/agora.xtec.cat\/ins-pere-ribot\/portada\/general\/serie-dentrevistes-treballs-de-recerca-ariadna-martin-i-el-seu-treball-la-paradoxa-trump-analisi-de-lestrategia-pel-retorn-a-la-casa-blanca\/","title":{"rendered":"S\u00e8rie d&#8217;entrevistes treballs de recerca: Ariadna Mart\u00edn i el seu treball La paradoxa Trump: an\u00e0lisi de l\u2019estrat\u00e8gia pel retorn a la Casa Blanca"},"content":{"rendered":"<p style=\"text-align: justify;\">El treball de recerca \u00e9s una tasca d\u2019investigaci\u00f3 que fa tot alumnat de batxillerat. Es treballa aproximadament des de finals de 1r de batxillerat i durant el primer trimestre de 2n de batxillerat.<\/p>\n<p style=\"text-align: justify;\">Des de l\u2019Institut Pere Ribot volem recon\u00e8ixer l\u2019excel\u00b7l\u00e8ncia i publicar entrevistes a l\u2019alumnat que aix\u00ed ho desitgi que hagi obtingut una nota de 10 i d\u2019aquesta manera recon\u00e8ixer el gran esfor\u00e7 realitzat.<a href=\"https:\/\/agora.xtec.cat\/ins-pere-ribot\/wp-content\/uploads\/usu1167\/2026\/04\/WhatsApp-Image-2026-04-07-at-08.54.19.jpeg\"><img loading=\"lazy\" decoding=\"async\" class=\" wp-image-7473 alignright\" src=\"https:\/\/agora.xtec.cat\/ins-pere-ribot\/wp-content\/uploads\/usu1167\/2026\/04\/WhatsApp-Image-2026-04-07-at-08.54.19.jpeg\" alt=\"\" width=\"575\" height=\"575\" srcset=\"https:\/\/agora.xtec.cat\/ins-pere-ribot\/wp-content\/uploads\/usu1167\/2026\/04\/WhatsApp-Image-2026-04-07-at-08.54.19.jpeg 1600w, https:\/\/agora.xtec.cat\/ins-pere-ribot\/wp-content\/uploads\/usu1167\/2026\/04\/WhatsApp-Image-2026-04-07-at-08.54.19-300x300.jpeg 300w, https:\/\/agora.xtec.cat\/ins-pere-ribot\/wp-content\/uploads\/usu1167\/2026\/04\/WhatsApp-Image-2026-04-07-at-08.54.19-1024x1024.jpeg 1024w, https:\/\/agora.xtec.cat\/ins-pere-ribot\/wp-content\/uploads\/usu1167\/2026\/04\/WhatsApp-Image-2026-04-07-at-08.54.19-150x150.jpeg 150w, https:\/\/agora.xtec.cat\/ins-pere-ribot\/wp-content\/uploads\/usu1167\/2026\/04\/WhatsApp-Image-2026-04-07-at-08.54.19-768x768.jpeg 768w, https:\/\/agora.xtec.cat\/ins-pere-ribot\/wp-content\/uploads\/usu1167\/2026\/04\/WhatsApp-Image-2026-04-07-at-08.54.19-1536x1536.jpeg 1536w\" sizes=\"auto, (max-width: 575px) 100vw, 575px\" \/><\/a><\/p>\n<p style=\"text-align: justify;\">Continuem aquesta s\u00e8rie d\u2019entrevistes amb l\u2019<strong>Ariadna Martin<\/strong> i la primera cosa que volem fer \u00e9s felicitar-te per la nota, per\u00f2 sobretot per l\u2019esfor\u00e7 i la implicaci\u00f3 que has tingut en la seva confecci\u00f3, \u00e9s a dir, per la feina feta.<\/p>\n<p style=\"text-align: justify;\">El teu treball es titula <strong><em>La paradoxa Trump: an\u00e0lisi de l\u2019estrat\u00e8gia pel retorn a la Casa Blanca <\/em><\/strong>i de ben segur que podries estar hores parlant d\u2019ell, per\u00f2 hem d\u2019intentar sintetitzar. \u00c9s per aix\u00f2 que ens deixarem coses de les quals parlar i, per tant, ja demanem disculpes per endavant.<\/p>\n<p style=\"text-align: justify;\">Per\u00f2, anem al gra!<\/p>\n<p style=\"text-align: justify;\"><span style=\"color: #0000ff;\">El primer de tot \u00e9s saber perqu\u00e8 has escollit aquest tema. Qu\u00e8 et va portar a decidir-te, quina va ser la teva motivaci\u00f3?<\/span><\/p>\n<p style=\"text-align: justify;\"><span style=\"color: #ff0000;\">Sempre m\u2019ha atret la pol\u00edtica a nivell global i l\u2019estiu de fa dos anys vaig estar molt interessada en les eleccions presidencials d\u2019Estats Units. Em va sorprendre que alg\u00fa com Trump guany\u00e9s perqu\u00e8 no s\u2019aliniava amb la visi\u00f3 que tenia dels Estats Units.<\/span><\/p>\n<p style=\"text-align: justify;\"><span style=\"color: #ff0000;\">A rel d\u2019aix\u00f2 em vaig preguntar el com, el perqu\u00e8 i amb l\u2019ajuda de qui va guanyar. I aquesta inquietud va ser la base del meu treball de recerca.<\/span><\/p>\n<p style=\"text-align: justify;\"><span style=\"color: #0000ff;\">Ara et demanar\u00e9 una cosa molt dif\u00edcil: resumeix-nos en un parell de frases tot el teu treball.<\/span><\/p>\n<p style=\"text-align: justify;\"><span style=\"color: #ff0000;\">El meu treball \u00e9s una an\u00e0lisi de la campanya electoral de Trump, dels seus suports, del seu discurs i de la seva estrat\u00e8gia electoral per comprendre perqu\u00e8 ha guanyat les eleccions als Estats Units.<\/span><\/p>\n<p style=\"text-align: justify;\"><span style=\"color: #0000ff;\">Tot i que el resultat del treball \u00e9s evidentment excel\u00b7lent, de ben segur que has tingut moments de dubtes, de densa documentaci\u00f3, &#8230; Has trobat gaires entrebancs o dificultats per confeccionar el teu treball?<\/span><\/p>\n<p style=\"text-align: justify;\"><span style=\"color: #ff0000;\">A l\u2019inici la principal dificultat va ser com enfocar el treball, sabia de qu\u00e8 volia parlar per\u00f2 calia estructurar-ho. I durant el treball el m\u00e9s dif\u00edcil va ser fer la tria de la informaci\u00f3 i acotar el treball. Hi ha molt\u00edssima informaci\u00f3 i tota la trobava interessant i rellevant.<\/span><\/p>\n<p style=\"text-align: justify;\"><span style=\"color: #0000ff;\">De tot el treball i del seu proc\u00e9s de confecci\u00f3, quin \u00e9s el coneixement, la dada o la conclusi\u00f3 que m\u00e9s t\u2019ha impactat i que t\u2019agradaria destacar?<\/span><\/p>\n<p style=\"text-align: justify;\"><span style=\"color: #ff0000;\">Una curiositat que em va impactar va ser descobrir que l\u2019Elon Musk, com a estrat\u00e8gia electoral, va fer uns sortejos d\u2019un mili\u00f3 de d\u00f2lars diari en els swing states (on el vot est\u00e0 m\u00e9s igualat) entre els votants de Trump.<\/span><\/p>\n<p style=\"text-align: justify;\"><span style=\"color: #0000ff;\">Del teu treball, vols destacar algun altre aspecte o explicar alguna an\u00e8cdota?<\/span><\/p>\n<p style=\"text-align: justify;\"><span style=\"color: #ff0000;\">Al ser un treball de ci\u00e8ncies pol\u00edtiques pensava que aquesta era l\u2019\u00e0rea de la qual obtindria m\u00e9s coneixements, per\u00f2 com he hagut d\u2019analitzar com repercutiria a l\u2019economia, vaig aprendre molt d\u2019aquest tema i me\u2019n vaig adonar de tot el que no sabia.<\/span><\/p>\n<p style=\"text-align: justify;\"><span style=\"color: #0000ff;\">Personalment hi ha una cosa que em sorpr\u00e8n molt i que tu potser m\u2019ho pots aclarir. Com \u00e9s possible que una persona condemnada per delinq\u00fcent sexual i per delictes econ\u00f2mics, que no demana disculpes, pugui ser escollit president dels Estats Units?<\/span><\/p>\n<p style=\"text-align: justify;\"><span style=\"color: #ff0000;\">A les conclusions del meu treball en parlo. Els votants m\u00e9s que fixar-se en el seu car\u00e0cter es fixava en les seves propostes. El discurs va ser molt important, qu\u00e8 deia, a qui ho deia, on ho deia i com ho deia.<\/span><\/p>\n<p style=\"text-align: justify;\"><span style=\"color: #ff0000;\">De la mateixa manera va ser molt important la seva proposta econ\u00f2mica. En una \u00e8poca on als ciutadans els costava arribar a final de mes va fer propostes que van impactar a la poblaci\u00f3.<\/span><\/p>\n<p style=\"text-align: justify;\"><span style=\"color: #ff0000;\">Per \u00faltim tamb\u00e9 va ser b\u00e0sica la seva campanya digital. La seva utilitzaci\u00f3 del microtargeting va ser molt important i va ser molt efectiva.<\/span><\/p>\n<p style=\"text-align: justify;\"><span style=\"color: #0000ff;\">Com \u00e9s que el Partit Republic\u00e0 amb una organitzaci\u00f3 molt estructurada i assentada i amb una s\u00f2lida tradici\u00f3 adquirida a trav\u00e9s dels anys, va permetre que un personatge com Donald Trump guany\u00e9s les prim\u00e0ries del partit i fos presidenciable?<\/span><\/p>\n<p style=\"text-align: justify;\"><span style=\"color: #ff0000;\">Aquest \u00e9s un tema molt interessant. Quan va ser president en el seu primer mandat va dur a terme una estrat\u00e8gia de conversi\u00f3-substituci\u00f3 a dins del partit. Va ser president del Partit Republic\u00e0 i va conv\u00e8ncer gent suficient perqu\u00e8 el sector que no estava d\u2019acord amb ell no fos votat per entrar al Congr\u00e9s (que funciona per votacions bianuals).<\/span><\/p>\n<p style=\"text-align: justify;\"><span style=\"color: #0000ff;\">Dius que Donald Trump va guanyar les eleccions a les xarxes socials. Tot i aix\u00f2 el Partit Dem\u00f2crata va invertir m\u00e9s diners a les xarxes socials durant la campanya electoral. Aix\u00f2 vol dir que els dem\u00f2crates no en saben prou o b\u00e9 que l\u2019equip de campanya de Trump van implementar estrat\u00e8gies innovadores?<\/span><\/p>\n<p style=\"text-align: justify;\"><span style=\"color: #ff0000;\">El missatge de Trump \u00e9s molt concentrat. All\u00f2 que diu t\u2019atreu. Es basa en identificar dos o tres problemes al pa\u00eds, culpabilitza a un parell de minories i captar la teva atenci\u00f3.<\/span><\/p>\n<p style=\"text-align: justify;\"><span style=\"color: #ff0000;\">No \u00e9s tant la inversi\u00f3 sin\u00f3 l\u2019estrat\u00e8gia. El missatge de Trump ha impactat molt a la gent. El fet d\u2019utilitzar el microtargeting, que \u00e9s seleccionar el missatge segons a la gent que es dirigeix ha estat important\u00edssim.<\/span><\/p>\n<p style=\"text-align: justify;\"><span style=\"color: #ff0000;\">Tamb\u00e9 \u00e9s important el sector dels influencers. Si tens el podcaster m\u00e9s fam\u00f3s del m\u00f3n al teu favor, tens a un fam\u00f3s activista que es mou per les universitats americanes treballant pel vot, i tens a un home com l\u2019Elon Musk que inverteix tants diners, tot plegat es converteix en una combinaci\u00f3 infal\u00b7lible.<\/span><\/p>\n<p style=\"text-align: justify;\"><span style=\"color: #0000ff;\">Al final del teu treball parles de si aix\u00f2 es podria traslladar a la pol\u00edtica espanyola o catalana i afirmes que no. No penses que d\u2019alguna manera ja est\u00e0 passant? Partits radicals i minoritaris no intenten calcar aquesta estrat\u00e8gia electoral? Busco un problema, culpo un col\u00b7lectiu i t\u2019ofereixo una soluci\u00f3.<\/span><\/p>\n<p style=\"text-align: justify;\"><span style=\"color: #ff0000;\">L\u2019estrat\u00e8gia est\u00e0 sent la mateixa i el missatge \u00e9s molt similar al de Trump per\u00f2 al no tenir el mateix sistema de govern no s\u2019obtenen els mateixos resultats. Els Estats Units tenen un sistema presidencialista i aqu\u00ed el tenim parlamentari. Per tant no crec que pugui arribar a tenir les mateixes conseq\u00fc\u00e8ncies aqu\u00ed.<\/span><\/p>\n<p style=\"text-align: justify;\"><span style=\"color: #0000ff;\">Dius que Trump t\u00e9 habilitats discursives, realment \u00e9s aix\u00ed?<\/span><\/p>\n<p style=\"text-align: justify;\"><span style=\"color: #ff0000;\">En un m\u00f3n que est\u00e0 tan pendent de les xarxes socials, si tens un discurs molt senzill i impactant captes l\u2019atenci\u00f3.<\/span><\/p>\n<p style=\"text-align: justify;\"><span style=\"color: #ff0000;\">Tamb\u00e9 t\u00e9 a veure amb el nivell cultural i educacional de la poblaci\u00f3 nordamericana. Com a exemple, a les eleccions hi va haver un estat que va votar un\u00e0nimement per Harris (que encap\u00e7ala els r\u00e0nquings d\u2019educaci\u00f3 i sanitat) i un estat que va votar un\u00e0nimement per Trump (que est\u00e0 \u00faltim en els r\u00e0nquings d\u2019educaci\u00f3 i sanitat).<\/span><\/p>\n<p style=\"text-align: justify;\">Doncs acabem aqu\u00ed aquesta entrevista tan interesant, i \u00e9s obligat un agra\u00efment a l\u2019Ariadna per la seva col\u00b7laboraci\u00f3 i un reconeixement a la professora Pilar Tomas, que ha tutoritzat aquest treball.<\/p>\n","protected":false},"excerpt":{"rendered":"<p>El treball de recerca \u00e9s una tasca d\u2019investigaci\u00f3 que fa tot alumnat de batxillerat. Es treballa aproximadament des de finals de 1r de batxillerat i durant el primer trimestre de 2n de batxillerat.<br \/>\nDes de l\u2019Institut Pere Ribot volem recon\u00e8ixer l\u2019excel\u00b7l\u00e8ncia i publicar entrevistes a l\u2019alumnat&hellip;  <a href=\"https:\/\/agora.xtec.cat\/ins-pere-ribot\/portada\/general\/serie-dentrevistes-treballs-de-recerca-ariadna-martin-i-el-seu-treball-la-paradoxa-trump-analisi-de-lestrategia-pel-retorn-a-la-casa-blanca\/\" title=\"Read S\u00e8rie d&#8217;entrevistes treballs de recerca: Ariadna Mart\u00edn i el seu treball La paradoxa Trump: an\u00e0lisi de l\u2019estrat\u00e8gia pel retorn a la Casa Blanca\">Llegeix m\u00e9s\u00bb<\/a><\/p>\n","protected":false},"author":47,"featured_media":7475,"comment_status":"open","ping_status":"open","sticky":false,"template":"","format":"standard","meta":{"_bbp_topic_count":0,"_bbp_reply_count":0,"_bbp_total_topic_count":0,"_bbp_total_reply_count":0,"_bbp_voice_count":0,"_bbp_anonymous_reply_count":0,"_bbp_topic_count_hidden":0,"_bbp_reply_count_hidden":0,"_bbp_forum_subforum_count":0,"footnotes":""},"categories":[1],"tags":[],"class_list":["post-7472","post","type-post","status-publish","format-standard","has-post-thumbnail","hentry","category-general"],"post_mailing_queue_ids":[],"_links":{"self":[{"href":"https:\/\/agora.xtec.cat\/ins-pere-ribot\/wp-json\/wp\/v2\/posts\/7472","targetHints":{"allow":["GET"]}}],"collection":[{"href":"https:\/\/agora.xtec.cat\/ins-pere-ribot\/wp-json\/wp\/v2\/posts"}],"about":[{"href":"https:\/\/agora.xtec.cat\/ins-pere-ribot\/wp-json\/wp\/v2\/types\/post"}],"author":[{"embeddable":true,"href":"https:\/\/agora.xtec.cat\/ins-pere-ribot\/wp-json\/wp\/v2\/users\/47"}],"replies":[{"embeddable":true,"href":"https:\/\/agora.xtec.cat\/ins-pere-ribot\/wp-json\/wp\/v2\/comments?post=7472"}],"version-history":[{"count":1,"href":"https:\/\/agora.xtec.cat\/ins-pere-ribot\/wp-json\/wp\/v2\/posts\/7472\/revisions"}],"predecessor-version":[{"id":7474,"href":"https:\/\/agora.xtec.cat\/ins-pere-ribot\/wp-json\/wp\/v2\/posts\/7472\/revisions\/7474"}],"wp:featuredmedia":[{"embeddable":true,"href":"https:\/\/agora.xtec.cat\/ins-pere-ribot\/wp-json\/wp\/v2\/media\/7475"}],"wp:attachment":[{"href":"https:\/\/agora.xtec.cat\/ins-pere-ribot\/wp-json\/wp\/v2\/media?parent=7472"}],"wp:term":[{"taxonomy":"category","embeddable":true,"href":"https:\/\/agora.xtec.cat\/ins-pere-ribot\/wp-json\/wp\/v2\/categories?post=7472"},{"taxonomy":"post_tag","embeddable":true,"href":"https:\/\/agora.xtec.cat\/ins-pere-ribot\/wp-json\/wp\/v2\/tags?post=7472"}],"curies":[{"name":"wp","href":"https:\/\/api.w.org\/{rel}","templated":true}]}}