{"id":7467,"date":"2026-03-27T08:54:23","date_gmt":"2026-03-27T07:54:23","guid":{"rendered":"https:\/\/agora.xtec.cat\/ins-pere-ribot\/?p=7467"},"modified":"2026-03-27T08:54:23","modified_gmt":"2026-03-27T07:54:23","slug":"serie-dentrevistes-treballs-de-recerca-andrea-castro-i-el-seu-treball-comparacio-de-lefectivitat-dantibiotics-sintetics-i-dantibiotics-naturals-sobre-cultius-bacterians","status":"publish","type":"post","link":"https:\/\/agora.xtec.cat\/ins-pere-ribot\/portada\/general\/serie-dentrevistes-treballs-de-recerca-andrea-castro-i-el-seu-treball-comparacio-de-lefectivitat-dantibiotics-sintetics-i-dantibiotics-naturals-sobre-cultius-bacterians\/","title":{"rendered":"S\u00e8rie d&#8217;entrevistes treballs de recerca: Andrea Castro i el seu treball Comparaci\u00f3 de l\u2019efectivitat d\u2019antibi\u00f2tics sint\u00e8tics i d\u2019antibi\u00f2tics naturals sobre cultius bacterians"},"content":{"rendered":"<p style=\"text-align: justify;\">El treball de recerca \u00e9s una tasca d\u2019investigaci\u00f3 que fa tot alumnat de batxillerat. Es treballa aproximadament des de finals de 1r de batxillerat i durant el primer trimestre de 2n de batxillerat.<a href=\"https:\/\/agora.xtec.cat\/ins-pere-ribot\/wp-content\/uploads\/usu1167\/2026\/03\/tr-dani-3.jpg\"><img loading=\"lazy\" decoding=\"async\" class=\" wp-image-7470 alignright\" src=\"https:\/\/agora.xtec.cat\/ins-pere-ribot\/wp-content\/uploads\/usu1167\/2026\/03\/tr-dani-3.jpg\" alt=\"\" width=\"304\" height=\"171\" srcset=\"https:\/\/agora.xtec.cat\/ins-pere-ribot\/wp-content\/uploads\/usu1167\/2026\/03\/tr-dani-3.jpg 1280w, https:\/\/agora.xtec.cat\/ins-pere-ribot\/wp-content\/uploads\/usu1167\/2026\/03\/tr-dani-3-300x169.jpg 300w, https:\/\/agora.xtec.cat\/ins-pere-ribot\/wp-content\/uploads\/usu1167\/2026\/03\/tr-dani-3-1024x576.jpg 1024w, https:\/\/agora.xtec.cat\/ins-pere-ribot\/wp-content\/uploads\/usu1167\/2026\/03\/tr-dani-3-768x432.jpg 768w\" sizes=\"auto, (max-width: 304px) 100vw, 304px\" \/><\/a><\/p>\n<p style=\"text-align: justify;\">Des de l\u2019Institut Pere Ribot volem recon\u00e8ixer l\u2019excel\u00b7l\u00e8ncia i publicar entrevistes a l\u2019alumnat que aix\u00ed ho desitgi que hagi obtingut una nota de 10 i d\u2019aquesta manera recon\u00e8ixer el gran esfor\u00e7 realitzat.<\/p>\n<p style=\"text-align: justify;\">Continuem aquesta s\u00e8rie d\u2019entrevistes amb l\u2019<strong><span style=\"color: #000000;\">Andrea Castro<\/span><\/strong> i la primera cosa que volem fer \u00e9s felicitar-te per la nota, per\u00f2 sobretot per l\u2019esfor\u00e7 i la implicaci\u00f3 que has tingut en la seva confecci\u00f3, \u00e9s a dir, per la feina feta.<\/p>\n<p style=\"text-align: justify;\">El teu treball es titula <span style=\"color: #000000;\"><strong><em>Comparaci\u00f3 de l\u2019efectivitat d\u2019antibi\u00f2tics sint\u00e8tics i d\u2019antibi\u00f2tics naturals sobre cultius bacterians <\/em><\/strong><\/span>i de ben segur que podries estar hores parlant d\u2019ell, per\u00f2 hem d\u2019intentar sintetitzar. \u00c9s per aix\u00f2 que ens deixarem coses de les quals parlar i, per tant, ja demanem disculpes per endavant.<\/p>\n<p style=\"text-align: justify;\">Per\u00f2, anem al gra!<\/p>\n<p style=\"text-align: justify;\"><span style=\"color: #0000ff;\">El primer de tot \u00e9s saber perqu\u00e8 has escollit aquest tema. Qu\u00e8 et va portar a decidir-te, quina va ser la teva motivaci\u00f3?<\/span><\/p>\n<p style=\"text-align: justify;\"><span style=\"color: #ff0000;\">Tenia clar que el meu treball havia de ser de biologia i de la medicina perqu\u00e8 la meva intenci\u00f3 era estudiar a la universitat aquest \u00e0mbit de la ci\u00e8ncia.<\/span><\/p>\n<p style=\"text-align: justify;\"><span style=\"color: #ff0000;\">Em vaig preguntar si algun remei tradicional fet a casa tenia propietats antibacterianes i que pogu\u00e9s ser efectiu contra bacteris de la mateixa manera que els antibi\u00f2tics sint\u00e8tics. I aquesta va ser la base i el punt de partida del meu treball de recerca.<\/span><\/p>\n<p style=\"text-align: justify;\"><span style=\"color: #0000ff;\">Ara et demanar\u00e9 una cosa molt dif\u00edcil: resumeix-nos en un parell de frases tot el teu treball.<\/span><\/p>\n<p style=\"text-align: justify;\"><span style=\"color: #ff0000;\">En el meu treball de recerca comparo l\u2019efic\u00e0cia dels antibi\u00f2tics naturals i els sint\u00e8tics davant determinats pat\u00f2gens.<\/span><\/p>\n<p style=\"text-align: justify;\"><span style=\"color: #0000ff;\">Tot i que el resultat del treball \u00e9s evidentment excel\u00b7lent, de ben segur que has tingut moments de dubtes, de densa documentaci\u00f3, &#8230; Has trobat gaires entrebancs o dificultats per confeccionar el teu treball?<\/span><\/p>\n<p style=\"text-align: justify;\"><span style=\"color: #ff0000;\">El meu treball es basa en una tasca b\u00e0sicament experimental de laboratori, i ho he fet al laboratori de l\u2019institut, que t\u00e9 les seves mancances i limitacions en temes d\u2019esterilitat. Tot i aix\u00f2 no ha limitat el meu treball, nom\u00e9s l\u2019ha dificultat.<a href=\"https:\/\/agora.xtec.cat\/ins-pere-ribot\/wp-content\/uploads\/usu1167\/2026\/03\/tr-dani.jpg\"><img loading=\"lazy\" decoding=\"async\" class=\" wp-image-7469 alignleft\" src=\"https:\/\/agora.xtec.cat\/ins-pere-ribot\/wp-content\/uploads\/usu1167\/2026\/03\/tr-dani.jpg\" alt=\"\" width=\"351\" height=\"468\" srcset=\"https:\/\/agora.xtec.cat\/ins-pere-ribot\/wp-content\/uploads\/usu1167\/2026\/03\/tr-dani.jpg 1200w, https:\/\/agora.xtec.cat\/ins-pere-ribot\/wp-content\/uploads\/usu1167\/2026\/03\/tr-dani-225x300.jpg 225w, https:\/\/agora.xtec.cat\/ins-pere-ribot\/wp-content\/uploads\/usu1167\/2026\/03\/tr-dani-768x1024.jpg 768w, https:\/\/agora.xtec.cat\/ins-pere-ribot\/wp-content\/uploads\/usu1167\/2026\/03\/tr-dani-1152x1536.jpg 1152w\" sizes=\"auto, (max-width: 351px) 100vw, 351px\" \/><\/a><\/span><\/p>\n<p style=\"text-align: justify;\"><span style=\"color: #0000ff;\">De tot el treball i del seu proc\u00e9s de confecci\u00f3, quin \u00e9s el coneixement, la dada o la conclusi\u00f3 que m\u00e9s t\u2019ha impactat i que t\u2019agradaria destacar?<\/span><\/p>\n<p style=\"text-align: justify;\"><span style=\"color: #ff0000;\">El fet de veure de primera m\u00e0 les inhibicions dels radis dels antibi\u00f2tics ha estat molt interessant.<\/span><\/p>\n<p style=\"text-align: justify;\"><span style=\"color: #0000ff;\">Del teu treball, vols destacar algun altre aspecte o explicar alguna an\u00e8cdota?<\/span><\/p>\n<p style=\"text-align: justify;\"><span style=\"color: #ff0000;\">Les plaques de farigola i de gingebre no van tenir cap inhibici\u00f3 en cap bacteri per\u00f2 si que van apar\u00e8ixer fongs que per manca de temps i de recursos no vaig poder analitzar.<\/span><\/p>\n<p style=\"text-align: justify;\"><span style=\"color: #0000ff;\">Quan parles dels antibi\u00f2tics no m\u2019ha quedat clar si aquests maten el bacteri o simplement inhibeixen el seu creixement.<\/span><\/p>\n<p style=\"text-align: justify;\"><span style=\"color: #ff0000;\">De fet hi ha dos tipus de bacteris, els bactericides, que s\u00f3n els que maten el bacteris i els bacteriost\u00e0tics, que frenen el creixement i ajuden al sistema immunitari a poder superar la infecci\u00f3.<\/span><\/p>\n<p style=\"text-align: justify;\"><span style=\"color: #0000ff;\">Quan dius que fas els antibiogrames parles que sembres bacteris. D\u2019on has tret els bacteris?<\/span><\/p>\n<p style=\"text-align: justify;\"><span style=\"color: #ff0000;\">Els bacteris me\u2019ls ha facilitat l\u2019institut, a trav\u00e9s del CESIRE que \u00e9s el Centre de Recursos Pedag\u00f2gics Espec\u00edfics de Suport a la Innovaci\u00f3 i a la Recerca Educativa del Departament d\u2019Educaci\u00f3.<\/span><\/p>\n<p style=\"text-align: justify;\"><span style=\"color: #ff0000;\">Et fan arribar els bacteris en unes dissolucions i amb una pipeta els vaig sembrar a les plaques de petri.<\/span><\/p>\n<p style=\"text-align: justify;\"><span style=\"color: #0000ff;\">Parles de bacteris capa\u00e7os de viure en medis extrems.<\/span><\/p>\n<p style=\"text-align: justify;\"><span style=\"color: #ff0000;\">S\u00ed, per exemple el serratia marcescens que a l\u2019experiment ha estat resistent a tots els antibi\u00f2tics excepte a l\u2019amoxicil\u00b7lina, \u00e9s capa\u00e7 de viure a gaireb\u00e9 tots els medis possibles que hi ha a la terra i aix\u00f2 els permet tenir una resist\u00e8ncia molt alta.<\/span><\/p>\n<p style=\"text-align: justify;\"><span style=\"color: #0000ff;\">Tots els antibi\u00f2tics serveixen per a tots els bacteris?<\/span><\/p>\n<p style=\"text-align: justify;\"><span style=\"color: #ff0000;\">No. Hi ha antibi\u00f2tics que ataquen a la paret cel\u00b7lular del bacteri, n\u2019hi ha que inhibeixen, i segons el bacteri que tinguis ser\u00e0 m\u00e9s efectiu un o un altre antibi\u00f2tic. Tot i aix\u00ed hi ha antibi\u00f2tics d\u2019espectre ampli com per exemple l\u2019amoxicil\u00b7lina.<\/span><\/p>\n<p style=\"text-align: justify;\"><span style=\"color: #0000ff;\">Quan de temps has de deixar actuar els antibi\u00f2tics amb els bacteris a les plaques de petri per poder obtenir resultats fiables? I en quines condicions?<\/span><\/p>\n<p style=\"text-align: justify;\"><span style=\"color: #ff0000;\">Vaig haver de posar aquestes plaques a la incubadora de l\u2019institut, a una certa temperatura durant uns tres dies per fer les primeres observacions, despr\u00e9s dos dies m\u00e9s. Es tracta de fer un seguiment constant.<\/span><\/p>\n<p style=\"text-align: justify;\"><span style=\"color: #0000ff;\">Vols afegir alguna cosa m\u00e9s abans d\u2019acabar l\u2019entrevista?<\/span><\/p>\n<p style=\"text-align: justify;\"><span style=\"color: #ff0000;\">Abans d\u2019acabar m\u2019agradaria destacar que dels antibi\u00f2tics naturals nom\u00e9s l\u2019all ha aconseguit efectes antibacterians. La farigola i el gingebre no van tenir cap inhibici\u00f3 i per tant puc concloure que no son antibacterians per\u00f2 s\u00ed antiinflamatoris.<\/span><\/p>\n<p style=\"text-align: justify;\">Doncs acabem aqu\u00ed aquesta entrevista tan interesant, i \u00e9s obligat un agra\u00efment a l\u2019Andrea per la seva col\u00b7laboraci\u00f3 i un reconeixement a la professora Elisa Vegas, que ha tutoritzat aquest treball.<\/p>\n<p><a href=\"https:\/\/agora.xtec.cat\/ins-pere-ribot\/wp-content\/uploads\/usu1167\/2026\/03\/tr-dani-2.jpg\"><img loading=\"lazy\" decoding=\"async\" class=\"aligncenter size-full wp-image-7468\" src=\"https:\/\/agora.xtec.cat\/ins-pere-ribot\/wp-content\/uploads\/usu1167\/2026\/03\/tr-dani-2.jpg\" alt=\"\" width=\"1200\" height=\"1600\" srcset=\"https:\/\/agora.xtec.cat\/ins-pere-ribot\/wp-content\/uploads\/usu1167\/2026\/03\/tr-dani-2.jpg 1200w, https:\/\/agora.xtec.cat\/ins-pere-ribot\/wp-content\/uploads\/usu1167\/2026\/03\/tr-dani-2-225x300.jpg 225w, https:\/\/agora.xtec.cat\/ins-pere-ribot\/wp-content\/uploads\/usu1167\/2026\/03\/tr-dani-2-768x1024.jpg 768w, https:\/\/agora.xtec.cat\/ins-pere-ribot\/wp-content\/uploads\/usu1167\/2026\/03\/tr-dani-2-1152x1536.jpg 1152w\" sizes=\"auto, (max-width: 1200px) 100vw, 1200px\" \/><\/a><\/p>\n","protected":false},"excerpt":{"rendered":"<p>El treball de recerca \u00e9s una tasca d\u2019investigaci\u00f3 que fa tot alumnat de batxillerat. Es treballa aproximadament des de finals de 1r de batxillerat i durant el primer trimestre de 2n de batxillerat.<a href=\"https:\/\/agora.xtec.cat\/ins-pere-ribot\/wp-content\/uploads\/usu1167\/2026\/03\/tr-dani-3.jpg\"><\/a><br \/>\nDes de l\u2019Institut Pere Ribot volem recon\u00e8ixer l\u2019excel\u00b7l\u00e8ncia i publicar entrevistes a&hellip;  <a href=\"https:\/\/agora.xtec.cat\/ins-pere-ribot\/portada\/general\/serie-dentrevistes-treballs-de-recerca-andrea-castro-i-el-seu-treball-comparacio-de-lefectivitat-dantibiotics-sintetics-i-dantibiotics-naturals-sobre-cultius-bacterians\/\" title=\"Read S\u00e8rie d&#8217;entrevistes treballs de recerca: Andrea Castro i el seu treball Comparaci\u00f3 de l\u2019efectivitat d\u2019antibi\u00f2tics sint\u00e8tics i d\u2019antibi\u00f2tics naturals sobre cultius bacterians\">Llegeix m\u00e9s\u00bb<\/a><\/p>\n","protected":false},"author":47,"featured_media":7470,"comment_status":"open","ping_status":"open","sticky":false,"template":"","format":"standard","meta":{"_bbp_topic_count":0,"_bbp_reply_count":0,"_bbp_total_topic_count":0,"_bbp_total_reply_count":0,"_bbp_voice_count":0,"_bbp_anonymous_reply_count":0,"_bbp_topic_count_hidden":0,"_bbp_reply_count_hidden":0,"_bbp_forum_subforum_count":0,"footnotes":""},"categories":[1],"tags":[],"class_list":["post-7467","post","type-post","status-publish","format-standard","has-post-thumbnail","hentry","category-general"],"post_mailing_queue_ids":[],"_links":{"self":[{"href":"https:\/\/agora.xtec.cat\/ins-pere-ribot\/wp-json\/wp\/v2\/posts\/7467","targetHints":{"allow":["GET"]}}],"collection":[{"href":"https:\/\/agora.xtec.cat\/ins-pere-ribot\/wp-json\/wp\/v2\/posts"}],"about":[{"href":"https:\/\/agora.xtec.cat\/ins-pere-ribot\/wp-json\/wp\/v2\/types\/post"}],"author":[{"embeddable":true,"href":"https:\/\/agora.xtec.cat\/ins-pere-ribot\/wp-json\/wp\/v2\/users\/47"}],"replies":[{"embeddable":true,"href":"https:\/\/agora.xtec.cat\/ins-pere-ribot\/wp-json\/wp\/v2\/comments?post=7467"}],"version-history":[{"count":1,"href":"https:\/\/agora.xtec.cat\/ins-pere-ribot\/wp-json\/wp\/v2\/posts\/7467\/revisions"}],"predecessor-version":[{"id":7471,"href":"https:\/\/agora.xtec.cat\/ins-pere-ribot\/wp-json\/wp\/v2\/posts\/7467\/revisions\/7471"}],"wp:featuredmedia":[{"embeddable":true,"href":"https:\/\/agora.xtec.cat\/ins-pere-ribot\/wp-json\/wp\/v2\/media\/7470"}],"wp:attachment":[{"href":"https:\/\/agora.xtec.cat\/ins-pere-ribot\/wp-json\/wp\/v2\/media?parent=7467"}],"wp:term":[{"taxonomy":"category","embeddable":true,"href":"https:\/\/agora.xtec.cat\/ins-pere-ribot\/wp-json\/wp\/v2\/categories?post=7467"},{"taxonomy":"post_tag","embeddable":true,"href":"https:\/\/agora.xtec.cat\/ins-pere-ribot\/wp-json\/wp\/v2\/tags?post=7467"}],"curies":[{"name":"wp","href":"https:\/\/api.w.org\/{rel}","templated":true}]}}