{"id":9770,"date":"2025-07-24T09:59:00","date_gmt":"2025-07-24T07:59:00","guid":{"rendered":"https:\/\/agora.xtec.cat\/ins-nauticabcn\/?p=9770"},"modified":"2025-09-08T14:43:37","modified_gmt":"2025-09-08T12:43:37","slug":"informacio-inscripcio-llista-despera-de-cicles-formatius-i-pfi","status":"publish","type":"post","link":"https:\/\/agora.xtec.cat\/ins-nauticabcn\/portada\/informacio-inscripcio-llista-despera-de-cicles-formatius-i-pfi\/","title":{"rendered":"Informaci\u00f3 inscripci\u00f3 llista d&#8217;espera de Cicles Formatius i PFI"},"content":{"rendered":"<p>Un cop finalitzat el proc\u00e9s de preinscripci\u00f3 i matr\u00edcula ordinari \u00e9s possible que ens quedin places disponibles. Hem preparat el seg\u00fcent formulari de Google que us deixem a continuaci\u00f3 per a que aquells interessats que no heu participat en el proc\u00e9s de preinscripci\u00f3 o no heu obtingut cap pla\u00e7a, us podeu registrar aqu\u00ed perqu\u00e8 contactem amb vosaltres per ordre d&#8217;inscripci\u00f3 a partir del 5 de setembre.<\/p>\n<p><strong>Trobareu el formulari <\/strong><strong>aqu\u00ed.<\/strong><\/p>\n<p>&nbsp;<\/p>\n<p><img loading=\"lazy\" decoding=\"async\" class=\"aligncenter wp-image-9522 size-medium\" src=\"https:\/\/agora.xtec.cat\/ins-nauticabcn\/wp-content\/uploads\/usu313\/2025\/05\/pencil-308509_1280-293x300.png\" alt=\"\" width=\"293\" height=\"300\" srcset=\"https:\/\/agora.xtec.cat\/ins-nauticabcn\/wp-content\/uploads\/usu313\/2025\/05\/pencil-308509_1280-293x300.png 293w, https:\/\/agora.xtec.cat\/ins-nauticabcn\/wp-content\/uploads\/usu313\/2025\/05\/pencil-308509_1280-998x1024.png 998w, https:\/\/agora.xtec.cat\/ins-nauticabcn\/wp-content\/uploads\/usu313\/2025\/05\/pencil-308509_1280-768x788.png 768w, https:\/\/agora.xtec.cat\/ins-nauticabcn\/wp-content\/uploads\/usu313\/2025\/05\/pencil-308509_1280.png 1248w\" sizes=\"auto, (max-width: 293px) 100vw, 293px\" \/><\/p>\n","protected":false},"excerpt":{"rendered":"<p>Hem preparat el seg\u00fcent formulari de Google perqu\u00e8 contactem amb vosaltres per ordre d&#8217;inscripci\u00f3 a partir del 5 de setembre.&hellip;  <a href=\"https:\/\/agora.xtec.cat\/ins-nauticabcn\/portada\/informacio-inscripcio-llista-despera-de-cicles-formatius-i-pfi\/\" title=\"Read Informaci\u00f3 inscripci\u00f3 llista d&#8217;espera de Cicles Formatius i PFI\">Llegeix m\u00e9s\u00bb<\/a><\/p>\n","protected":false},"author":1,"featured_media":9524,"comment_status":"closed","ping_status":"open","sticky":false,"template":"","format":"standard","meta":{"_bbp_topic_count":0,"_bbp_reply_count":0,"_bbp_total_topic_count":0,"_bbp_total_reply_count":0,"_bbp_voice_count":0,"_bbp_anonymous_reply_count":0,"_bbp_topic_count_hidden":0,"_bbp_reply_count_hidden":0,"_bbp_forum_subforum_count":0,"footnotes":""},"categories":[29,101],"tags":[],"class_list":["post-9770","post","type-post","status-publish","format-standard","has-post-thumbnail","hentry","category-portada","category-secretaria"],"post_mailing_queue_ids":[],"_links":{"self":[{"href":"https:\/\/agora.xtec.cat\/ins-nauticabcn\/wp-json\/wp\/v2\/posts\/9770","targetHints":{"allow":["GET"]}}],"collection":[{"href":"https:\/\/agora.xtec.cat\/ins-nauticabcn\/wp-json\/wp\/v2\/posts"}],"about":[{"href":"https:\/\/agora.xtec.cat\/ins-nauticabcn\/wp-json\/wp\/v2\/types\/post"}],"author":[{"embeddable":true,"href":"https:\/\/agora.xtec.cat\/ins-nauticabcn\/wp-json\/wp\/v2\/users\/1"}],"replies":[{"embeddable":true,"href":"https:\/\/agora.xtec.cat\/ins-nauticabcn\/wp-json\/wp\/v2\/comments?post=9770"}],"version-history":[{"count":5,"href":"https:\/\/agora.xtec.cat\/ins-nauticabcn\/wp-json\/wp\/v2\/posts\/9770\/revisions"}],"predecessor-version":[{"id":9798,"href":"https:\/\/agora.xtec.cat\/ins-nauticabcn\/wp-json\/wp\/v2\/posts\/9770\/revisions\/9798"}],"wp:featuredmedia":[{"embeddable":true,"href":"https:\/\/agora.xtec.cat\/ins-nauticabcn\/wp-json\/wp\/v2\/media\/9524"}],"wp:attachment":[{"href":"https:\/\/agora.xtec.cat\/ins-nauticabcn\/wp-json\/wp\/v2\/media?parent=9770"}],"wp:term":[{"taxonomy":"category","embeddable":true,"href":"https:\/\/agora.xtec.cat\/ins-nauticabcn\/wp-json\/wp\/v2\/categories?post=9770"},{"taxonomy":"post_tag","embeddable":true,"href":"https:\/\/agora.xtec.cat\/ins-nauticabcn\/wp-json\/wp\/v2\/tags?post=9770"}],"curies":[{"name":"wp","href":"https:\/\/api.w.org\/{rel}","templated":true}]}}