{"id":9675,"date":"2025-07-29T09:00:14","date_gmt":"2025-07-29T07:00:14","guid":{"rendered":"https:\/\/agora.xtec.cat\/ins-nauticabcn\/?p=9675"},"modified":"2025-07-29T09:49:32","modified_gmt":"2025-07-29T07:49:32","slug":"publicacio-llistat-barems-provisionals-cicles-formatius-de-grau-mitja-i-grau-superior","status":"publish","type":"post","link":"https:\/\/agora.xtec.cat\/ins-nauticabcn\/general\/publicacio-llistat-barems-provisionals-cicles-formatius-de-grau-mitja-i-grau-superior\/","title":{"rendered":"Publicaci\u00f3 llistats d&#8217;assignacions i oferta definitiva Cicles Formatius de Grau Mitj\u00e0 i Grau Superior"},"content":{"rendered":"<p style=\"text-align: left;\"><strong>29 de juliol<\/strong><\/p>\n<p style=\"text-align: left;\">Avui s&#8217;han publicat els llistats amb la <strong>tercera\u00a0tanda d&#8217;assignacions<\/strong> per als Cicles Formatius de Grau Mitj\u00e0 i Grau Superior. Si est\u00e0s d&#8217;acord amb l&#8217;opci\u00f3 assignada, has de confirmar la pla\u00e7a abans del 31 de juliol a trav\u00e9s del SMS o correu electr\u00f2nic que has rebut i matricular-te<strong> del 30 de juliol<\/strong><strong> al 4 de setembre enviant la documentaci\u00f3 de matr\u00edcula al correu a8074847<span class=\"\">@xtec.ca<\/span>t o portar-la presencialment a la secretaria de l&#8217;Institut de 9 a 13 hores a partir de l&#8217;1 de setembre (trobareu la documentaci\u00f3 de matr\u00edcula al final d&#8217;aquesta p\u00e0gina web).\u00a0<\/strong><\/p>\n<p style=\"text-align: left;\"><a href=\"https:\/\/agora.xtec.cat\/ins-nauticabcn\/wp-content\/uploads\/usu313\/2025\/07\/3a-TANDA-CFGM-INFORME_ASSIGNADES_INFORME_ASSIGNADES.pdf\" target=\"_blank\" rel=\"noopener\">Llistat definitiu d&#8217;alumnes assignats a la tercera tanda per Grau Mitj\u00e0<\/a><\/p>\n<p style=\"text-align: left;\"><a href=\"https:\/\/agora.xtec.cat\/ins-nauticabcn\/wp-content\/uploads\/usu313\/2025\/07\/3a-TANDA-CFGS-INFORME_ASSIGNADES_INFORME_ASSIGNADES.pdf\" target=\"_blank\" rel=\"noopener\">Llistat definitiu d&#8217;alumnes assignats a la tercera tanda per Grau Superior<\/a><\/p>\n<p style=\"text-align: left;\">________________________________________________________________________________________________________________________________________________<\/p>\n<p style=\"text-align: left;\"><strong>18 de juliol<\/strong><\/p>\n<p style=\"text-align: left;\">Avui s&#8217;han publicat els llistats amb la <strong>segona tanda d&#8217;assignacions<\/strong> per als Cicles Formatius de Grau Mitj\u00e0 i Grau Superior. Si est\u00e0s d&#8217;acord amb l&#8217;opci\u00f3 assignada, has de confirmar la pla\u00e7a abans del 22 de juliol a trav\u00e9s del SMS o correu electr\u00f2nic que has rebut i matricular-te<strong> del 21<\/strong><strong> al 23 de juliol enviant la documentaci\u00f3 de matr\u00edcula al correu a8074847<span class=\"\">@xtec.ca<\/span>t o portar-la presencialment a la secretaria de l&#8217;Institut de 9 a 13 hores (trobareu la documentaci\u00f3 de matr\u00edcula al final d&#8217;aquesta p\u00e0gina web).<\/strong><\/p>\n<p style=\"text-align: left;\">Si vols millorar l&#8217;opci\u00f3 provisional en cas de que s&#8217;alliberin places, has de confirmar pla\u00e7a provisional, has d&#8217;indicar &#8220;vull millorar l&#8217;opci\u00f3&#8221; en el 3r torn i no t&#8217;has de matricular encara.<strong><span style=\"color: #ff0000;\"> Si renuncies a la pla\u00e7a o no la confirmes, et quedar\u00e0s fora del proc\u00e9s i s&#8217;alliberar\u00e0 la teva pla\u00e7a per al seg\u00fcent torn.<\/span><\/strong><\/p>\n<p style=\"text-align: left;\"><a href=\"https:\/\/agora.xtec.cat\/ins-nauticabcn\/wp-content\/uploads\/usu313\/2025\/07\/2a-TANDA-GRAU-MITJA-INFORME_ASSIGNADES_INFORME_ASSIGNADES.pdf\" target=\"_blank\" rel=\"noopener\">Llistat definitiu d&#8217;alumnes assignats a la segona tanda per Grau Mitj\u00e0<\/a><\/p>\n<p style=\"text-align: left;\"><a href=\"https:\/\/agora.xtec.cat\/ins-nauticabcn\/wp-content\/uploads\/usu313\/2025\/07\/2a-TANDA-GRAU-SUPERIOR-INFORME_ASSIGNADES_INFORME_ASSIGNADES.pdf\" target=\"_blank\" rel=\"noopener\">Llistat definitiu d&#8217;alumnes assignats a la segona tanda per Grau Superior<\/a><\/p>\n<p style=\"text-align: left;\">________________________________________________________________________________________________________________________________________________<\/p>\n<p style=\"text-align: left;\"><strong>10 de juliol<\/strong><\/p>\n<p style=\"text-align: left;\"><strong>Podeu consultar els llistats de la PRIMERA TANDA D&#8217;ASSIGNACIONS a continuaci\u00f3 :<\/strong><\/p>\n<p style=\"text-align: left;\"><a href=\"https:\/\/agora.xtec.cat\/ins-nauticabcn\/wp-content\/uploads\/usu313\/2025\/07\/INFORME_ASSIGNADES_INFORME_ASSIGNADES-1A-TANDA-CFGM.pdf\" target=\"_blank\" rel=\"noopener\">Llistat definitiu d&#8217;alumnes assignats a la primera tanda per Grau Mitj\u00e0<\/a><\/p>\n<p style=\"text-align: left;\"><a href=\"https:\/\/agora.xtec.cat\/ins-nauticabcn\/wp-content\/uploads\/usu313\/2025\/07\/INFORME_ASSIGNADES_INFORME_ASSIGNADES-1A-TANDA-CFGS.pdf\" target=\"_blank\" rel=\"noopener\">Llistat definitiu d&#8217;alumnes assignats a la primera tanda per Grau Superior<\/a><\/p>\n<p style=\"text-align: left;\"><span style=\"color: #ff0000;\"><strong>IMPORTANT!! <\/strong><\/span><strong>De l&#8217;11 al 14 de juliol l&#8217;alumnat amb ordre de petici\u00f3 &#8220;1&#8221; ha de confirmar pla\u00e7a a trav\u00e9s del correu o SMS que ha rebut. Un cop fet aix\u00f2, ha de matricular-se de l&#8217;11 al 23 de juliol enviant la documentaci\u00f3 de matr\u00edcula al correu a8074847<span class=\"\">@xtec.ca<\/span>t o portar-la presencialment a la secretaria de l&#8217;Institut de 9 a 13 hores.\u00a0\u00a0<\/strong><\/p>\n<p style=\"text-align: left;\">________________________________________________________________________________________________________________________________________________<\/p>\n<p style=\"text-align: left;\"><strong>Podeu descarregar la documentaci\u00f3 de matr\u00edcula aqu\u00ed:\u00a0<\/strong><\/p>\n<p style=\"text-align: left;\"><a href=\"https:\/\/drive.google.com\/drive\/folders\/1wbm-R9_44BqLYfjEgGzf40aTDn8XWHWM?usp=drive_link\" target=\"_blank\" rel=\"noopener\">Documents matr\u00edcula Grau Mitj\u00e0 de Manteniment d&#8217;Embarcacions d&#8217;Esbarjo<\/a><\/p>\n<p style=\"text-align: left;\"><a href=\"https:\/\/drive.google.com\/drive\/folders\/1vimrNOvM_i2uBH2qnACnp6EETMxAsptM?usp=drive_link\" target=\"_blank\" rel=\"noopener\">Documents matr\u00edcula Grau Superior de Sistemes el\u00e8ctrics i de navegaci\u00f3<\/a><\/p>\n<p style=\"text-align: left;\"><a href=\"https:\/\/drive.google.com\/drive\/folders\/1woeSxNsfVri0YPz9UhCk7yYHupvD5r3C?usp=drive_link\" target=\"_blank\" rel=\"noopener\">Documents de matr\u00edcula Grau Superior d&#8217;Ensenyament i Animaci\u00f3 Socioesportiu<\/a><\/p>\n<p style=\"text-align: left;\"><strong>Juntament amb aquesta documentaci\u00f3 ens heu de portar\/enviar:<\/strong><\/p>\n<p style=\"text-align: left;\">DNI de l&#8217;alumne, targeta sanit\u00e0ria, requisit acad\u00e8mic d&#8217;acc\u00e9s (t\u00edtol de l&#8217;ESO, Batxillerat,etc), DNI del pare\/mare en cas que l&#8217;alumne sigui menor d&#8217;edat.<\/p>\n<p style=\"text-align: left;\">Correu del centre: <strong>a8074847<span class=\"\">@xtec.ca<\/span>t<\/strong><\/p>\n<p style=\"text-align: left;\"><strong>Podeu\u00a0 consultar l&#8217;oferta definitiva de places aqu\u00ed:<\/strong><\/p>\n<p style=\"text-align: left;\"><a href=\"https:\/\/agora.xtec.cat\/ins-nauticabcn\/wp-content\/uploads\/usu313\/2025\/07\/INFORME_OFERTA_OME_INFORME_OFERTA-CFGM-DEFINITIVA.pdf\" target=\"_blank\" rel=\"noopener\">Oferta definitiva per a Grau Mitj\u00e0<\/a><\/p>\n<p style=\"text-align: left;\"><a href=\"https:\/\/agora.xtec.cat\/ins-nauticabcn\/wp-content\/uploads\/usu313\/2025\/07\/INFORME_OFERTA_OME_INFORME_OFERTA-CFGS-DEFINITIVA.pdf\" target=\"_blank\" rel=\"noopener\">Oferta definitiva per a Grau Superior<\/a><\/p>\n<p style=\"text-align: left;\"><strong>Podeu consultar el calendari del proc\u00e9s de preinscripci\u00f3 i matr\u00edcula de Grau Mitj\u00e0<\/strong> <a href=\"https:\/\/preinscripcio.gencat.cat\/ca\/estudis\/fp-grau-mitja\/informat\/calendari\/\" target=\"_blank\" rel=\"noopener\">aqu\u00ed<\/a><\/p>\n<p style=\"text-align: left;\"><strong>Podeu consultar el calendari del proc\u00e9s de preinscripci\u00f3 i matr\u00edcula de Grau Superior<\/strong> <a href=\"https:\/\/preinscripcio.gencat.cat\/ca\/estudis\/fp-grau-superior\/informat\/calendari\/\" target=\"_blank\" rel=\"noopener\">aqu\u00ed<\/a><\/p>\n<p style=\"text-align: left;\"><strong>El Departament d&#8217;Educaci\u00f3 i Formaci\u00f3 Professional a obert un canal de whatsapp per tal de consultar informaci\u00f3 clara, \u00e0gil i directa sobre el proc\u00e9s de preinscripci\u00f3 als cicles de grau mitj\u00e0 i superior. Que no et passi per alt cap pas important del procediment. Podeu accedir <a href=\"https:\/\/preinscripcio.gencat.cat\/ca\/detalls\/noticia\/20250514-whatsapp-preinscripciofp\" target=\"_blank\" rel=\"noopener\">aqu\u00ed.<\/a><\/strong><\/p>\n<p style=\"text-align: left;\"><img loading=\"lazy\" decoding=\"async\" class=\"aligncenter wp-image-9732 size-full\" src=\"https:\/\/agora.xtec.cat\/ins-nauticabcn\/wp-content\/uploads\/usu313\/2025\/07\/Captura-pantalla-info-matricula-FP.png\" alt=\"\" width=\"609\" height=\"440\" srcset=\"https:\/\/agora.xtec.cat\/ins-nauticabcn\/wp-content\/uploads\/usu313\/2025\/07\/Captura-pantalla-info-matricula-FP.png 609w, https:\/\/agora.xtec.cat\/ins-nauticabcn\/wp-content\/uploads\/usu313\/2025\/07\/Captura-pantalla-info-matricula-FP-300x217.png 300w\" sizes=\"auto, (max-width: 609px) 100vw, 609px\" \/><\/p>\n<p style=\"text-align: left;\">\n","protected":false},"excerpt":{"rendered":"<p>Avui s&#8217;han publicat els llistats amb la tercera\u00a0tanda d&#8217;assignacions per als Cicles Formatius de Grau Mitj\u00e0 i Grau Superior.&hellip;  <a href=\"https:\/\/agora.xtec.cat\/ins-nauticabcn\/general\/publicacio-llistat-barems-provisionals-cicles-formatius-de-grau-mitja-i-grau-superior\/\" title=\"Read Publicaci\u00f3 llistats d&#8217;assignacions i oferta definitiva Cicles Formatius de Grau Mitj\u00e0 i Grau Superior\">Llegeix m\u00e9s\u00bb<\/a><\/p>\n","protected":false},"author":1,"featured_media":9525,"comment_status":"closed","ping_status":"open","sticky":false,"template":"","format":"standard","meta":{"_bbp_topic_count":0,"_bbp_reply_count":0,"_bbp_total_topic_count":0,"_bbp_total_reply_count":0,"_bbp_voice_count":0,"_bbp_anonymous_reply_count":0,"_bbp_topic_count_hidden":0,"_bbp_reply_count_hidden":0,"_bbp_forum_subforum_count":0,"footnotes":""},"categories":[1,29],"tags":[],"class_list":["post-9675","post","type-post","status-publish","format-standard","has-post-thumbnail","hentry","category-general","category-portada"],"post_mailing_queue_ids":[],"_links":{"self":[{"href":"https:\/\/agora.xtec.cat\/ins-nauticabcn\/wp-json\/wp\/v2\/posts\/9675","targetHints":{"allow":["GET"]}}],"collection":[{"href":"https:\/\/agora.xtec.cat\/ins-nauticabcn\/wp-json\/wp\/v2\/posts"}],"about":[{"href":"https:\/\/agora.xtec.cat\/ins-nauticabcn\/wp-json\/wp\/v2\/types\/post"}],"author":[{"embeddable":true,"href":"https:\/\/agora.xtec.cat\/ins-nauticabcn\/wp-json\/wp\/v2\/users\/1"}],"replies":[{"embeddable":true,"href":"https:\/\/agora.xtec.cat\/ins-nauticabcn\/wp-json\/wp\/v2\/comments?post=9675"}],"version-history":[{"count":6,"href":"https:\/\/agora.xtec.cat\/ins-nauticabcn\/wp-json\/wp\/v2\/posts\/9675\/revisions"}],"predecessor-version":[{"id":9793,"href":"https:\/\/agora.xtec.cat\/ins-nauticabcn\/wp-json\/wp\/v2\/posts\/9675\/revisions\/9793"}],"wp:featuredmedia":[{"embeddable":true,"href":"https:\/\/agora.xtec.cat\/ins-nauticabcn\/wp-json\/wp\/v2\/media\/9525"}],"wp:attachment":[{"href":"https:\/\/agora.xtec.cat\/ins-nauticabcn\/wp-json\/wp\/v2\/media?parent=9675"}],"wp:term":[{"taxonomy":"category","embeddable":true,"href":"https:\/\/agora.xtec.cat\/ins-nauticabcn\/wp-json\/wp\/v2\/categories?post=9675"},{"taxonomy":"post_tag","embeddable":true,"href":"https:\/\/agora.xtec.cat\/ins-nauticabcn\/wp-json\/wp\/v2\/tags?post=9675"}],"curies":[{"name":"wp","href":"https:\/\/api.w.org\/{rel}","templated":true}]}}