{"id":9598,"date":"2025-06-27T09:43:25","date_gmt":"2025-06-27T07:43:25","guid":{"rendered":"https:\/\/agora.xtec.cat\/ins-nauticabcn\/?p=9598"},"modified":"2025-07-01T11:32:39","modified_gmt":"2025-07-01T09:32:39","slug":"publicacio-barems-definitius-estudis-esportius-curs-25-26","status":"publish","type":"post","link":"https:\/\/agora.xtec.cat\/ins-nauticabcn\/general\/publicacio-barems-definitius-estudis-esportius-curs-25-26\/","title":{"rendered":"Documentaci\u00f3 de matr\u00edcula Estudis Esportius curs 25-26"},"content":{"rendered":"<p>A continuaci\u00f3 podreu descarregar els documents de matr\u00edcula per als estudis esportius del proper curs 25 &#8211; 26:<\/p>\n<p><strong>Cicle Inicial de Salvament i Socorrisme <\/strong><a href=\"https:\/\/drive.google.com\/drive\/folders\/1tt0JDnPG5mHE9UP77Qa1hBJIAz3SjafD?usp=sharing\" target=\"_blank\" rel=\"noopener\">aqu\u00ed.<\/a><\/p>\n<p><strong>Cicle Inicial de Vela:<\/strong> <a href=\"https:\/\/drive.google.com\/drive\/folders\/1tpcl1g9Ue-lzbmF5VWSf1abqlFYOoFhQ?usp=sharing\" target=\"_blank\" rel=\"noopener\">aqu\u00ed.<\/a><\/p>\n<p><strong>Cicle Inicial de Busseig:<\/strong> <a href=\"https:\/\/drive.google.com\/drive\/folders\/1i2LlHna8U6roGRbO89oTh5AJ6C1en1d5?usp=sharing\" target=\"_blank\" rel=\"noopener\">aqu\u00ed.<\/a><\/p>\n<p><strong>Cicle Inicial de Pirag\u00fcisme:<\/strong> <a href=\"https:\/\/drive.google.com\/drive\/folders\/1PrquF2lUB--H7iHOY5x2nMEImEMpHDM5?usp=sharing\" target=\"_blank\" rel=\"noopener\">aqu\u00ed.<\/a><\/p>\n<p><strong>Cicle Final de Pirag\u00fcisme:<\/strong> <a href=\"https:\/\/drive.google.com\/drive\/folders\/1PrquF2lUB--H7iHOY5x2nMEImEMpHDM5?usp=sharing\" target=\"_blank\" rel=\"noopener\">aqu\u00ed<\/a><\/p>\n<p><strong>Grau Superior de Salvament i Socorrisme:<\/strong> <a href=\"https:\/\/drive.google.com\/drive\/folders\/10_9Hp_m0_d0xAsq2SjeI0pn7bDlNNWhw?usp=sharing\" target=\"_blank\" rel=\"noopener\">aqu\u00ed.<\/a><\/p>\n<p><strong><span style=\"color: #ff6600;\">Recordeu que juntament amb aquests documents ens heu d&#8217;enviar el certificat de superaci\u00f3 de la prova espec\u00edfica d&#8217;acc\u00e9s i la documentaci\u00f3 personal dels alumnes que no heu presentat a la preinscripci\u00f3 (DNI, targeta sanit\u00e0ria, t\u00edtol de l&#8217;ESO o equivalent)<\/span><\/strong><\/p>\n<p>&nbsp;<\/p>\n<p><strong>La documentaci\u00f3 la podeu enviar per correu electr\u00f2nic (a8074847@xtec.cat) o portar-la personalment a la secretaria de l&#8217;institut de 9 a 13 hores.<\/strong><\/p>\n<p>______________________________________________________________________________________________________________________________<\/p>\n<p>A continuaci\u00f3 podreu consultar els llistats dels alumnes admesos als estudis d&#8217;Ensenyaments Esportius que comencen el proper setembre\/octubre:<\/p>\n<p><strong>Cicle Inicial de Salvament i Socorrisme:<\/strong> consultar el llistat <a href=\"https:\/\/agora.xtec.cat\/ins-nauticabcn\/wp-content\/uploads\/usu313\/2025\/06\/LLISTAT-ALUMNES-ADMESOS-SOS-25-26.docx.pdf\" target=\"_blank\" rel=\"noopener\">aqu\u00ed.<\/a><\/p>\n<p><strong>Cicle Inicial de Vela:<\/strong> consultar el llistat <a href=\"https:\/\/agora.xtec.cat\/ins-nauticabcn\/wp-content\/uploads\/usu313\/2025\/06\/LLISTAT-ALUMNES-ADMESOS-CI-VELA-25-26.docx.pdf\" target=\"_blank\" rel=\"noopener\">aqu\u00ed.<\/a><\/p>\n<p><strong>Cicle Inicial de Busseig:<\/strong> consultar el llistat <a href=\"https:\/\/agora.xtec.cat\/ins-nauticabcn\/wp-content\/uploads\/usu313\/2025\/06\/LLISTAT-ALUMNES-ADMESOS-BUSSEIG-25-26.docx.pdf\" target=\"_blank\" rel=\"noopener\">aqu\u00ed.<\/a><\/p>\n<p><strong>Cicle Inicial de Pirag\u00fcisme:<\/strong> consultar el llistat <a href=\"https:\/\/agora.xtec.cat\/ins-nauticabcn\/wp-content\/uploads\/usu313\/2025\/06\/LLISTAT-ALUMNES-ADMESOS-PIRAGUISME-25-26.docx.pdf\" target=\"_blank\" rel=\"noopener\">aqu\u00ed<\/a>.<\/p>\n<p><strong>Grau Superior de Salvament i Socorrisme:<\/strong> consultar el llistat <a href=\"https:\/\/agora.xtec.cat\/ins-nauticabcn\/wp-content\/uploads\/usu313\/2025\/06\/ADMESOS-CFGSSOS-25-26.docx.pdf\" target=\"_blank\" rel=\"noopener\">aqu\u00ed.<\/a><\/p>\n<p>Recordeu que teniu tota la informaci\u00f3 sobre el proc\u00e9s de preinscripci\u00f3 i matr\u00edcula <a href=\"https:\/\/agora.xtec.cat\/ins-nauticabcn\/portada\/inici-preinscripcio-estudis-esportius-curs-2025-2026\/\">aqu\u00ed.<\/a><\/p>\n<p>&nbsp;<\/p>\n<p><img loading=\"lazy\" decoding=\"async\" class=\"size-large wp-image-9608 aligncenter\" src=\"https:\/\/agora.xtec.cat\/ins-nauticabcn\/wp-content\/uploads\/usu313\/2025\/05\/CALENDARI-DE-PREINSCRIPCIO-I-MATRICULA-GM-I-GS-ESTUDIS-ESPORTIUS-CURS-2025-2026-1-1024x721.png\" alt=\"\" width=\"1024\" height=\"721\" srcset=\"https:\/\/agora.xtec.cat\/ins-nauticabcn\/wp-content\/uploads\/usu313\/2025\/05\/CALENDARI-DE-PREINSCRIPCIO-I-MATRICULA-GM-I-GS-ESTUDIS-ESPORTIUS-CURS-2025-2026-1-1024x721.png 1024w, https:\/\/agora.xtec.cat\/ins-nauticabcn\/wp-content\/uploads\/usu313\/2025\/05\/CALENDARI-DE-PREINSCRIPCIO-I-MATRICULA-GM-I-GS-ESTUDIS-ESPORTIUS-CURS-2025-2026-1-300x211.png 300w, https:\/\/agora.xtec.cat\/ins-nauticabcn\/wp-content\/uploads\/usu313\/2025\/05\/CALENDARI-DE-PREINSCRIPCIO-I-MATRICULA-GM-I-GS-ESTUDIS-ESPORTIUS-CURS-2025-2026-1-768x540.png 768w, https:\/\/agora.xtec.cat\/ins-nauticabcn\/wp-content\/uploads\/usu313\/2025\/05\/CALENDARI-DE-PREINSCRIPCIO-I-MATRICULA-GM-I-GS-ESTUDIS-ESPORTIUS-CURS-2025-2026-1.png 1036w\" sizes=\"auto, (max-width: 1024px) 100vw, 1024px\" \/><\/p>\n<p>&nbsp;<\/p>\n<p>&nbsp;<\/p>\n<p>&nbsp;<\/p>\n<p>&nbsp;<\/p>\n","protected":false},"excerpt":{"rendered":"<p>A continuaci\u00f3 podreu descarregar els documents de matr\u00edcula per als estudis esportius del proper curs 25 &#8211; 26&hellip;  <a href=\"https:\/\/agora.xtec.cat\/ins-nauticabcn\/general\/publicacio-barems-definitius-estudis-esportius-curs-25-26\/\" title=\"Read Documentaci\u00f3 de matr\u00edcula Estudis Esportius curs 25-26\">Llegeix m\u00e9s\u00bb<\/a><\/p>\n","protected":false},"author":1,"featured_media":9521,"comment_status":"closed","ping_status":"closed","sticky":false,"template":"","format":"standard","meta":{"_bbp_topic_count":0,"_bbp_reply_count":0,"_bbp_total_topic_count":0,"_bbp_total_reply_count":0,"_bbp_voice_count":0,"_bbp_anonymous_reply_count":0,"_bbp_topic_count_hidden":0,"_bbp_reply_count_hidden":0,"_bbp_forum_subforum_count":0,"footnotes":""},"categories":[1,29],"tags":[],"class_list":["post-9598","post","type-post","status-publish","format-standard","has-post-thumbnail","hentry","category-general","category-portada"],"post_mailing_queue_ids":[],"_links":{"self":[{"href":"https:\/\/agora.xtec.cat\/ins-nauticabcn\/wp-json\/wp\/v2\/posts\/9598","targetHints":{"allow":["GET"]}}],"collection":[{"href":"https:\/\/agora.xtec.cat\/ins-nauticabcn\/wp-json\/wp\/v2\/posts"}],"about":[{"href":"https:\/\/agora.xtec.cat\/ins-nauticabcn\/wp-json\/wp\/v2\/types\/post"}],"author":[{"embeddable":true,"href":"https:\/\/agora.xtec.cat\/ins-nauticabcn\/wp-json\/wp\/v2\/users\/1"}],"replies":[{"embeddable":true,"href":"https:\/\/agora.xtec.cat\/ins-nauticabcn\/wp-json\/wp\/v2\/comments?post=9598"}],"version-history":[{"count":6,"href":"https:\/\/agora.xtec.cat\/ins-nauticabcn\/wp-json\/wp\/v2\/posts\/9598\/revisions"}],"predecessor-version":[{"id":9615,"href":"https:\/\/agora.xtec.cat\/ins-nauticabcn\/wp-json\/wp\/v2\/posts\/9598\/revisions\/9615"}],"wp:featuredmedia":[{"embeddable":true,"href":"https:\/\/agora.xtec.cat\/ins-nauticabcn\/wp-json\/wp\/v2\/media\/9521"}],"wp:attachment":[{"href":"https:\/\/agora.xtec.cat\/ins-nauticabcn\/wp-json\/wp\/v2\/media?parent=9598"}],"wp:term":[{"taxonomy":"category","embeddable":true,"href":"https:\/\/agora.xtec.cat\/ins-nauticabcn\/wp-json\/wp\/v2\/categories?post=9598"},{"taxonomy":"post_tag","embeddable":true,"href":"https:\/\/agora.xtec.cat\/ins-nauticabcn\/wp-json\/wp\/v2\/tags?post=9598"}],"curies":[{"name":"wp","href":"https:\/\/api.w.org\/{rel}","templated":true}]}}