{"id":9056,"date":"2025-02-28T08:12:09","date_gmt":"2025-02-28T07:12:09","guid":{"rendered":"https:\/\/agora.xtec.cat\/ins-nauticabcn\/?p=9056"},"modified":"2025-03-04T08:47:10","modified_gmt":"2025-03-04T07:47:10","slug":"publicacio-barem-provisional-preinscripcio-cicle-inicial-vela-marc-2025","status":"publish","type":"post","link":"https:\/\/agora.xtec.cat\/ins-nauticabcn\/general\/publicacio-barem-provisional-preinscripcio-cicle-inicial-vela-marc-2025\/","title":{"rendered":"Publicaci\u00f3 llistat d&#8217;alumnes admesos i documentaci\u00f3 de matr\u00edcula Cicle Inicial Vela Mar\u00e7 2025"},"content":{"rendered":"<p>A continuaci\u00f3 podreu consultar el llistat d&#8217;alumnes admesos del proc\u00e9s preinscripci\u00f3 per al Cicle Inicial del Grau Mitj\u00e0 de Vela que es far\u00e0 al Mar\u00e7 2025:<\/p>\n<p><a href=\"https:\/\/agora.xtec.cat\/ins-nauticabcn\/wp-content\/uploads\/usu313\/2025\/02\/BAREM-ADMESOS-VELA-MARC-2025-2.pdf\" target=\"_blank\" rel=\"noopener\">Llistat alumnes admesos<\/a><\/p>\n<p>Tot l&#8217;alumnat adm\u00e8s haur\u00e0 d&#8217;enviar els documents de matr\u00edcula al correu a8074847@xtec.cat <strong>del 3 al 6 de mar\u00e7 per tal de formalitzar la seva matr\u00edcula.<\/strong><\/p>\n<p>Tamb\u00e9 podreu portar la documentaci\u00f3 de forma presencial a la secretaria de l&#8217;institut del 4 al 6 de mar\u00e7 en horari d&#8217;atenci\u00f3 al p\u00fablic (de 9 a 13 hores de dimarts a dijous i tamb\u00e9 el dimecres de 15 a 18 hores).<\/p>\n<p><strong>Podeu descarregar els documents de matr\u00edcula<\/strong> <a href=\"https:\/\/drive.google.com\/drive\/folders\/1tpcl1g9Ue-lzbmF5VWSf1abqlFYOoFhQ?usp=sharing\" target=\"_blank\" rel=\"noopener\">aqu\u00ed.<\/a><\/p>\n<p><strong>Recordeu que el curs comen\u00e7a el proper dilluns 10 de mar\u00e7 a les 15 hores a l&#8217;Institut de N\u00e0utica de Barcelona (carrer de l&#8217;Escar 6-8)<\/strong><\/p>\n<p>&nbsp;<\/p>\n<p>Per qualsevol dubte o aclariment podeu trucar al 93 884 60 74 o escriure al correu a8074847@xtec.cat<\/p>\n<p>&nbsp;<\/p>\n<p><img loading=\"lazy\" decoding=\"async\" class=\"size-large wp-image-9058 aligncenter\" src=\"https:\/\/agora.xtec.cat\/ins-nauticabcn\/wp-content\/uploads\/usu313\/2025\/02\/Captura-de-pantalla-2025-02-14-091534-1024x589.png\" alt=\"\" width=\"1024\" height=\"589\" srcset=\"https:\/\/agora.xtec.cat\/ins-nauticabcn\/wp-content\/uploads\/usu313\/2025\/02\/Captura-de-pantalla-2025-02-14-091534-1024x589.png 1024w, https:\/\/agora.xtec.cat\/ins-nauticabcn\/wp-content\/uploads\/usu313\/2025\/02\/Captura-de-pantalla-2025-02-14-091534-300x173.png 300w, https:\/\/agora.xtec.cat\/ins-nauticabcn\/wp-content\/uploads\/usu313\/2025\/02\/Captura-de-pantalla-2025-02-14-091534-768x442.png 768w, https:\/\/agora.xtec.cat\/ins-nauticabcn\/wp-content\/uploads\/usu313\/2025\/02\/Captura-de-pantalla-2025-02-14-091534.png 1219w\" sizes=\"auto, (max-width: 1024px) 100vw, 1024px\" \/><\/p>\n<p>&nbsp;<\/p>\n<p>&nbsp;<\/p>\n","protected":false},"excerpt":{"rendered":"<p>A continuaci\u00f3 podreu consultar el llistat d&#8217;alumnes admesos del proc\u00e9s preinscripci\u00f3 per al Cicle Inicial del Grau Mitj\u00e0 de Vela que es far\u00e0 al Mar\u00e7 2025&hellip;  <a href=\"https:\/\/agora.xtec.cat\/ins-nauticabcn\/general\/publicacio-barem-provisional-preinscripcio-cicle-inicial-vela-marc-2025\/\" title=\"Read Publicaci\u00f3 llistat d&#8217;alumnes admesos i documentaci\u00f3 de matr\u00edcula Cicle Inicial Vela Mar\u00e7 2025\">Llegeix m\u00e9s\u00bb<\/a><\/p>\n","protected":false},"author":1,"featured_media":7010,"comment_status":"closed","ping_status":"closed","sticky":false,"template":"","format":"standard","meta":{"_bbp_topic_count":0,"_bbp_reply_count":0,"_bbp_total_topic_count":0,"_bbp_total_reply_count":0,"_bbp_voice_count":0,"_bbp_anonymous_reply_count":0,"_bbp_topic_count_hidden":0,"_bbp_reply_count_hidden":0,"_bbp_forum_subforum_count":0,"footnotes":""},"categories":[1,29],"tags":[],"class_list":["post-9056","post","type-post","status-publish","format-standard","has-post-thumbnail","hentry","category-general","category-portada"],"post_mailing_queue_ids":[],"_links":{"self":[{"href":"https:\/\/agora.xtec.cat\/ins-nauticabcn\/wp-json\/wp\/v2\/posts\/9056","targetHints":{"allow":["GET"]}}],"collection":[{"href":"https:\/\/agora.xtec.cat\/ins-nauticabcn\/wp-json\/wp\/v2\/posts"}],"about":[{"href":"https:\/\/agora.xtec.cat\/ins-nauticabcn\/wp-json\/wp\/v2\/types\/post"}],"author":[{"embeddable":true,"href":"https:\/\/agora.xtec.cat\/ins-nauticabcn\/wp-json\/wp\/v2\/users\/1"}],"replies":[{"embeddable":true,"href":"https:\/\/agora.xtec.cat\/ins-nauticabcn\/wp-json\/wp\/v2\/comments?post=9056"}],"version-history":[{"count":6,"href":"https:\/\/agora.xtec.cat\/ins-nauticabcn\/wp-json\/wp\/v2\/posts\/9056\/revisions"}],"predecessor-version":[{"id":9107,"href":"https:\/\/agora.xtec.cat\/ins-nauticabcn\/wp-json\/wp\/v2\/posts\/9056\/revisions\/9107"}],"wp:featuredmedia":[{"embeddable":true,"href":"https:\/\/agora.xtec.cat\/ins-nauticabcn\/wp-json\/wp\/v2\/media\/7010"}],"wp:attachment":[{"href":"https:\/\/agora.xtec.cat\/ins-nauticabcn\/wp-json\/wp\/v2\/media?parent=9056"}],"wp:term":[{"taxonomy":"category","embeddable":true,"href":"https:\/\/agora.xtec.cat\/ins-nauticabcn\/wp-json\/wp\/v2\/categories?post=9056"},{"taxonomy":"post_tag","embeddable":true,"href":"https:\/\/agora.xtec.cat\/ins-nauticabcn\/wp-json\/wp\/v2\/tags?post=9056"}],"curies":[{"name":"wp","href":"https:\/\/api.w.org\/{rel}","templated":true}]}}