{"id":8969,"date":"2026-04-09T12:00:11","date_gmt":"2026-04-09T10:00:11","guid":{"rendered":"https:\/\/agora.xtec.cat\/ins-nauticabcn\/?p=8969"},"modified":"2026-04-09T13:27:11","modified_gmt":"2026-04-09T11:27:11","slug":"portes-obertes-curs-2025-2026","status":"publish","type":"post","link":"https:\/\/agora.xtec.cat\/ins-nauticabcn\/general\/portes-obertes-curs-2025-2026\/","title":{"rendered":"Portes obertes curs 2026-2027"},"content":{"rendered":"<p>Us volem anunciar les dates en que realitzarem la jornada de portes obertes a l\u2019Institut de N\u00e0utica de Barcelona.<\/p>\n<p>Obrirem l\u2019institut a l\u2019alumnat i les fam\u00edlies que poden estar interessats i interessades en cursar els seus estudis amb nosaltres el proper curs 2026-2027.<\/p>\n<p>La data que heu de reservar \u00e9s:<\/p>\n<p><span style=\"color: #ff6600;\"><strong>T\u00e8cnics Esportius (Grau Mitj\u00e0 i Superior) en Vela, Salvament i Socorrisme, Busseig i Pirag\u00fcisme i Batxillerat Esportiu:<\/strong><\/span><\/p>\n<p><strong>Dimecres dia 15 d\u2019abril<\/strong> a les 17:00h (a l\u2019edifici SEU de l\u2019Institut de N\u00e0utica de Barcelona)<\/p>\n<p><span style=\"color: #ff6600;\"><strong>Ensenyaments de formaci\u00f3 professional CFGM de Manteniment d\u2019embarcacions d\u2019esbarjo, CFGS de Sistemes El\u00e8ctrics i de Navegaci\u00f3, CFGS d\u2019Ensenyament i Animaci\u00f3 socioesportiva, i el PFI de Manteniment d\u2019embarcacions esportives i d\u2019esbarjo:<\/strong><\/span><\/p>\n<p><strong>Dimecres dia 15 d\u2019abril<\/strong> a les 18:00hrs (a l\u2019edifici SEU de l\u2019Institut de N\u00e0utica de Barcelona)<strong><br \/>\n<\/strong><\/p>\n<p>&nbsp;<\/p>\n<p>Les sessions de portes obertes de T\u00e8cnics Esportius i Cicles Formatius seran en <strong>format presencial i sense reserva pr\u00e8via<\/strong> i consistiran en:<\/p>\n<p><strong>Primera part:<\/strong> presentaci\u00f3 general de l&#8217;Institut a c\u00e0rrec de la direcci\u00f3 del centre.<\/p>\n<p><strong>Segona part:<\/strong> presentaci\u00f3 espec\u00edfica de cada estudi a c\u00e0rrec del professorat.<\/p>\n<p><strong>Tercera part:<\/strong> visita a la Drassana del centre (per a les persones interessades en els estudis de vaixells)<\/p>\n<p>&nbsp;<\/p>\n<p><strong>Calendari portes obertes<\/strong><b><br \/>\n<\/b><\/p>\n<p>En la taula seg\u00fcent tindreu el calendari per a les portes obertes presencials que us hem preparat per aquest mes de mar\u00e7,\u00a0 en la qual us donarem m\u00e9s detalls de els estudis concrets i podrem resoldre els vostres dubtes. \u00c9s molt recomanable que pr\u00e8viament a assistir a la sessi\u00f3, hagueu navegat per el mapa informatiu que trobareu al final d&#8217;aquesta p\u00e0gina.<\/p>\n<table>\n<tbody>\n<tr>\n<td><b>Estudis<br \/>\n<\/b><\/td>\n<td><b>Data, lloc i hora<br \/>\n<\/b><\/td>\n<\/tr>\n<tr>\n<td>Batxillerat Esportiu de doble titulaci\u00f3:<\/p>\n<ul>\n<li>Batxillerat Esportiu Salvament i socorrisme<\/li>\n<li>Batxillerat Esportiu de Vela amb aparell fix<\/li>\n<\/ul>\n<\/td>\n<td>&nbsp;<\/p>\n<p><strong>16 de mar\u00e7 17:30hrs Batxillerat Esportiu de doble titulaci\u00f3.<\/strong><\/p>\n<p><strong>24 de mar\u00e7 17:30hrs Batxillerat Esportiu de doble titulaci\u00f3.<br \/>\n<\/strong><\/p>\n<p><span style=\"color: #3366ff;\"><strong>Lloc: l&#8217;INS Joan Salvat Papasseit (Pg. de Salvat-Papasseit, s\/n 933150203<\/strong><\/span><\/p>\n<p><strong><span style=\"color: #ff0000;\">Per ambd\u00f3s dies cal inscripci\u00f3 pr\u00e8via clicant <\/span>aqu\u00ed &#8211; <\/strong><em>Formulari tancat<\/em><\/td>\n<\/tr>\n<tr>\n<td>Ensenyaments esportius de r\u00e8gim especial:<\/p>\n<ul>\n<li>CFGM de Salvament i socorrisme<\/li>\n<li>CFGM de Vela amb aparell fix<\/li>\n<li>CFGM de Vela amb aparell lliure<\/li>\n<li>CFGM de Busseig esportiu amb escafandre aut\u00f2nom<\/li>\n<li>CFGM de Pirag\u00fcisme en aig\u00fces tranquil\u00b7les<\/li>\n<li>CFGS de Salvament i socorrisme<\/li>\n<li>CFGS de Vela amb aparell fix<\/li>\n<li>CFGS de Vela amb aparell lliure<\/li>\n<li>CFGS de Pirag\u00fcisme en aig\u00fces tranquil\u00b7les<\/li>\n<li>Batxillerat Esportiu Salvament i socorrisme<\/li>\n<li>Batxillerat Esportiu de Vela amb aparell fix<\/li>\n<\/ul>\n<\/td>\n<td><strong>Dimecres, 15 d&#8217;abril 17:00h<\/strong><\/p>\n<p><strong><br \/>\n<\/strong>Edifici Seu (c\/ de l&#8217;Escar 6-8)<\/td>\n<\/tr>\n<tr>\n<td>\n<ul>\n<li>PFI d&#8217; Auxiliar de Manteniment d&#8217;Embarcacions d&#8217;esbarjo.<\/li>\n<li>CFGM TM60 Manteniment d&#8217;Embarcacions d&#8217;esbarjo.<\/li>\n<li>CFGS EEA1 Sistemes el\u00e8ctrics i de navegaci\u00f3.<\/li>\n<li>CFGS AEA0 Ensenyament i animaci\u00f3 socioesportiva orientat a platja.<\/li>\n<\/ul>\n<\/td>\n<td><strong>Dimecres 15 d&#8217;abril 18:00h<br \/>\n<\/strong>Edifici Seu (c\/ de l&#8217;Escar 6-8)<strong>\u00a0<\/strong><\/td>\n<\/tr>\n<\/tbody>\n<\/table>\n<p>Si teniu qualsevol dubte podeu consultar-nos al nostre correu electr\u00f2nic: a8074847<span class=\"\"><span class=\"atwho-query\">@xtec.cat<\/span><\/span><\/p>\n<p>&nbsp;<\/p>\n<h2 style=\"text-align: center;\"><\/h2>\n<p>&nbsp;<\/p>\n","protected":false},"excerpt":{"rendered":"<p>Us volem anunciar les dates en que realitzarem la jornada de portes obertes a l\u2019Institut de N\u00e0utica de Barcelona.<\/p>\n<p>Obrirem l\u2019institut a l\u2019alumnat i les fam\u00edlies que poden estar interessats i interessades en cursar els seus estudis amb nosaltres el proper curs 2026-2027.&hellip;  <a href=\"https:\/\/agora.xtec.cat\/ins-nauticabcn\/general\/portes-obertes-curs-2025-2026\/\" title=\"Read Portes obertes curs 2026-2027\">Llegeix m\u00e9s\u00bb<\/a><\/p>\n","protected":false},"author":1,"featured_media":7728,"comment_status":"closed","ping_status":"closed","sticky":false,"template":"","format":"standard","meta":{"_bbp_topic_count":0,"_bbp_reply_count":0,"_bbp_total_topic_count":0,"_bbp_total_reply_count":0,"_bbp_voice_count":0,"_bbp_anonymous_reply_count":0,"_bbp_topic_count_hidden":0,"_bbp_reply_count_hidden":0,"_bbp_forum_subforum_count":0,"footnotes":""},"categories":[1,29],"tags":[],"class_list":["post-8969","post","type-post","status-publish","format-standard","has-post-thumbnail","hentry","category-general","category-portada"],"post_mailing_queue_ids":[],"_links":{"self":[{"href":"https:\/\/agora.xtec.cat\/ins-nauticabcn\/wp-json\/wp\/v2\/posts\/8969","targetHints":{"allow":["GET"]}}],"collection":[{"href":"https:\/\/agora.xtec.cat\/ins-nauticabcn\/wp-json\/wp\/v2\/posts"}],"about":[{"href":"https:\/\/agora.xtec.cat\/ins-nauticabcn\/wp-json\/wp\/v2\/types\/post"}],"author":[{"embeddable":true,"href":"https:\/\/agora.xtec.cat\/ins-nauticabcn\/wp-json\/wp\/v2\/users\/1"}],"replies":[{"embeddable":true,"href":"https:\/\/agora.xtec.cat\/ins-nauticabcn\/wp-json\/wp\/v2\/comments?post=8969"}],"version-history":[{"count":6,"href":"https:\/\/agora.xtec.cat\/ins-nauticabcn\/wp-json\/wp\/v2\/posts\/8969\/revisions"}],"predecessor-version":[{"id":10516,"href":"https:\/\/agora.xtec.cat\/ins-nauticabcn\/wp-json\/wp\/v2\/posts\/8969\/revisions\/10516"}],"wp:featuredmedia":[{"embeddable":true,"href":"https:\/\/agora.xtec.cat\/ins-nauticabcn\/wp-json\/wp\/v2\/media\/7728"}],"wp:attachment":[{"href":"https:\/\/agora.xtec.cat\/ins-nauticabcn\/wp-json\/wp\/v2\/media?parent=8969"}],"wp:term":[{"taxonomy":"category","embeddable":true,"href":"https:\/\/agora.xtec.cat\/ins-nauticabcn\/wp-json\/wp\/v2\/categories?post=8969"},{"taxonomy":"post_tag","embeddable":true,"href":"https:\/\/agora.xtec.cat\/ins-nauticabcn\/wp-json\/wp\/v2\/tags?post=8969"}],"curies":[{"name":"wp","href":"https:\/\/api.w.org\/{rel}","templated":true}]}}