{"id":8530,"date":"2024-07-24T12:44:40","date_gmt":"2024-07-24T10:44:40","guid":{"rendered":"https:\/\/agora.xtec.cat\/ins-nauticabcn\/?p=8530"},"modified":"2024-09-04T12:34:08","modified_gmt":"2024-09-04T10:34:08","slug":"proces-de-matricula-per-estudis-esportius-setembre-2024","status":"publish","type":"post","link":"https:\/\/agora.xtec.cat\/ins-nauticabcn\/general\/proces-de-matricula-per-estudis-esportius-setembre-2024\/","title":{"rendered":"Proc\u00e9s de matr\u00edcula per estudis esportius SETEMBRE 2024"},"content":{"rendered":"<p>Us informem que obrim un nou per\u00edode de matr\u00edcula despr\u00e9s del proc\u00e9s de preinscripci\u00f3 i matr\u00edcula ordinari d&#8217;estudis esportius finalitzat el 12 de juliol.<\/p>\n<p><strong>Aquest per\u00edode de matr\u00edcula est\u00e0 obert a tot l&#8217;alumnat que ha de realitzar la prova espec\u00edfica d&#8217;acc\u00e9s al setembre i les vacants s&#8217;aniran emplenant per odre d&#8217;arribada dels documents de matr\u00edcula de les persones interessades, sempre que compleixin els requisits acad\u00e8mics d&#8217;acc\u00e9s.<\/strong><\/p>\n<p>A continuaci\u00f3 podeu veure les vacants que han quedat de cada estudi:<\/p>\n<p>Cicle Inicial de Salvament i Socorrisme G2 &#8211; 25 vacants<\/p>\n<p>Grau Superior de Salvament i Socorrisme\u00a0 &#8211; 20 vacants<\/p>\n<p>Cicle Inicial de Vela &#8211; 31 vacants<\/p>\n<p>Grau Superior de Vela &#8211; 27 vacants<\/p>\n<p>Cicle Inicial de Pirag\u00fcisme &#8211; 9 vacants<\/p>\n<p>Cicle Inicial de Busseig &#8211;\u00a0 8 vacants<\/p>\n<p>Les persones que vulguin accedir a algun d&#8217;aquest cicles ha de presentar tota la documentaci\u00f3 de matr\u00edcula, juntament amb la seva documentaci\u00f3 personal (DNI, targeta sanit\u00e0ria, t\u00edtol de l&#8217;ESO o equivalent) <strong>entre el 6 i el 13 de setembre al correu del centre (a8074847@xtec.cat)<\/strong> o portar-la a la secretaria en horari d&#8217;atenci\u00f3 al p\u00fablic.<\/p>\n<p><span style=\"color: #ff9900;\"><strong> Trobareu tota la documentaci\u00f3 de matr\u00edcula <\/strong><\/span><a href=\"https:\/\/drive.google.com\/drive\/folders\/1DoiTr-wfhhtDET_d_duMYVSNPJpUECO6?usp=sharing\" target=\"_blank\" rel=\"noopener\"><strong>aqu\u00ed.<\/strong><\/a><\/p>\n<p><span style=\"color: #ff9900;\"><strong>Recordeu que us heu d&#8217;inscriure a la prova espec\u00edfica d&#8217;acc\u00e9s de l&#8217;esport al que voleu accedir del 2 al 13 de setembre.<\/strong><\/span><\/p>\n<p><span style=\"color: #ff9900;\"><strong> Teniu tota la informaci\u00f3 sobre les proves espec\u00edfiques <\/strong><\/span><a href=\"https:\/\/triaeducativa.gencat.cat\/ca\/proves\/proves-acces\/esportius\/esportius-prova-especifica\/index.html\" target=\"_blank\" rel=\"noopener\"><strong>aqu\u00ed.<\/strong><\/a><\/p>\n<p>&nbsp;<\/p>\n<p><img loading=\"lazy\" decoding=\"async\" class=\"aligncenter wp-image-4697 \" src=\"https:\/\/agora.xtec.cat\/ins-nauticabcn\/wp-content\/uploads\/usu313\/2021\/01\/Activitat-f\u00edsica.jpg\" alt=\"\" width=\"427\" height=\"223\" srcset=\"https:\/\/agora.xtec.cat\/ins-nauticabcn\/wp-content\/uploads\/usu313\/2021\/01\/Activitat-f\u00edsica.jpg 310w, https:\/\/agora.xtec.cat\/ins-nauticabcn\/wp-content\/uploads\/usu313\/2021\/01\/Activitat-f\u00edsica-300x157.jpg 300w\" sizes=\"auto, (max-width: 427px) 100vw, 427px\" \/><\/p>\n<p>&nbsp;<\/p>\n<p>&nbsp;<\/p>\n<p>&nbsp;<\/p>\n<p>&nbsp;<\/p>\n","protected":false},"excerpt":{"rendered":"<p>Us informem que obrim un nou per\u00edode de matr\u00edcula despr\u00e9s del proc\u00e9s de preinscripci\u00f3 i matr\u00edcula ordinari d&#8217;estudis esportius finalitzat el 12 de juliol.<br \/>\n&hellip;  <a href=\"https:\/\/agora.xtec.cat\/ins-nauticabcn\/general\/proces-de-matricula-per-estudis-esportius-setembre-2024\/\" title=\"Read Proc\u00e9s de matr\u00edcula per estudis esportius SETEMBRE 2024\">Llegeix m\u00e9s\u00bb<\/a><\/p>\n","protected":false},"author":1,"featured_media":4697,"comment_status":"closed","ping_status":"closed","sticky":false,"template":"","format":"standard","meta":{"_bbp_topic_count":0,"_bbp_reply_count":0,"_bbp_total_topic_count":0,"_bbp_total_reply_count":0,"_bbp_voice_count":0,"_bbp_anonymous_reply_count":0,"_bbp_topic_count_hidden":0,"_bbp_reply_count_hidden":0,"_bbp_forum_subforum_count":0,"footnotes":""},"categories":[1,29],"tags":[],"class_list":["post-8530","post","type-post","status-publish","format-standard","has-post-thumbnail","hentry","category-general","category-portada"],"post_mailing_queue_ids":[],"_links":{"self":[{"href":"https:\/\/agora.xtec.cat\/ins-nauticabcn\/wp-json\/wp\/v2\/posts\/8530","targetHints":{"allow":["GET"]}}],"collection":[{"href":"https:\/\/agora.xtec.cat\/ins-nauticabcn\/wp-json\/wp\/v2\/posts"}],"about":[{"href":"https:\/\/agora.xtec.cat\/ins-nauticabcn\/wp-json\/wp\/v2\/types\/post"}],"author":[{"embeddable":true,"href":"https:\/\/agora.xtec.cat\/ins-nauticabcn\/wp-json\/wp\/v2\/users\/1"}],"replies":[{"embeddable":true,"href":"https:\/\/agora.xtec.cat\/ins-nauticabcn\/wp-json\/wp\/v2\/comments?post=8530"}],"version-history":[{"count":5,"href":"https:\/\/agora.xtec.cat\/ins-nauticabcn\/wp-json\/wp\/v2\/posts\/8530\/revisions"}],"predecessor-version":[{"id":8533,"href":"https:\/\/agora.xtec.cat\/ins-nauticabcn\/wp-json\/wp\/v2\/posts\/8530\/revisions\/8533"}],"wp:featuredmedia":[{"embeddable":true,"href":"https:\/\/agora.xtec.cat\/ins-nauticabcn\/wp-json\/wp\/v2\/media\/4697"}],"wp:attachment":[{"href":"https:\/\/agora.xtec.cat\/ins-nauticabcn\/wp-json\/wp\/v2\/media?parent=8530"}],"wp:term":[{"taxonomy":"category","embeddable":true,"href":"https:\/\/agora.xtec.cat\/ins-nauticabcn\/wp-json\/wp\/v2\/categories?post=8530"},{"taxonomy":"post_tag","embeddable":true,"href":"https:\/\/agora.xtec.cat\/ins-nauticabcn\/wp-json\/wp\/v2\/tags?post=8530"}],"curies":[{"name":"wp","href":"https:\/\/api.w.org\/{rel}","templated":true}]}}