{"id":753,"date":"2017-02-23T17:45:01","date_gmt":"2017-02-23T16:45:01","guid":{"rendered":"http:\/\/agora.xtec.cat\/ins-nauticabcn\/?p=753"},"modified":"2017-03-08T12:43:44","modified_gmt":"2017-03-08T11:43:44","slug":"setmana-blava-a-linb","status":"publish","type":"post","link":"https:\/\/agora.xtec.cat\/ins-nauticabcn\/general\/setmana-blava-a-linb\/","title":{"rendered":"2a Setmana Blava a l&#8217;INB"},"content":{"rendered":"<p>Anualment, organitzem una Setmana Blava,\u00a0on durant uns dies, deixarem de fer les activitats acad\u00e8miques\u00a0convencionals, i organitzarem un seguit de confer\u00e8ncies, visites, sortides amb vaixell i activitats\u00a0diverses, adre\u00e7ades als nostres alumnes, per a que tinguin l\u2019oportunitat de copsar de primera m\u00e0\u00a0el sector professional al quan estan dedicant molts dels seus esfor\u00e7os.<\/p>\n<p>Aix\u00ed que us volem anunciar que la setmana del 13 al 17 de mar\u00e7, tindr\u00e0 lloc la 2a Setmana Blava de l&#8217;INB, que comptar\u00e0 amb visites, confer\u00e8ncies i navegacions per als nostres alumnes<\/p>\n<ul style=\"list-style-type: square;\">\n<li><a href=\"http:\/\/agora.xtec.cat\/ins-nauticabcn\/wp-content\/uploads\/usu313\/2017\/02\/II-Setmana-Blava-INB-II.pdf\">II Setmana Blava<\/a><\/li>\n<\/ul>\n<p><a href=\"http:\/\/agora.xtec.cat\/ins-nauticabcn\/wp-content\/uploads\/usu313\/2017\/02\/Screen-Shot-03-05-17-at-10.51-PM.png\"><img loading=\"lazy\" decoding=\"async\" class=\"aligncenter wp-image-1331\" src=\"http:\/\/agora.xtec.cat\/ins-nauticabcn\/wp-content\/uploads\/usu313\/2017\/02\/Screen-Shot-03-05-17-at-10.51-PM.png\" alt=\"screen-shot-03-05-17-at-10-51-pm\" width=\"844\" height=\"606\" srcset=\"https:\/\/agora.xtec.cat\/ins-nauticabcn\/wp-content\/uploads\/usu313\/2017\/02\/Screen-Shot-03-05-17-at-10.51-PM.png 754w, https:\/\/agora.xtec.cat\/ins-nauticabcn\/wp-content\/uploads\/usu313\/2017\/02\/Screen-Shot-03-05-17-at-10.51-PM-300x216.png 300w\" sizes=\"auto, (max-width: 844px) 100vw, 844px\" \/><\/a><\/p>\n<p><a href=\"http:\/\/agora.xtec.cat\/ins-nauticabcn\/wp-content\/uploads\/usu313\/2017\/02\/Screen-Shot-03-05-17-at-10.47-PM.png\"><img loading=\"lazy\" decoding=\"async\" class=\"aligncenter wp-image-1327\" src=\"http:\/\/agora.xtec.cat\/ins-nauticabcn\/wp-content\/uploads\/usu313\/2017\/02\/Screen-Shot-03-05-17-at-10.47-PM.png\" alt=\"screen-shot-03-05-17-at-10-47-pm\" width=\"853\" height=\"638\" srcset=\"https:\/\/agora.xtec.cat\/ins-nauticabcn\/wp-content\/uploads\/usu313\/2017\/02\/Screen-Shot-03-05-17-at-10.47-PM.png 692w, https:\/\/agora.xtec.cat\/ins-nauticabcn\/wp-content\/uploads\/usu313\/2017\/02\/Screen-Shot-03-05-17-at-10.47-PM-300x225.png 300w, https:\/\/agora.xtec.cat\/ins-nauticabcn\/wp-content\/uploads\/usu313\/2017\/02\/Screen-Shot-03-05-17-at-10.47-PM-200x150.png 200w\" sizes=\"auto, (max-width: 853px) 100vw, 853px\" \/><\/a><\/p>\n<p><a href=\"http:\/\/agora.xtec.cat\/ins-nauticabcn\/wp-content\/uploads\/usu313\/2017\/02\/Screen-Shot-03-08-17-at-12.43-PM.png\"><img loading=\"lazy\" decoding=\"async\" class=\"aligncenter size-large wp-image-1334\" src=\"http:\/\/agora.xtec.cat\/ins-nauticabcn\/wp-content\/uploads\/usu313\/2017\/02\/Screen-Shot-03-08-17-at-12.43-PM-1024x246.png\" alt=\"screen-shot-03-08-17-at-12-43-pm\" width=\"1024\" height=\"246\" srcset=\"https:\/\/agora.xtec.cat\/ins-nauticabcn\/wp-content\/uploads\/usu313\/2017\/02\/Screen-Shot-03-08-17-at-12.43-PM-1024x246.png 1024w, https:\/\/agora.xtec.cat\/ins-nauticabcn\/wp-content\/uploads\/usu313\/2017\/02\/Screen-Shot-03-08-17-at-12.43-PM-300x72.png 300w, https:\/\/agora.xtec.cat\/ins-nauticabcn\/wp-content\/uploads\/usu313\/2017\/02\/Screen-Shot-03-08-17-at-12.43-PM-768x185.png 768w, https:\/\/agora.xtec.cat\/ins-nauticabcn\/wp-content\/uploads\/usu313\/2017\/02\/Screen-Shot-03-08-17-at-12.43-PM.png 1679w\" sizes=\"auto, (max-width: 1024px) 100vw, 1024px\" \/><\/a><\/p>\n<p>Us deixem tamb\u00e9 amb un reportatge fotogr\u00e0fic d&#8217;algunes de les sortides de l&#8217;any passat<\/p>\n<p><strong>Sortida amb Veler<\/strong><\/p>\n<table>\n<tbody>\n<tr>\n<td><a href=\"http:\/\/agora.xtec.cat\/ins-nauticabcn\/wp-content\/uploads\/usu313\/2016\/03\/Veler2.jpg\"><img loading=\"lazy\" decoding=\"async\" class=\"wp-image-700\" src=\"http:\/\/agora.xtec.cat\/ins-nauticabcn\/wp-content\/uploads\/usu313\/2016\/03\/Veler2-300x169.jpg\" alt=\"Veler2\" width=\"531\" height=\"298\" srcset=\"https:\/\/agora.xtec.cat\/ins-nauticabcn\/wp-content\/uploads\/usu313\/2016\/03\/Veler2-300x169.jpg 300w, https:\/\/agora.xtec.cat\/ins-nauticabcn\/wp-content\/uploads\/usu313\/2016\/03\/Veler2-1024x576.jpg 1024w, https:\/\/agora.xtec.cat\/ins-nauticabcn\/wp-content\/uploads\/usu313\/2016\/03\/Veler2.jpg 1182w\" sizes=\"auto, (max-width: 531px) 100vw, 531px\" \/><\/a><\/td>\n<td><a href=\"http:\/\/agora.xtec.cat\/ins-nauticabcn\/wp-content\/uploads\/usu313\/2016\/03\/Veler1.jpg\"><img loading=\"lazy\" decoding=\"async\" class=\"aligncenter size-medium wp-image-701\" src=\"http:\/\/agora.xtec.cat\/ins-nauticabcn\/wp-content\/uploads\/usu313\/2016\/03\/Veler1-169x300.jpg\" alt=\"Veler1\" width=\"169\" height=\"300\" srcset=\"https:\/\/agora.xtec.cat\/ins-nauticabcn\/wp-content\/uploads\/usu313\/2016\/03\/Veler1-169x300.jpg 169w, https:\/\/agora.xtec.cat\/ins-nauticabcn\/wp-content\/uploads\/usu313\/2016\/03\/Veler1-576x1024.jpg 576w, https:\/\/agora.xtec.cat\/ins-nauticabcn\/wp-content\/uploads\/usu313\/2016\/03\/Veler1.jpg 665w\" sizes=\"auto, (max-width: 169px) 100vw, 169px\" \/><\/a><\/td>\n<\/tr>\n<\/tbody>\n<\/table>\n<p><strong>Sortida al Servei d&#8217;Emerg\u00e8ncies M\u00e8diques<\/strong><\/p>\n<table>\n<tbody>\n<tr>\n<td><a href=\"http:\/\/agora.xtec.cat\/ins-nauticabcn\/wp-content\/uploads\/usu313\/2016\/03\/SEM2.jpg\"><img loading=\"lazy\" decoding=\"async\" class=\"aligncenter wp-image-703\" src=\"http:\/\/agora.xtec.cat\/ins-nauticabcn\/wp-content\/uploads\/usu313\/2016\/03\/SEM2-300x225.jpg\" alt=\"SEM2\" width=\"430\" height=\"321\" srcset=\"https:\/\/agora.xtec.cat\/ins-nauticabcn\/wp-content\/uploads\/usu313\/2016\/03\/SEM2-300x225.jpg 300w, https:\/\/agora.xtec.cat\/ins-nauticabcn\/wp-content\/uploads\/usu313\/2016\/03\/SEM2-200x150.jpg 200w\" sizes=\"auto, (max-width: 430px) 100vw, 430px\" \/><\/a><\/td>\n<td><a href=\"http:\/\/agora.xtec.cat\/ins-nauticabcn\/wp-content\/uploads\/usu313\/2016\/03\/SEM1.jpg\"><img loading=\"lazy\" decoding=\"async\" class=\"aligncenter wp-image-702\" src=\"http:\/\/agora.xtec.cat\/ins-nauticabcn\/wp-content\/uploads\/usu313\/2016\/03\/SEM1-300x225.jpg\" alt=\"SEM1\" width=\"423\" height=\"318\" srcset=\"https:\/\/agora.xtec.cat\/ins-nauticabcn\/wp-content\/uploads\/usu313\/2016\/03\/SEM1-300x225.jpg 300w, https:\/\/agora.xtec.cat\/ins-nauticabcn\/wp-content\/uploads\/usu313\/2016\/03\/SEM1.jpg 1024w, https:\/\/agora.xtec.cat\/ins-nauticabcn\/wp-content\/uploads\/usu313\/2016\/03\/SEM1-200x150.jpg 200w\" sizes=\"auto, (max-width: 423px) 100vw, 423px\" \/><\/a><\/td>\n<\/tr>\n<\/tbody>\n<\/table>\n<p><strong>Visita als Mossos d&#8217;Esquadra<\/strong><\/p>\n<table>\n<tbody>\n<tr>\n<td><a href=\"http:\/\/agora.xtec.cat\/ins-nauticabcn\/wp-content\/uploads\/usu313\/2016\/03\/Mossos.jpg\"><img loading=\"lazy\" decoding=\"async\" class=\"aligncenter wp-image-704\" src=\"http:\/\/agora.xtec.cat\/ins-nauticabcn\/wp-content\/uploads\/usu313\/2016\/03\/Mossos-300x225.jpg\" alt=\"Mossos\" width=\"427\" height=\"319\" srcset=\"https:\/\/agora.xtec.cat\/ins-nauticabcn\/wp-content\/uploads\/usu313\/2016\/03\/Mossos-300x225.jpg 300w, https:\/\/agora.xtec.cat\/ins-nauticabcn\/wp-content\/uploads\/usu313\/2016\/03\/Mossos.jpg 1024w, https:\/\/agora.xtec.cat\/ins-nauticabcn\/wp-content\/uploads\/usu313\/2016\/03\/Mossos-200x150.jpg 200w\" sizes=\"auto, (max-width: 427px) 100vw, 427px\" \/><\/a><\/td>\n<\/tr>\n<\/tbody>\n<\/table>\n","protected":false},"excerpt":{"rendered":"<p>Anualment, organitzem una Setmana Blava,\u00a0on durant uns dies, deixarem de fer les activitats acad\u00e8miques\u00a0convencionals, i organitzarem un seguit de confer\u00e8ncies, visites, sortides amb vaixell i activitats\u00a0diverses, adre\u00e7ades als nostres alumnes, per a que tinguin l\u2019oportunitat de copsar de primera m\u00e0\u00a0el sector professional al quan estan&hellip;  <a href=\"https:\/\/agora.xtec.cat\/ins-nauticabcn\/general\/setmana-blava-a-linb\/\" title=\"Read 2a Setmana Blava a l&#8217;INB\">Llegeix m\u00e9s\u00bb<\/a><\/p>\n","protected":false},"author":1,"featured_media":1319,"comment_status":"open","ping_status":"open","sticky":false,"template":"","format":"standard","meta":{"_bbp_topic_count":0,"_bbp_reply_count":0,"_bbp_total_topic_count":0,"_bbp_total_reply_count":0,"_bbp_voice_count":0,"_bbp_anonymous_reply_count":0,"_bbp_topic_count_hidden":0,"_bbp_reply_count_hidden":0,"_bbp_forum_subforum_count":0,"footnotes":""},"categories":[1,29],"tags":[],"class_list":["post-753","post","type-post","status-publish","format-standard","has-post-thumbnail","hentry","category-general","category-portada"],"post_mailing_queue_ids":[],"_links":{"self":[{"href":"https:\/\/agora.xtec.cat\/ins-nauticabcn\/wp-json\/wp\/v2\/posts\/753","targetHints":{"allow":["GET"]}}],"collection":[{"href":"https:\/\/agora.xtec.cat\/ins-nauticabcn\/wp-json\/wp\/v2\/posts"}],"about":[{"href":"https:\/\/agora.xtec.cat\/ins-nauticabcn\/wp-json\/wp\/v2\/types\/post"}],"author":[{"embeddable":true,"href":"https:\/\/agora.xtec.cat\/ins-nauticabcn\/wp-json\/wp\/v2\/users\/1"}],"replies":[{"embeddable":true,"href":"https:\/\/agora.xtec.cat\/ins-nauticabcn\/wp-json\/wp\/v2\/comments?post=753"}],"version-history":[{"count":3,"href":"https:\/\/agora.xtec.cat\/ins-nauticabcn\/wp-json\/wp\/v2\/posts\/753\/revisions"}],"predecessor-version":[{"id":755,"href":"https:\/\/agora.xtec.cat\/ins-nauticabcn\/wp-json\/wp\/v2\/posts\/753\/revisions\/755"}],"wp:featuredmedia":[{"embeddable":true,"href":"https:\/\/agora.xtec.cat\/ins-nauticabcn\/wp-json\/wp\/v2\/media\/1319"}],"wp:attachment":[{"href":"https:\/\/agora.xtec.cat\/ins-nauticabcn\/wp-json\/wp\/v2\/media?parent=753"}],"wp:term":[{"taxonomy":"category","embeddable":true,"href":"https:\/\/agora.xtec.cat\/ins-nauticabcn\/wp-json\/wp\/v2\/categories?post=753"},{"taxonomy":"post_tag","embeddable":true,"href":"https:\/\/agora.xtec.cat\/ins-nauticabcn\/wp-json\/wp\/v2\/tags?post=753"}],"curies":[{"name":"wp","href":"https:\/\/api.w.org\/{rel}","templated":true}]}}