{"id":7323,"date":"2023-09-19T09:00:56","date_gmt":"2023-09-19T07:00:56","guid":{"rendered":"https:\/\/agora.xtec.cat\/ins-nauticabcn\/?p=7323"},"modified":"2023-09-26T09:05:16","modified_gmt":"2023-09-26T07:05:16","slug":"preinscripcio-i-matricula-setembre-ensenyaments-esportius","status":"publish","type":"post","link":"https:\/\/agora.xtec.cat\/ins-nauticabcn\/portada\/preinscripcio-i-matricula-setembre-ensenyaments-esportius\/","title":{"rendered":"Publicaci\u00f3 llistat barem definitiu i d&#8217;alumnes admesos &#8211; Preinscripci\u00f3 Setembre Ensenyaments Esportius"},"content":{"rendered":"<p style=\"text-align: justify;\">A continuaci\u00f3 podreu consultar els llistat d&#8217;alumnes admesos al proc\u00e9s de preinscripci\u00f3 de setembre per a estudis esportius (Cicle Inicial de Vela, Salvament i Socorrisme i Pirag\u00fcisme) amb el barem definitiu.<\/p>\n<p style=\"text-align: justify;\"><span style=\"color: #ff0000;\"><strong><span style=\"color: #000000;\">Important:<\/span> no es realitzar\u00e0 cap sorteig de n\u00famero de desempat ja que tot l&#8217;alumnat preinscrit que compleixi els requisits acad\u00e8mics d&#8217;acc\u00e9s ser\u00e0 adm\u00e8s perqu\u00e8 hi han hagut menys preinscripcions que places ofertades.<\/strong><\/span> <strong>Recordeu consultar el calendari de preinscripci\u00f3 i matr\u00edcula en aquesta mateixa p\u00e0gina.<\/strong><\/p>\n<p>Llistats alumnes preinscrits amb el barem provisional:<\/p>\n<p><a href=\"https:\/\/agora.xtec.cat\/ins-nauticabcn\/wp-content\/uploads\/usu313\/2023\/09\/Barem-DEF.-preins-SETEMBRE-CI-SOS-23_24.pdf\" target=\"_blank\" rel=\"noopener\">Cicle Inicial de Salvament i Socorrisme<\/a><\/p>\n<p><a href=\"https:\/\/agora.xtec.cat\/ins-nauticabcn\/wp-content\/uploads\/usu313\/2023\/09\/Barem-DEF.-preins-SETEMBRE-CI-VELA-23_24.pdf\" target=\"_blank\" rel=\"noopener\">Cicle Inicial de Vela<\/a><\/p>\n<p><a href=\"https:\/\/agora.xtec.cat\/ins-nauticabcn\/wp-content\/uploads\/usu313\/2023\/09\/Barem-DEF.-preins-SETEMBRE-CI-PIRAGUISME-23_24.pdf\" target=\"_blank\" rel=\"noopener\">Cicle Inicial de Pirag\u00fcisme<\/a><\/p>\n<p><a href=\"https:\/\/agora.xtec.cat\/ins-nauticabcn\/wp-content\/uploads\/usu313\/2023\/09\/Barem-DEF.-preins-SETEMBRE-BATX.-ESPORTIU-VELA-23_24.pdf\" target=\"_blank\" rel=\"noopener\">Batxillerat Esportiu de Vela<\/a><\/p>\n<p>&nbsp;<\/p>\n<p>Contra la relaci\u00f3 baremada de sol\u00b7licituds es pot presentar reclamaci\u00f3 al centre del 19 al 25 de setembre per correu electr\u00f2nic al a8074847@xtec.cat<\/p>\n<p>&nbsp;<\/p>\n<p>Recordeu que heu d&#8217;enviar la <strong>documentaci\u00f3 de matr\u00edcula<\/strong> al correu del centre (a8074847@xtec.cat) <strong>del 26 al 29 de setembre<\/strong> o portar-la a la secretaria en horari d&#8217;atenci\u00f3 al p\u00fablic.<\/p>\n<p><strong>Trobareu tota la documentaci\u00f3 de matr\u00edcula<\/strong> <a href=\"https:\/\/agora.xtec.cat\/ins-nauticabcn\/secretaria\/preinscripcio-i-matricula-2023-2024\/#e\" target=\"_blank\" rel=\"noopener\">aqu\u00ed.<\/a><\/p>\n<p>&nbsp;<\/p>\n<p>&nbsp;<\/p>\n<p>___________________________________________________________________________________________________________<\/p>\n<p><img decoding=\"async\" class=\"aligncenter\" src=\"https:\/\/agora.xtec.cat\/ins-nauticabcn\/wp-content\/uploads\/usu313\/2023\/07\/calendari-ENSERE.jpg\" \/><\/p>\n<p>A continuaci\u00f3 trobareu l&#8217;<strong>oferta de places<\/strong> per als diferents cursos i especialitats amb el seu horari:<\/p>\n<p><img loading=\"lazy\" decoding=\"async\" class=\"aligncenter size-full wp-image-7371\" src=\"https:\/\/agora.xtec.cat\/ins-nauticabcn\/wp-content\/uploads\/usu313\/2023\/09\/Oferta-places-Esports-Setembre.png\" alt=\"\" width=\"1183\" height=\"712\" srcset=\"https:\/\/agora.xtec.cat\/ins-nauticabcn\/wp-content\/uploads\/usu313\/2023\/09\/Oferta-places-Esports-Setembre.png 1183w, https:\/\/agora.xtec.cat\/ins-nauticabcn\/wp-content\/uploads\/usu313\/2023\/09\/Oferta-places-Esports-Setembre-300x181.png 300w, https:\/\/agora.xtec.cat\/ins-nauticabcn\/wp-content\/uploads\/usu313\/2023\/09\/Oferta-places-Esports-Setembre-1024x616.png 1024w, https:\/\/agora.xtec.cat\/ins-nauticabcn\/wp-content\/uploads\/usu313\/2023\/09\/Oferta-places-Esports-Setembre-768x462.png 768w\" sizes=\"auto, (max-width: 1183px) 100vw, 1183px\" \/><\/p>\n<p>&nbsp;<\/p>\n<p><span style=\"color: #000000;\">Trobareu tota la informaci\u00f3 i documentaci\u00f3 <strong>per fer la preinscripci\u00f3<\/strong> <a href=\"https:\/\/agora.xtec.cat\/ins-nauticabcn\/secretaria\/preinscripcio-i-matricula-2023-2024\/#c\" target=\"_blank\" rel=\"noopener\">aqu\u00ed.<\/a><\/span><strong><span style=\"color: #3366ff;\"><br \/>\n<\/span><\/strong><\/p>\n<p>&nbsp;<\/p>\n","protected":false},"excerpt":{"rendered":"<p>Durant el mes de setembre obrirem un altre periode de preinscripci\u00f3 i matr\u00edcula per als diferents estudis esportius que oferim&hellip;  <a href=\"https:\/\/agora.xtec.cat\/ins-nauticabcn\/portada\/preinscripcio-i-matricula-setembre-ensenyaments-esportius\/\" title=\"Read Publicaci\u00f3 llistat barem definitiu i d&#8217;alumnes admesos &#8211; Preinscripci\u00f3 Setembre Ensenyaments Esportius\">Llegeix m\u00e9s\u00bb<\/a><\/p>\n","protected":false},"author":1,"featured_media":6398,"comment_status":"closed","ping_status":"closed","sticky":false,"template":"","format":"standard","meta":{"_bbp_topic_count":0,"_bbp_reply_count":0,"_bbp_total_topic_count":0,"_bbp_total_reply_count":0,"_bbp_voice_count":0,"_bbp_anonymous_reply_count":0,"_bbp_topic_count_hidden":0,"_bbp_reply_count_hidden":0,"_bbp_forum_subforum_count":0,"footnotes":""},"categories":[29],"tags":[],"class_list":["post-7323","post","type-post","status-publish","format-standard","has-post-thumbnail","hentry","category-portada"],"post_mailing_queue_ids":[],"_links":{"self":[{"href":"https:\/\/agora.xtec.cat\/ins-nauticabcn\/wp-json\/wp\/v2\/posts\/7323","targetHints":{"allow":["GET"]}}],"collection":[{"href":"https:\/\/agora.xtec.cat\/ins-nauticabcn\/wp-json\/wp\/v2\/posts"}],"about":[{"href":"https:\/\/agora.xtec.cat\/ins-nauticabcn\/wp-json\/wp\/v2\/types\/post"}],"author":[{"embeddable":true,"href":"https:\/\/agora.xtec.cat\/ins-nauticabcn\/wp-json\/wp\/v2\/users\/1"}],"replies":[{"embeddable":true,"href":"https:\/\/agora.xtec.cat\/ins-nauticabcn\/wp-json\/wp\/v2\/comments?post=7323"}],"version-history":[{"count":3,"href":"https:\/\/agora.xtec.cat\/ins-nauticabcn\/wp-json\/wp\/v2\/posts\/7323\/revisions"}],"predecessor-version":[{"id":7443,"href":"https:\/\/agora.xtec.cat\/ins-nauticabcn\/wp-json\/wp\/v2\/posts\/7323\/revisions\/7443"}],"wp:featuredmedia":[{"embeddable":true,"href":"https:\/\/agora.xtec.cat\/ins-nauticabcn\/wp-json\/wp\/v2\/media\/6398"}],"wp:attachment":[{"href":"https:\/\/agora.xtec.cat\/ins-nauticabcn\/wp-json\/wp\/v2\/media?parent=7323"}],"wp:term":[{"taxonomy":"category","embeddable":true,"href":"https:\/\/agora.xtec.cat\/ins-nauticabcn\/wp-json\/wp\/v2\/categories?post=7323"},{"taxonomy":"post_tag","embeddable":true,"href":"https:\/\/agora.xtec.cat\/ins-nauticabcn\/wp-json\/wp\/v2\/tags?post=7323"}],"curies":[{"name":"wp","href":"https:\/\/api.w.org\/{rel}","templated":true}]}}