{"id":7151,"date":"2023-06-27T12:08:07","date_gmt":"2023-06-27T10:08:07","guid":{"rendered":"https:\/\/agora.xtec.cat\/ins-nauticabcn\/?p=7151"},"modified":"2023-07-03T13:18:34","modified_gmt":"2023-07-03T11:18:34","slug":"inici-matricula-ensenyaments-esportius","status":"publish","type":"post","link":"https:\/\/agora.xtec.cat\/ins-nauticabcn\/portada\/inici-matricula-ensenyaments-esportius\/","title":{"rendered":"Inici de matr\u00edcula i publicaci\u00f3 de llistats d&#8217;alumnes admesos Ensenyaments Esportius (Salvament i Socorrisme, Vela i Busseig)"},"content":{"rendered":"<p><strong><span style=\"color: #ff6600;\">A partir del dia 26 de juny i fins el dia 7 de juliol<\/span><\/strong> s&#8217;ha de formalitzar la matr\u00edcula per als ensenyaments esportius que s&#8217;inicien a partir del setembre.<\/p>\n<p><strong>La no formalitzaci\u00f3 de la matr\u00edcula dins del periode, implica la p\u00e8rdua de la reserva de pla\u00e7a.<\/strong><\/p>\n<p>Cal que ompliu, signeu i ens feu arribar a la secretaria de l&#8217;Institut de N\u00e0utica <strong>els documents que trobareu <a href=\"https:\/\/agora.xtec.cat\/ins-nauticabcn\/secretaria\/preinscripcio-i-matricula-2023-2024\/#e\" target=\"_blank\" rel=\"noopener\">aqu\u00ed.<\/a><\/strong><\/p>\n<p><em>(Omplir nom\u00e9s els documents corresponents a l&#8217;especialitat a la que et vols matricular)<\/em><\/p>\n<p>Podeu enviar els documents al correu electr\u00f2nic: a8074847@xtec.cat<\/p>\n<p>O tamb\u00e9 podeu venir a la secretaria de l&#8217;Institut de N\u00e0utica per fer la matr\u00edcula de forma presencial.<\/p>\n<p>L&#8217;horari d&#8217;atenci\u00f3 al p\u00fablic \u00e9s de dilluns a divendres de 9h a 13h i les tardes de dilluns i dimecres de 15h a 18h (tardes de juliol tancat)<\/p>\n<p>Els calendaris s\u00f3n diferents per cada tipologia d\u2019estudi, en els seg\u00fcents enlla\u00e7os trobareu els calendaris complets per a cada estudi:<\/p>\n<p><a href=\"https:\/\/agora.xtec.cat\/ins-nauticabcn\/wp-content\/uploads\/usu313\/2023\/03\/CALENDARI-DE-PREINSCRIPCIO-I-MATRICULA-ESPORTS-23-24.pdf\">CALENDARI DE PREINSCRIPCI\u00d3 I MATR\u00cdCULA ESPORTS 23-24<\/a><\/p>\n<p>&nbsp;<\/p>\n<p><strong>Llistat d\u2019alumnes admesos amb barem definitiu:<\/strong><\/p>\n<p><a href=\"https:\/\/agora.xtec.cat\/ins-nauticabcn\/wp-content\/uploads\/usu313\/2023\/05\/Barem-DEF.-preins-CI-SOS-23_24.pdf\" target=\"_blank\" rel=\"noopener\">CICLE INICIAL SALVAMENT I SOCORRISME<\/a><\/p>\n<p><a href=\"https:\/\/agora.xtec.cat\/ins-nauticabcn\/wp-content\/uploads\/usu313\/2023\/05\/Barem-DEF.-preins-CI-VELA-23_24.pdf\" target=\"_blank\" rel=\"noopener\">CICLE INICIAL VELA<\/a><\/p>\n<p><a href=\"https:\/\/agora.xtec.cat\/ins-nauticabcn\/wp-content\/uploads\/usu313\/2023\/05\/Barem-DEF.-preins-CI-BUSSEIG-23_24.pdf\" target=\"_blank\" rel=\"noopener\">CICLE INICIAL BUSSEIG ESPORTIU<\/a><\/p>\n<p><a href=\"https:\/\/agora.xtec.cat\/ins-nauticabcn\/wp-content\/uploads\/usu313\/2023\/06\/Barem-DEF.-preins-GS-SOS-23_24.pdf\" target=\"_blank\" rel=\"noopener\">GRAU SUPERIOR SALVAMENT I SOCORRISME<\/a><\/p>\n<p><a href=\"https:\/\/agora.xtec.cat\/ins-nauticabcn\/wp-content\/uploads\/usu313\/2023\/05\/Barem-DEF.-preins-GS-VELA-23_24.pdf\" target=\"_blank\" rel=\"noopener\">GRAU SUPERIOR VELA<\/a><\/p>\n<p>&nbsp;<\/p>\n<p>&nbsp;<\/p>\n","protected":false},"excerpt":{"rendered":"<p>A partir del dia 26 de juny i fins el dia 7 de juliol s&#8217;ha de formalitzar la matr\u00edcula per als ensenyaments esportius que s&#8217;inicien a partir del setembre.&hellip;  <a href=\"https:\/\/agora.xtec.cat\/ins-nauticabcn\/portada\/inici-matricula-ensenyaments-esportius\/\" title=\"Read Inici de matr\u00edcula i publicaci\u00f3 de llistats d&#8217;alumnes admesos Ensenyaments Esportius (Salvament i Socorrisme, Vela i Busseig)\">Llegeix m\u00e9s\u00bb<\/a><\/p>\n","protected":false},"author":1,"featured_media":6337,"comment_status":"closed","ping_status":"closed","sticky":false,"template":"","format":"standard","meta":{"_bbp_topic_count":0,"_bbp_reply_count":0,"_bbp_total_topic_count":0,"_bbp_total_reply_count":0,"_bbp_voice_count":0,"_bbp_anonymous_reply_count":0,"_bbp_topic_count_hidden":0,"_bbp_reply_count_hidden":0,"_bbp_forum_subforum_count":0,"footnotes":""},"categories":[29],"tags":[],"class_list":["post-7151","post","type-post","status-publish","format-standard","has-post-thumbnail","hentry","category-portada"],"post_mailing_queue_ids":[],"_links":{"self":[{"href":"https:\/\/agora.xtec.cat\/ins-nauticabcn\/wp-json\/wp\/v2\/posts\/7151","targetHints":{"allow":["GET"]}}],"collection":[{"href":"https:\/\/agora.xtec.cat\/ins-nauticabcn\/wp-json\/wp\/v2\/posts"}],"about":[{"href":"https:\/\/agora.xtec.cat\/ins-nauticabcn\/wp-json\/wp\/v2\/types\/post"}],"author":[{"embeddable":true,"href":"https:\/\/agora.xtec.cat\/ins-nauticabcn\/wp-json\/wp\/v2\/users\/1"}],"replies":[{"embeddable":true,"href":"https:\/\/agora.xtec.cat\/ins-nauticabcn\/wp-json\/wp\/v2\/comments?post=7151"}],"version-history":[{"count":3,"href":"https:\/\/agora.xtec.cat\/ins-nauticabcn\/wp-json\/wp\/v2\/posts\/7151\/revisions"}],"predecessor-version":[{"id":7214,"href":"https:\/\/agora.xtec.cat\/ins-nauticabcn\/wp-json\/wp\/v2\/posts\/7151\/revisions\/7214"}],"wp:featuredmedia":[{"embeddable":true,"href":"https:\/\/agora.xtec.cat\/ins-nauticabcn\/wp-json\/wp\/v2\/media\/6337"}],"wp:attachment":[{"href":"https:\/\/agora.xtec.cat\/ins-nauticabcn\/wp-json\/wp\/v2\/media?parent=7151"}],"wp:term":[{"taxonomy":"category","embeddable":true,"href":"https:\/\/agora.xtec.cat\/ins-nauticabcn\/wp-json\/wp\/v2\/categories?post=7151"},{"taxonomy":"post_tag","embeddable":true,"href":"https:\/\/agora.xtec.cat\/ins-nauticabcn\/wp-json\/wp\/v2\/tags?post=7151"}],"curies":[{"name":"wp","href":"https:\/\/api.w.org\/{rel}","templated":true}]}}