{"id":7146,"date":"2024-07-11T10:00:43","date_gmt":"2024-07-11T08:00:43","guid":{"rendered":"https:\/\/agora.xtec.cat\/ins-nauticabcn\/?p=7146"},"modified":"2024-07-30T08:50:24","modified_gmt":"2024-07-30T06:50:24","slug":"llistat-baremat-provisional-cicles-formatius-grau-superior","status":"publish","type":"post","link":"https:\/\/agora.xtec.cat\/ins-nauticabcn\/portada\/llistat-baremat-provisional-cicles-formatius-grau-superior\/","title":{"rendered":"Llistat d&#8217;alumnes assignats al centre en primera tanda al CFGS Sistemes el\u00e8ctrics i de navegaci\u00f3 i al CFGS Ensenyament i animaci\u00f3 socioesportiva orientat a platja"},"content":{"rendered":"<p>A continuaci\u00f3 podeu veure els llistat amb els alumnes assignats al centre en primera tanda al CFGS Sistemes el\u00e8ctrics i de navegaci\u00f3 i al CFGS Ensenyament i animaci\u00f3 socioesportiva orientat a platja per al curs 2024-2025.<\/p>\n<p><strong><span style=\"color: #ff0000;\">IMPORTANT!!<\/span><\/strong> <strong>Segons les instruccions del Departament d&#8217;Ensenyament, del 15 al 18 de juliol nom\u00e9s s&#8217;han de matricular l&#8217;alumnat amb &#8220;ordre de petici\u00f3 1&#8221;. La resta d&#8217;alumnat haur\u00e0 d&#8217;esperar al llistat que publicarem el proper 30 de juliol i matricular del 2 al 6 de setembre.<\/strong><\/p>\n<p>Consultar el llistat d&#8217;alumnes assignats <a href=\"https:\/\/agora.xtec.cat\/ins-nauticabcn\/wp-content\/uploads\/usu313\/2024\/07\/INFORME_ASSIGNADES_INFORME_ASSIGNADES-1.pdf\" target=\"_blank\" rel=\"noopener\">aqu\u00ed.<\/a><\/p>\n<p><strong>Trobareu tota la documentaci\u00f3 de matr\u00edcula per al CFGS Sistemes el\u00e8ctrics i de navegaci\u00f3<\/strong> <a href=\"https:\/\/drive.google.com\/drive\/folders\/1NY6pqVmA9T_HQDqfPtDoluWNFL_zt954?usp=sharing\" target=\"_blank\" rel=\"noopener\">aqu\u00ed.<\/a><\/p>\n<p><strong>Trobareu tota la documentaci\u00f3 de matr\u00edcula per al<\/strong> <strong>CFGS Ensenyament i animaci\u00f3 socioesportiva orientat a platja <\/strong><a href=\"https:\/\/drive.google.com\/drive\/folders\/1NYYzfAMIm-4AVUxUg_eyCZxORXCYgjZ7?usp=sharing\" target=\"_blank\" rel=\"noopener\">aqu\u00ed.<\/a><\/p>\n<p><strong>Tot l\u2019alumnat adm\u00e8s haur\u00e0 de presentar la documentaci\u00f3 de matr\u00edcula ja sigui per correu electr\u00f2nic (a8074847@xtec.cat) o personalment a la secretaria de l\u2019institut (de dilluns a divendres de 9 a 13 hores) del 15 al 18 de juliol.<\/strong><\/p>\n<p>Podeu consultar el calendari de tot el proc\u00e9s de preinscripci\u00f3 i matr\u00edcula <a href=\"https:\/\/preinscripcio.gencat.cat\/ca\/estudis\/fp-grau-superior\/informat\/calendari\/\" target=\"_blank\" rel=\"noopener\">aqu\u00ed.<\/a><\/p>\n<p>&nbsp;<\/p>\n<p>Des de la secretaria del centre estem disponibles per orientar-vos en tots els dubtes que us puguin sorgir <strong>trucant al tel\u00e8fon 93 884 60 74.<\/strong><\/p>\n<p>&nbsp;<\/p>\n<p>&nbsp;<\/p>\n<p>&nbsp;<\/p>\n<p>&nbsp;<\/p>\n<p>&nbsp;<\/p>\n<p>&nbsp;<\/p>\n<p>&nbsp;<\/p>\n","protected":false},"excerpt":{"rendered":"<p>A continuaci\u00f3 podeu veure els llistats corresponents a l&#8217;alumnat assignat per fer el Cicle formatiu&hellip;  <a href=\"https:\/\/agora.xtec.cat\/ins-nauticabcn\/portada\/llistat-baremat-provisional-cicles-formatius-grau-superior\/\" title=\"Read Llistat d&#8217;alumnes assignats al centre en primera tanda al CFGS Sistemes el\u00e8ctrics i de navegaci\u00f3 i al CFGS Ensenyament i animaci\u00f3 socioesportiva orientat a platja\">Llegeix m\u00e9s\u00bb<\/a><\/p>\n","protected":false},"author":1,"featured_media":4012,"comment_status":"closed","ping_status":"closed","sticky":false,"template":"","format":"standard","meta":{"_bbp_topic_count":0,"_bbp_reply_count":0,"_bbp_total_topic_count":0,"_bbp_total_reply_count":0,"_bbp_voice_count":0,"_bbp_anonymous_reply_count":0,"_bbp_topic_count_hidden":0,"_bbp_reply_count_hidden":0,"_bbp_forum_subforum_count":0,"footnotes":""},"categories":[29],"tags":[],"class_list":["post-7146","post","type-post","status-publish","format-standard","has-post-thumbnail","hentry","category-portada"],"post_mailing_queue_ids":[],"_links":{"self":[{"href":"https:\/\/agora.xtec.cat\/ins-nauticabcn\/wp-json\/wp\/v2\/posts\/7146","targetHints":{"allow":["GET"]}}],"collection":[{"href":"https:\/\/agora.xtec.cat\/ins-nauticabcn\/wp-json\/wp\/v2\/posts"}],"about":[{"href":"https:\/\/agora.xtec.cat\/ins-nauticabcn\/wp-json\/wp\/v2\/types\/post"}],"author":[{"embeddable":true,"href":"https:\/\/agora.xtec.cat\/ins-nauticabcn\/wp-json\/wp\/v2\/users\/1"}],"replies":[{"embeddable":true,"href":"https:\/\/agora.xtec.cat\/ins-nauticabcn\/wp-json\/wp\/v2\/comments?post=7146"}],"version-history":[{"count":6,"href":"https:\/\/agora.xtec.cat\/ins-nauticabcn\/wp-json\/wp\/v2\/posts\/7146\/revisions"}],"predecessor-version":[{"id":7251,"href":"https:\/\/agora.xtec.cat\/ins-nauticabcn\/wp-json\/wp\/v2\/posts\/7146\/revisions\/7251"}],"wp:featuredmedia":[{"embeddable":true,"href":"https:\/\/agora.xtec.cat\/ins-nauticabcn\/wp-json\/wp\/v2\/media\/4012"}],"wp:attachment":[{"href":"https:\/\/agora.xtec.cat\/ins-nauticabcn\/wp-json\/wp\/v2\/media?parent=7146"}],"wp:term":[{"taxonomy":"category","embeddable":true,"href":"https:\/\/agora.xtec.cat\/ins-nauticabcn\/wp-json\/wp\/v2\/categories?post=7146"},{"taxonomy":"post_tag","embeddable":true,"href":"https:\/\/agora.xtec.cat\/ins-nauticabcn\/wp-json\/wp\/v2\/tags?post=7146"}],"curies":[{"name":"wp","href":"https:\/\/api.w.org\/{rel}","templated":true}]}}