{"id":7100,"date":"2023-06-30T09:00:54","date_gmt":"2023-06-30T07:00:54","guid":{"rendered":"https:\/\/agora.xtec.cat\/ins-nauticabcn\/?p=7100"},"modified":"2023-07-03T08:43:48","modified_gmt":"2023-07-03T06:43:48","slug":"publicacio-de-la-llista-amb-el-barem-provisional-de-cicle-formatius-de-grau-mitja","status":"publish","type":"post","link":"https:\/\/agora.xtec.cat\/ins-nauticabcn\/general\/publicacio-de-la-llista-amb-el-barem-provisional-de-cicle-formatius-de-grau-mitja\/","title":{"rendered":"Inici de matr\u00edcula, publicaci\u00f3 de llistats d&#8217;alumnes admesos i oferta definitiva de Cicles Formatius de Grau Mitj\u00e0"},"content":{"rendered":"<p>A continuaci\u00f3 trobareu els seg\u00fcents llistats del proc\u00e9s de preinscripci\u00f3 per al Cicle Formatiu de Grau Mitj\u00e0 de Manteniment d\u2019Embarcacions d\u2019Esbarjo:<\/p>\n<p>Oferta definitiva <a href=\"https:\/\/agora.xtec.cat\/ins-nauticabcn\/wp-content\/uploads\/usu313\/2023\/06\/INFORME_OFERTA_OME_INFORME_OFERTA.pdf\" target=\"_blank\" rel=\"noopener\">aqu\u00ed<\/a><\/p>\n<p><strong>Alumnat de continu\u00eftat:<\/strong><\/p>\n<ul>\n<li><a href=\"https:\/\/agora.xtec.cat\/ins-nauticabcn\/wp-content\/uploads\/usu313\/2023\/06\/ALUMNES-CONITNUITAT-INFORME_ASSIGNADES_INFORME_ASSIGNADES.pdf\" target=\"_blank\" rel=\"noopener\">Alumnes assignats al centre amb indicaci\u00f3 de la primera petici\u00f3<\/a><\/li>\n<li><a href=\"https:\/\/agora.xtec.cat\/ins-nauticabcn\/wp-content\/uploads\/usu313\/2023\/06\/ALUMNES-CONITNUITAT-INFORME_PREINSCRITES_OME_INFORME_PREINSCRITES_OME.pdf\" target=\"_blank\" rel=\"noopener\">Alumnes preinscrits al centre<\/a><\/li>\n<li><a href=\"https:\/\/agora.xtec.cat\/ins-nauticabcn\/wp-content\/uploads\/usu313\/2023\/06\/ALUMNES-CONITNUITAT-INFORME_LLISTA_ESPERA_OME_LLISTA_ESPERA.pdf\" target=\"_blank\" rel=\"noopener\">Llista d&#8217;espera<\/a><\/li>\n<\/ul>\n<p><strong>Resta de l&#8217;alumnat<\/strong><\/p>\n<ul>\n<li><a href=\"https:\/\/agora.xtec.cat\/ins-nauticabcn\/wp-content\/uploads\/usu313\/2023\/06\/RESTA-DE-LALUMNAT-INFORME_ASSIGNADES_INFORME_ASSIGNADES.pdf\" target=\"_blank\" rel=\"noopener\">Alumnes assignats al centre amb indicaci\u00f3 de la primera petici\u00f3<\/a><\/li>\n<li><a href=\"https:\/\/agora.xtec.cat\/ins-nauticabcn\/wp-content\/uploads\/usu313\/2023\/06\/RESTA-DE-LALUMNAT-INFORME_PREINSCRITES_OME_INFORME_PREINSCRITES_OME.pdf\" target=\"_blank\" rel=\"noopener\">Alumnes preinscrits al centre<\/a><\/li>\n<li><a href=\"https:\/\/agora.xtec.cat\/ins-nauticabcn\/wp-content\/uploads\/usu313\/2023\/06\/RESTA-DE-LALUMNAT-INFORME_LLISTA_ESPERA_OME_LLISTA_ESPERA.pdf\" target=\"_blank\" rel=\"noopener\">Llista d&#8217;espera<\/a><\/li>\n<\/ul>\n<p><strong>El per\u00edode de matr\u00edcula \u00e9s del 3 al 7 de juliol. Trobareu tota la documentaci\u00f3 de matr\u00edcula a la nostra <a href=\"https:\/\/agora.xtec.cat\/ins-nauticabcn\/secretaria\/preinscripcio-i-matricula-2023-2024\/#e\" target=\"_blank\" rel=\"noopener\">web<\/a> per a que la presenteu a la secretaria del centre en horari d&#8217;atenci\u00f3 al p\u00fablic (de dilluns a divendres de 9 a 13 hores) o per correu electr\u00f2nic a l&#8217;adre\u00e7a a8074847@xtec.cat<br \/>\n<\/strong><\/p>\n<p>&nbsp;<\/p>\n","protected":false},"excerpt":{"rendered":"<p>A continuaci\u00f3 trobareu el llistat ordenat del Cicle Formatiu de Grau Mitj\u00e0 de Manteniment d\u2019Embarcacions d\u2019Esbarjo.&hellip;  <a href=\"https:\/\/agora.xtec.cat\/ins-nauticabcn\/general\/publicacio-de-la-llista-amb-el-barem-provisional-de-cicle-formatius-de-grau-mitja\/\" title=\"Read Inici de matr\u00edcula, publicaci\u00f3 de llistats d&#8217;alumnes admesos i oferta definitiva de Cicles Formatius de Grau Mitj\u00e0\">Llegeix m\u00e9s\u00bb<\/a><\/p>\n","protected":false},"author":1,"featured_media":6368,"comment_status":"closed","ping_status":"closed","sticky":false,"template":"","format":"standard","meta":{"_bbp_topic_count":0,"_bbp_reply_count":0,"_bbp_total_topic_count":0,"_bbp_total_reply_count":0,"_bbp_voice_count":0,"_bbp_anonymous_reply_count":0,"_bbp_topic_count_hidden":0,"_bbp_reply_count_hidden":0,"_bbp_forum_subforum_count":0,"footnotes":""},"categories":[1,29],"tags":[],"class_list":["post-7100","post","type-post","status-publish","format-standard","has-post-thumbnail","hentry","category-general","category-portada"],"post_mailing_queue_ids":[],"_links":{"self":[{"href":"https:\/\/agora.xtec.cat\/ins-nauticabcn\/wp-json\/wp\/v2\/posts\/7100","targetHints":{"allow":["GET"]}}],"collection":[{"href":"https:\/\/agora.xtec.cat\/ins-nauticabcn\/wp-json\/wp\/v2\/posts"}],"about":[{"href":"https:\/\/agora.xtec.cat\/ins-nauticabcn\/wp-json\/wp\/v2\/types\/post"}],"author":[{"embeddable":true,"href":"https:\/\/agora.xtec.cat\/ins-nauticabcn\/wp-json\/wp\/v2\/users\/1"}],"replies":[{"embeddable":true,"href":"https:\/\/agora.xtec.cat\/ins-nauticabcn\/wp-json\/wp\/v2\/comments?post=7100"}],"version-history":[{"count":3,"href":"https:\/\/agora.xtec.cat\/ins-nauticabcn\/wp-json\/wp\/v2\/posts\/7100\/revisions"}],"predecessor-version":[{"id":7207,"href":"https:\/\/agora.xtec.cat\/ins-nauticabcn\/wp-json\/wp\/v2\/posts\/7100\/revisions\/7207"}],"wp:featuredmedia":[{"embeddable":true,"href":"https:\/\/agora.xtec.cat\/ins-nauticabcn\/wp-json\/wp\/v2\/media\/6368"}],"wp:attachment":[{"href":"https:\/\/agora.xtec.cat\/ins-nauticabcn\/wp-json\/wp\/v2\/media?parent=7100"}],"wp:term":[{"taxonomy":"category","embeddable":true,"href":"https:\/\/agora.xtec.cat\/ins-nauticabcn\/wp-json\/wp\/v2\/categories?post=7100"},{"taxonomy":"post_tag","embeddable":true,"href":"https:\/\/agora.xtec.cat\/ins-nauticabcn\/wp-json\/wp\/v2\/tags?post=7100"}],"curies":[{"name":"wp","href":"https:\/\/api.w.org\/{rel}","templated":true}]}}