{"id":7081,"date":"2023-05-30T14:15:34","date_gmt":"2023-05-30T12:15:34","guid":{"rendered":"https:\/\/agora.xtec.cat\/ins-nauticabcn\/?p=7081"},"modified":"2023-05-31T14:05:45","modified_gmt":"2023-05-31T12:05:45","slug":"matricula-alumnat-del-projecte-viu-la-vela","status":"publish","type":"post","link":"https:\/\/agora.xtec.cat\/ins-nauticabcn\/general\/matricula-alumnat-del-projecte-viu-la-vela\/","title":{"rendered":"Matricula alumnat del projecte &#8220;VIU LA VELA&#8221;"},"content":{"rendered":"<p>El projecte VIU LA VELA, impulsat conjuntament per l&#8217;Ajuntament de Barcelona i la Federaci\u00f3 Catalana de Vela, t\u00e9 com a objectiu acostar l&#8217;esport de la vela als alumnes de 6\u00e8 de prim\u00e0ria de la ciutat comtal.<\/p>\n<p style=\"font-weight: 300;\">L&#8217;objectiu principal\u00a0 \u00e9s donar a con\u00e8ixer aquests esports als infants i adolescents de Barcelona per generar noves persones aficionades. Per aconseguir-ho, es far\u00e0 difusi\u00f3 de la Copa Am\u00e8rica i es facilitar\u00e0 el seu seguiment entre els i les m\u00e9s petites, s&#8217;enfortiran els clubs i les entitats de la ciutat que promouen esports de vela, i es generar\u00e0 contingut digital divulgatiu per incrementar la interacci\u00f3 durant l&#8217;esdeveniment esportiu.<\/p>\n<p style=\"font-weight: 300;\">Est\u00e0 previst que m\u00e9s de<b><strong>\u00a0<\/strong><\/b><b><strong>17.000 alumnes de 6\u00e8 de prim\u00e0ria d&#8217;uns 327 centres educatius<\/strong><\/b>, p\u00fablics i concertats, i 32 centres educatius especials de Barcelona participin en aquest projecte durant part d&#8217;aquest curs escolar i tot el curs 2023\/2024. Entre d&#8217;altres accions, s&#8217;oferiran sessions pr\u00e0ctiques de navegaci\u00f3, sessions divulgatives d&#8217;esport i medi ambient, pon\u00e8ncies d&#8217;esportistes, tallers d&#8217;inclusi\u00f3, visites a les seus dels equips de la Copa Am\u00e8rica i navegaci\u00f3 durant els seus entrenaments, etc.<\/p>\n<p>Per aquest motiu, i perqu\u00e8 darrere d&#8217;un gran esdeveniment o un gran projecte sempre hi ha un gran equip de professionals que ho fan possible, s&#8217;ha ofert una beca d&#8217;estudis per gent apassionada pel mar que tinguin ganes de formar-se com a t\u00e8cnic \/ t\u00e8cniques esportiu\/va en vela, independentment si tenen o no coneixements de navegaci\u00f3. D&#8217;aquesta manera, podran incorporar-se laboralment a aquest projecte.<\/p>\n<div><\/div>\n<div><\/div>\n<p>Trobareu informaci\u00f3 sobre el projecte VIU LA VELA <strong><a href=\"https:\/\/viulavela.cat\/\" target=\"_blank\" rel=\"noopener\">aqu\u00ed<\/a><\/strong><\/p>\n<p>&#8212;&#8212;&#8212;&#8212;&#8212;&#8212;&#8212;&#8212;&#8212;&#8212;&#8212;&#8212;&#8212;&#8212;&#8212;&#8212;&#8212;&#8212;&#8212;&#8212;&#8212;&#8212;&#8212;&#8212;&#8212;&#8212;&#8212;&#8212;&#8212;&#8212;&#8212;&#8212;&#8212;&#8212;&#8212;&#8212;&#8212;&#8212;&#8212;&#8212;&#8212;&#8212;&#8212;&#8212;&#8212;&#8212;&#8212;&#8212;&#8212;&#8212;&#8212;&#8212;&#8212;&#8212;&#8212;&#8212;&#8212;&#8212;&#8212;&#8212;&#8212;&#8212;&#8212;&#8212;&#8212;&#8212;&#8212;&#8212;&#8212;&#8212;&#8212;&#8212;&#8212;&#8212;&#8212;&#8212;&#8212;&#8212;&#8212;&#8212;&#8212;&#8212;&#8212;&#8211;<\/p>\n<p>L&#8217;alumnat que ha estat seleccionat per formar part del programa &#8220;Viu la Vela&#8221; i que ha fet la preinscripci\u00f3 pr\u00e8via a la Federaci\u00f3 Catalana de Vela, ara cal que facin la<span style=\"color: #ff6600;\"> <strong><span style=\"text-decoration: underline;\">matricula a l&#8217;Institut de N\u00e0utica de Barcelona entre l&#8217;1 i el 8 de juny.<\/span><\/strong><\/span><\/p>\n<p>Aquesta matricula es pot fer a trav\u00e9s del correu electr\u00f2nic del centre: <strong>a8074847@xtec.cat<\/strong> o de forma presencial a la secretaria (Carrer de l&#8217;Escar, 6-8 del barri de la Barceloneta) en el seu horari d&#8217;atenci\u00f3 al p\u00fablic: de dilluns a divendres de 9h a 13h i les tardes de dilluns i dimecres de 15h a 18h.<\/p>\n<p><span style=\"color: #0000ff;\"><strong>\u00a0Si no es confirma la matr\u00edcula dins del per\u00edode indicat es perd el dret a la pla\u00e7a assignada.<\/strong><\/span><\/p>\n<p><strong>TROBAREU TOTS ELS DOCUMENTS DE MATRICULA <a href=\"https:\/\/drive.google.com\/drive\/folders\/1BqXtmI0UWUo2XCobv6DzEOIWfyfOpY6U?usp=share_link\" target=\"_blank\" rel=\"noopener\">aqu\u00ed<\/a><\/strong><\/p>\n<p>Per fer la matr\u00edcula s&#8217;han d&#8217;omplir i signar uns <span style=\"text-decoration: underline;\">documents obligatoris per tot l&#8217;alumnat<\/span>: <strong>Full de matr\u00edcula, autoritzaci\u00f3 imatge, \u00fas d&#8217;intranet <em>(nom\u00e9s pels menors d&#8217;edat)<\/em>.<\/strong><\/p>\n<p>El document de <strong>matr\u00edcula condicional<\/strong> l&#8217;han d&#8217;omplir i signar tot l&#8217;alumnat que no tingui els requisits d&#8217;acc\u00e9s en el moment de fer la matr\u00edcula: alumnat que no ha finalitzat encara l&#8217;ESO, alumnat pendent d&#8217;homologaci\u00f3 d&#8217;estudis, alumnat que encara no ha fet la prova d&#8217;acc\u00e9s o que ha sol\u00b7licitat exempci\u00f3.<\/p>\n<p>Els alumnes pendents d&#8217;homologaci\u00f3 que encara no hagin fet la sol\u00b7licitud de la mateixa tamb\u00e9 hauran d&#8217;omplir el document de<strong> declaraci\u00f3 responsable.<\/strong><\/p>\n<p>&nbsp;<\/p>\n<table class=\" aligncenter\" style=\"border-collapse: collapse; width: 49.7462%;\">\n<tbody>\n<tr>\n<td style=\"width: 14.5516%;\"><img decoding=\"async\" src=\"https:\/\/agora.xtec.cat\/ins-nauticabcn\/wp-content\/uploads\/usu313\/2023\/05\/logo-vela.png\" \/><\/td>\n<td style=\"width: 15.2042%;\"><img decoding=\"async\" src=\"https:\/\/agora.xtec.cat\/ins-nauticabcn\/wp-content\/uploads\/usu313\/2017\/04\/LOGO_INBCN_RGB-1.jpg\" \/><\/td>\n<td style=\"width: 17.9759%;\"><img loading=\"lazy\" decoding=\"async\" class=\"\" src=\"https:\/\/agora.xtec.cat\/ins-nauticabcn\/wp-content\/uploads\/usu313\/2023\/05\/logo-ajuntament-barcelona-400x200-1.jpg\" width=\"314\" height=\"157\" \/><\/td>\n<\/tr>\n<\/tbody>\n<\/table>\n<p>&nbsp;<\/p>\n","protected":false},"excerpt":{"rendered":"<p>L&#8217;alumnat que ha estat seleccionat per formar part del programa &#8220;Viu la Vela&#8221; i que organitza la Federaci\u00f3 Catalana de Vela juntament amb l&#8217;Ajuntament de Barcelona, cal que facin la matricula a l&#8217;Institut de N\u00e0utica de Barcelona de l&#8217;1 al 8 de juny.&hellip;  <a href=\"https:\/\/agora.xtec.cat\/ins-nauticabcn\/general\/matricula-alumnat-del-projecte-viu-la-vela\/\" title=\"Read Matricula alumnat del projecte &#8220;VIU LA VELA&#8221;\">Llegeix m\u00e9s\u00bb<\/a><\/p>\n","protected":false},"author":1,"featured_media":7080,"comment_status":"closed","ping_status":"closed","sticky":false,"template":"","format":"standard","meta":{"_bbp_topic_count":0,"_bbp_reply_count":0,"_bbp_total_topic_count":0,"_bbp_total_reply_count":0,"_bbp_voice_count":0,"_bbp_anonymous_reply_count":0,"_bbp_topic_count_hidden":0,"_bbp_reply_count_hidden":0,"_bbp_forum_subforum_count":0,"footnotes":""},"categories":[1,29],"tags":[],"class_list":["post-7081","post","type-post","status-publish","format-standard","has-post-thumbnail","hentry","category-general","category-portada"],"post_mailing_queue_ids":[],"_links":{"self":[{"href":"https:\/\/agora.xtec.cat\/ins-nauticabcn\/wp-json\/wp\/v2\/posts\/7081","targetHints":{"allow":["GET"]}}],"collection":[{"href":"https:\/\/agora.xtec.cat\/ins-nauticabcn\/wp-json\/wp\/v2\/posts"}],"about":[{"href":"https:\/\/agora.xtec.cat\/ins-nauticabcn\/wp-json\/wp\/v2\/types\/post"}],"author":[{"embeddable":true,"href":"https:\/\/agora.xtec.cat\/ins-nauticabcn\/wp-json\/wp\/v2\/users\/1"}],"replies":[{"embeddable":true,"href":"https:\/\/agora.xtec.cat\/ins-nauticabcn\/wp-json\/wp\/v2\/comments?post=7081"}],"version-history":[{"count":3,"href":"https:\/\/agora.xtec.cat\/ins-nauticabcn\/wp-json\/wp\/v2\/posts\/7081\/revisions"}],"predecessor-version":[{"id":7099,"href":"https:\/\/agora.xtec.cat\/ins-nauticabcn\/wp-json\/wp\/v2\/posts\/7081\/revisions\/7099"}],"wp:featuredmedia":[{"embeddable":true,"href":"https:\/\/agora.xtec.cat\/ins-nauticabcn\/wp-json\/wp\/v2\/media\/7080"}],"wp:attachment":[{"href":"https:\/\/agora.xtec.cat\/ins-nauticabcn\/wp-json\/wp\/v2\/media?parent=7081"}],"wp:term":[{"taxonomy":"category","embeddable":true,"href":"https:\/\/agora.xtec.cat\/ins-nauticabcn\/wp-json\/wp\/v2\/categories?post=7081"},{"taxonomy":"post_tag","embeddable":true,"href":"https:\/\/agora.xtec.cat\/ins-nauticabcn\/wp-json\/wp\/v2\/tags?post=7081"}],"curies":[{"name":"wp","href":"https:\/\/api.w.org\/{rel}","templated":true}]}}