{"id":7009,"date":"2023-06-27T09:00:10","date_gmt":"2023-06-27T07:00:10","guid":{"rendered":"https:\/\/agora.xtec.cat\/ins-nauticabcn\/?p=7009"},"modified":"2023-07-03T13:18:06","modified_gmt":"2023-07-03T11:18:06","slug":"__trashed","status":"publish","type":"post","link":"https:\/\/agora.xtec.cat\/ins-nauticabcn\/general\/__trashed\/","title":{"rendered":"Inici de matricula i publicaci\u00f3 de llistats d\u2019alumnes admesos Batxillerat Esportiu Salvament i socorrisme \/ Vela"},"content":{"rendered":"<p>El dia 22 de juny i fins el 3 de juliol est\u00e0 obert el periode de matr\u00edcula pel Batxillerat Esportiu de Salvament i socorrisme i el Batxillerat Esportiu de Vela.<\/p>\n<p><span style=\"color: #0000ff;\"><strong>TROBAREU TOTA LA DOCUMENTACI\u00d3 PER FER LA MATR\u00cdCULA<\/strong><\/span> <a href=\"https:\/\/drive.google.com\/drive\/folders\/1yBfaP8ptyGItS5xS84KW10i5gLSIKQDG\" target=\"_blank\" rel=\"noopener\"><strong>aqu\u00ed<\/strong><\/a><\/p>\n<p><strong>A partir del 22 de juny fins el 3 de juliol<\/strong>, ens la podeu <strong>fer arribar per correu electr\u00f2nic<\/strong>: a8074847@xtec.cat <strong>o de forma presencial a la secretaria<\/strong> de l&#8217;Institut de N\u00e0utica de Barcelona. Horari de dilluns a divendres de 9h a 13h i les tardes de dilluns i dimecres de 15h a 18h (tardes del juliol)<\/p>\n<p>&#8212;&#8212;&#8212;&#8212;&#8212;&#8212;&#8212;&#8212;&#8212;&#8212;&#8212;&#8212;&#8212;&#8212;&#8212;&#8212;&#8212;&#8212;&#8212;&#8212;&#8212;&#8212;&#8212;&#8212;&#8212;&#8212;&#8212;&#8212;&#8212;&#8212;&#8212;&#8212;&#8212;&#8212;&#8212;&#8212;&#8212;&#8212;&#8212;&#8212;&#8212;&#8212;&#8212;&#8212;&#8212;&#8212;&#8212;&#8212;&#8212;&#8212;&#8212;&#8212;&#8212;&#8212;&#8212;&#8212;&#8212;&#8212;&#8212;&#8212;&#8212;&#8212;&#8212;&#8212;&#8212;&#8212;&#8212;&#8212;&#8212;&#8212;&#8212;&#8212;&#8212;&#8212;&#8212;&#8212;&#8212;&#8212;&#8212;&#8212;&#8212;<\/p>\n<p><span style=\"color: #000080;\"><strong>CURS 2023-2024 (Inici de classes setembre\/octubre)<\/strong><\/span><\/p>\n<p>PERIODE DE MATRICULA CFGM SALVAMENT I SOCORRISME, CFGM VELA, CFGM BUSSEIG, CFGM PIRAG\u00dcISME, CFGS SALVAMENT I SOCORRISME, CFGS VELA: <strong>Del 26 de juny al 7 de juliol.<\/strong><\/p>\n<p>PERIODE DE MATRICULA BATXILLERAT ESPORTIU: <strong>Del 22 de juny al 3 de juliol<\/strong><\/p>\n<p>Llistat d&#8217;alumnes admesos amb barem definitiu:<\/p>\n<p><a href=\"https:\/\/agora.xtec.cat\/ins-nauticabcn\/wp-content\/uploads\/usu313\/2023\/05\/Barem-DEF.-preins-BATX-ESP.-SOS-23_24.pdf\" target=\"_blank\" rel=\"noopener\">BATXILLERAT ESPORTIU SALVAMENT I SOCORRISME<\/a><\/p>\n<p><a href=\"https:\/\/agora.xtec.cat\/ins-nauticabcn\/wp-content\/uploads\/usu313\/2023\/05\/Barem-DEF-preins-BATX-ESP.-VELA-23_24.pdf\" target=\"_blank\" rel=\"noopener\">BATXILLERAT ESPORTIU VELA\u00a0<\/a><\/p>\n<p>Els calendaris s\u00f3n diferents per cada tipologia d&#8217;estudi, en els seg\u00fcents enlla\u00e7os trobareu els calendaris complets per a cada estudi:<\/p>\n<p><a href=\"https:\/\/agora.xtec.cat\/ins-nauticabcn\/wp-content\/uploads\/usu313\/2023\/03\/CALENDARI-DE-PREINSCRIPCIO-I-MATRICULA-BATXILLERAT-ESPORTIU-2.pdf\">CALENDARI DE PREINSCRIPCI\u00d3 I MATR\u00cdCULA BATXILLERAT ESPORTIU<\/a><\/p>\n<p>&nbsp;<\/p>\n","protected":false},"excerpt":{"rendered":"<p>El dia 22 de juny i fins el 3 de juliol est\u00e0 obert el periode de matr\u00edcula pel Batxillerat Esportiu de Salvament i socorrisme i el Batxillerat Esportiu de Vela.&hellip;  <a href=\"https:\/\/agora.xtec.cat\/ins-nauticabcn\/general\/__trashed\/\" title=\"Read Inici de matricula i publicaci\u00f3 de llistats d\u2019alumnes admesos Batxillerat Esportiu Salvament i socorrisme \/ Vela\">Llegeix m\u00e9s\u00bb<\/a><\/p>\n","protected":false},"author":1,"featured_media":7033,"comment_status":"closed","ping_status":"closed","sticky":false,"template":"","format":"standard","meta":{"_bbp_topic_count":0,"_bbp_reply_count":0,"_bbp_total_topic_count":0,"_bbp_total_reply_count":0,"_bbp_voice_count":0,"_bbp_anonymous_reply_count":0,"_bbp_topic_count_hidden":0,"_bbp_reply_count_hidden":0,"_bbp_forum_subforum_count":0,"footnotes":""},"categories":[1,29],"tags":[],"class_list":["post-7009","post","type-post","status-publish","format-standard","has-post-thumbnail","hentry","category-general","category-portada"],"post_mailing_queue_ids":[],"_links":{"self":[{"href":"https:\/\/agora.xtec.cat\/ins-nauticabcn\/wp-json\/wp\/v2\/posts\/7009","targetHints":{"allow":["GET"]}}],"collection":[{"href":"https:\/\/agora.xtec.cat\/ins-nauticabcn\/wp-json\/wp\/v2\/posts"}],"about":[{"href":"https:\/\/agora.xtec.cat\/ins-nauticabcn\/wp-json\/wp\/v2\/types\/post"}],"author":[{"embeddable":true,"href":"https:\/\/agora.xtec.cat\/ins-nauticabcn\/wp-json\/wp\/v2\/users\/1"}],"replies":[{"embeddable":true,"href":"https:\/\/agora.xtec.cat\/ins-nauticabcn\/wp-json\/wp\/v2\/comments?post=7009"}],"version-history":[{"count":4,"href":"https:\/\/agora.xtec.cat\/ins-nauticabcn\/wp-json\/wp\/v2\/posts\/7009\/revisions"}],"predecessor-version":[{"id":7213,"href":"https:\/\/agora.xtec.cat\/ins-nauticabcn\/wp-json\/wp\/v2\/posts\/7009\/revisions\/7213"}],"wp:featuredmedia":[{"embeddable":true,"href":"https:\/\/agora.xtec.cat\/ins-nauticabcn\/wp-json\/wp\/v2\/media\/7033"}],"wp:attachment":[{"href":"https:\/\/agora.xtec.cat\/ins-nauticabcn\/wp-json\/wp\/v2\/media?parent=7009"}],"wp:term":[{"taxonomy":"category","embeddable":true,"href":"https:\/\/agora.xtec.cat\/ins-nauticabcn\/wp-json\/wp\/v2\/categories?post=7009"},{"taxonomy":"post_tag","embeddable":true,"href":"https:\/\/agora.xtec.cat\/ins-nauticabcn\/wp-json\/wp\/v2\/tags?post=7009"}],"curies":[{"name":"wp","href":"https:\/\/api.w.org\/{rel}","templated":true}]}}