{"id":6938,"date":"2023-04-12T12:58:06","date_gmt":"2023-04-12T10:58:06","guid":{"rendered":"https:\/\/agora.xtec.cat\/ins-nauticabcn\/?p=6938"},"modified":"2024-04-29T11:42:33","modified_gmt":"2024-04-29T09:42:33","slug":"inici-preinscripcio-curs-2023-2024","status":"publish","type":"post","link":"https:\/\/agora.xtec.cat\/ins-nauticabcn\/portada\/inici-preinscripcio-curs-2023-2024\/","title":{"rendered":"Inici Preinscripci\u00f3 curs 2023-2024 i cursos intensius d&#8217;estiu"},"content":{"rendered":"<p>Us informem que ja ha comen\u00e7at el proc\u00e9s de preinscripci\u00f3 per al curs 2023-2024 i pels cursos intensius d&#8217;estiu.<\/p>\n<p>Podeu presentar les vostres sol\u00b7licituds als ensenyaments seg\u00fcents: Estudis Esportius i Grau Mitj\u00e0 de Formaci\u00f3 Professional per alumnes de continu\u00eftat.<\/p>\n<p>Trobareu tota la informaci\u00f3 a l&#8217;apartat de <a href=\"https:\/\/agora.xtec.cat\/ins-nauticabcn\/secretaria\/preinscripcio-i-matricula-2023-2024\/\" target=\"_blank\" rel=\"noopener\">Preinscripci\u00f3 i Matr\u00edcula<\/a> de la nostra web.<\/p>\n<p>En aquesta p\u00e0gina veureu tots els enlla\u00e7os per fer la preinscripci\u00f3 als diferents estudis que impartim a l&#8217;Institut de N\u00e0utica de Barcelona i l&#8217;oferta de places per cada estudi. Nom\u00e9s cal que seguiu les instruccions de l&#8217;estudi en el que esteu interessats\/des.<\/p>\n<p>&nbsp;<\/p>\n<p><strong>Recordeu:<\/strong><\/p>\n<p><strong>El codi del nostre centre \u00e9s: 08074847<\/strong><\/p>\n<p><strong>Podeu sol\u00b7licitar beca per al curs vinent al seg\u00fcent <a href=\"https:\/\/agora.xtec.cat\/ins-nauticabcn\/general\/inici-del-termini-per-a-la-sollicitud-de-beques-per-a-ensenyaments-postobligatoris-no-universitaris\/\" target=\"_blank\" rel=\"noopener\">enlla\u00e7<\/a> fins al proper 17 de maig.<\/strong><\/p>\n<p>&nbsp;<\/p>\n<p>Des de la secretaria del centre estem disponibles per orientar-vos en tots els dubtes que us puguin sorgir. Tamb\u00e9 tenim ordinadors disponibles per si voleu venir presencialment a fer els tr\u00e0mits.<\/p>\n<p>A continuaci\u00f3 podreu veure el nostre horari d&#8217;atenci\u00f3 al p\u00fablic.<\/p>\n<h4><span style=\"color: #3366ff;\"><strong>Fes del mar la teva professi\u00f3!!<\/strong><\/span><\/h4>\n<p><img loading=\"lazy\" decoding=\"async\" class=\"aligncenter wp-image-5586 \" src=\"https:\/\/agora.xtec.cat\/ins-nauticabcn\/wp-content\/uploads\/usu313\/2021\/10\/Horari-de-secretariaII_page-0001-e1634743535738-1024x670.jpg\" alt=\"\" width=\"787\" height=\"515\" srcset=\"https:\/\/agora.xtec.cat\/ins-nauticabcn\/wp-content\/uploads\/usu313\/2021\/10\/Horari-de-secretariaII_page-0001-e1634743535738-1024x670.jpg 1024w, https:\/\/agora.xtec.cat\/ins-nauticabcn\/wp-content\/uploads\/usu313\/2021\/10\/Horari-de-secretariaII_page-0001-e1634743535738-300x196.jpg 300w, https:\/\/agora.xtec.cat\/ins-nauticabcn\/wp-content\/uploads\/usu313\/2021\/10\/Horari-de-secretariaII_page-0001-e1634743535738-768x503.jpg 768w, https:\/\/agora.xtec.cat\/ins-nauticabcn\/wp-content\/uploads\/usu313\/2021\/10\/Horari-de-secretariaII_page-0001-e1634743535738.jpg 1241w\" sizes=\"auto, (max-width: 787px) 100vw, 787px\" \/><\/p>\n<p>&nbsp;<\/p>\n","protected":false},"excerpt":{"rendered":"<p>Us informem que avui comen\u00e7a el proc\u00e9s de preinscripci\u00f3 per al curs 2023-2024 i pels cursos intensius d&#8217;estiu.<br \/>\nTrobareu tota la informaci\u00f3 a l&#8217;apartat de Preinscripci\u00f3 i Matr\u00edcula de la nostra web.<br \/>\nEn aquesta p\u00e0gina veureu tots els enlla\u00e7os per fer la preinscripci\u00f3 als diferents estudis que impartim a l&#8217;Institut de N\u00e0utica de Barcelona i l&#8217;oferta de places per cada estudi. Recordeu que nom\u00e9s cal que seguiu les instruccions de l&#8217;estudi en el que esteu interessats\/des.&hellip;  <a href=\"https:\/\/agora.xtec.cat\/ins-nauticabcn\/portada\/inici-preinscripcio-curs-2023-2024\/\" title=\"Read Inici Preinscripci\u00f3 curs 2023-2024 i cursos intensius d&#8217;estiu\">Llegeix m\u00e9s\u00bb<\/a><\/p>\n","protected":false},"author":1,"featured_media":6398,"comment_status":"closed","ping_status":"closed","sticky":false,"template":"","format":"standard","meta":{"_bbp_topic_count":0,"_bbp_reply_count":0,"_bbp_total_topic_count":0,"_bbp_total_reply_count":0,"_bbp_voice_count":0,"_bbp_anonymous_reply_count":0,"_bbp_topic_count_hidden":0,"_bbp_reply_count_hidden":0,"_bbp_forum_subforum_count":0,"footnotes":""},"categories":[29],"tags":[],"class_list":["post-6938","post","type-post","status-publish","format-standard","has-post-thumbnail","hentry","category-portada"],"post_mailing_queue_ids":[],"_links":{"self":[{"href":"https:\/\/agora.xtec.cat\/ins-nauticabcn\/wp-json\/wp\/v2\/posts\/6938","targetHints":{"allow":["GET"]}}],"collection":[{"href":"https:\/\/agora.xtec.cat\/ins-nauticabcn\/wp-json\/wp\/v2\/posts"}],"about":[{"href":"https:\/\/agora.xtec.cat\/ins-nauticabcn\/wp-json\/wp\/v2\/types\/post"}],"author":[{"embeddable":true,"href":"https:\/\/agora.xtec.cat\/ins-nauticabcn\/wp-json\/wp\/v2\/users\/1"}],"replies":[{"embeddable":true,"href":"https:\/\/agora.xtec.cat\/ins-nauticabcn\/wp-json\/wp\/v2\/comments?post=6938"}],"version-history":[{"count":3,"href":"https:\/\/agora.xtec.cat\/ins-nauticabcn\/wp-json\/wp\/v2\/posts\/6938\/revisions"}],"predecessor-version":[{"id":6964,"href":"https:\/\/agora.xtec.cat\/ins-nauticabcn\/wp-json\/wp\/v2\/posts\/6938\/revisions\/6964"}],"wp:featuredmedia":[{"embeddable":true,"href":"https:\/\/agora.xtec.cat\/ins-nauticabcn\/wp-json\/wp\/v2\/media\/6398"}],"wp:attachment":[{"href":"https:\/\/agora.xtec.cat\/ins-nauticabcn\/wp-json\/wp\/v2\/media?parent=6938"}],"wp:term":[{"taxonomy":"category","embeddable":true,"href":"https:\/\/agora.xtec.cat\/ins-nauticabcn\/wp-json\/wp\/v2\/categories?post=6938"},{"taxonomy":"post_tag","embeddable":true,"href":"https:\/\/agora.xtec.cat\/ins-nauticabcn\/wp-json\/wp\/v2\/tags?post=6938"}],"curies":[{"name":"wp","href":"https:\/\/api.w.org\/{rel}","templated":true}]}}