{"id":6510,"date":"2022-12-19T10:54:40","date_gmt":"2022-12-19T09:54:40","guid":{"rendered":"https:\/\/agora.xtec.cat\/ins-nauticabcn\/?p=6510"},"modified":"2022-12-19T10:57:27","modified_gmt":"2022-12-19T09:57:27","slug":"reorganitzacio-i-transformacio-de-linstitut-de-nautica-de-barcelona","status":"publish","type":"post","link":"https:\/\/agora.xtec.cat\/ins-nauticabcn\/portada\/reorganitzacio-i-transformacio-de-linstitut-de-nautica-de-barcelona\/","title":{"rendered":"REORGANITZACI\u00d3 I TRANSFORMACI\u00d3 DE L\u2019INSTITUT DE N\u00c0UTICA DE BARCELONA"},"content":{"rendered":"<p><strong>L\u2019Edifici Varadero del Port de Barcelona ser\u00e0 una de les seus de l\u2019Institut de N\u00e0utica a partir del curs vinent<\/strong><\/p>\n<ul>\n<li>L\u2019Institut de N\u00e0utica reorganitza les seves seus i a partir del curs 2023-2024 l\u2019edifici Varadero, situat al recinte del Port de Barcelona, formar\u00e0 part de l\u2019institut per concentrar l\u2019activitat del centre a partir del curs 2026-2027 en aquest equipament i en l\u2019edifici El Far, molt propers l\u2019un de l\u2019altre<\/li>\n<li>Durant els pr\u00f2xims tres cursos es realitzaran obres d\u2019ampliaci\u00f3 al nou edifici Varadero per tal d\u2019acollir part de l\u2019activitat que actualment es realitza a l\u2019edifici Nau Fundaci\u00f3, qu\u00e8 en el curs 2023-24 deixar\u00e0 de formar part de l\u2019institut.<\/li>\n<li>Durant el proc\u00e9s d\u2019ampliaci\u00f3 i trasllat, es garantir\u00e0 la tasca educativa del centre i els espais necessaris per dur-la\u00a0a terme<\/li>\n<\/ul>\n<p><strong>Barcelona, 16 de desembre de 2022<\/strong><\/p>\n<p>L\u2019Institut de N\u00e0utica de Barcelona s\u2019ubicar\u00e0 i concentrar\u00e0 l\u2019activitat de manera definitiva a partir del curs 2026-2027, en dos edificis molt propers l\u2019un de l\u2019altre i cedits pel Port de Barcelona. Un ser\u00e0 en la ubicaci\u00f3 actual de l\u2019edifici El Far, amb l\u2019aulari i l\u2019administraci\u00f3, i l\u2019altre en el nou edifici Varadero, que el curs vinent ja formar\u00e0 part del centre i progressivament ser\u00e0 ampliat per tal d\u2019assolir la capacitat necess\u00e0ria, i on s\u2019ubicaran els tallers. Cal destacar tamb\u00e9 que els vaixells que s\u2019usaran per a la formaci\u00f3 d\u2019estudiants estaran varats a la zona del moll de Pescadors. Un fet que ha estat possible gr\u00e0cies a la col\u00b7laboraci\u00f3 de la Confraria de Pescadors de Barcelona.<\/p>\n<p>El projecte compren la reorganitzaci\u00f3 de les seus de l\u2019Institut de N\u00e0utica durant els propers tres cursos (2023-2024, 2024-2025 i 2025-2026) en qu\u00e8 es realitzaran obres d\u2019adequaci\u00f3 a l\u2019edifici Varadero per ampliar els espais. La superf\u00edcie total de l\u2019institut, un cop acabades les obres, ser\u00e0 de 4.734 m<sup>2<\/sup>.<\/p>\n<p>El finan\u00e7ament total del projecte \u00e9s a c\u00e0rrec de l\u2019Ajuntament de Barcelona, el Departament d\u2019Educaci\u00f3 i el Port de Barcelona. Durant el proc\u00e9s d\u2019ampliaci\u00f3 i trasllat, es garantir\u00e0 la tasca educativa del centre i els espais necessaris per dur-la\u00a0a terme.<\/p>\n<p><strong>Fases del projecte de reorganitzaci\u00f3 de l\u2019Institut de N\u00e0utica de Barcelona<\/strong><\/p>\n<p>Actualment,\u00a0 l\u2019Institut de N\u00e0utica est\u00e0 format per tres equipaments: l\u2019edifici El Far, l\u2019edifici Taller Drassanes, i l\u2019edifici Nau Fundaci\u00f3. De cara al curs vinent l\u2019edifici Nau Fundaci\u00f3, que estava cedit pel Port de Barcelona de manera provisional a l\u2019institut, ser\u00e0 cedit a la Copa Am\u00e8rica 2024.<\/p>\n<p>Per aquest motiu, ja en el curs 2023-2024 i els ens dos seg\u00fcents, 2024-2025 i 2025-2026, l\u2019Institut de N\u00e0utica de Barcelona no disposar\u00e0 d\u2019aquesta seu, per\u00f2 incorporar\u00e0 un altre espai amb el nou edifici Varadero. Aix\u00ed, durant aquests tres cursos, les tres seus de l\u2019institut seran: l\u2019edifici El Far, l\u2019edifici Taller Drassanes i l\u2019edifici Varadero, el qual s\u2019anir\u00e0 ampliant dels 630 m<sup>2 <\/sup>de superf\u00edcie inicial, als 2.619,5 m<sup>2<\/sup> un cop acabades les obres i per a l\u2019inici del curs 2026-2027.<\/p>\n<p><img decoding=\"async\" src=\"https:\/\/agora.xtec.cat\/ins-nauticabcn\/wp-content\/uploads\/usu313\/2022\/12\/mapa.jpg\" \/><\/p>\n<p>En vermell, els dos equipaments que integraran l\u2019Institut de N\u00e0utica de Barcelona a partir del curs 2026-2027. En groc, els dos edificis que deixaran de formar part de l\u2019institut, el Taller Grues, en el curs 2022-2023, i el Taller Drassanes, en el 2025-2026.<\/p>\n<p>El resultat final de la reorganitzaci\u00f3 de les seus de l\u2019Institut de N\u00e0utica de Barcelona seran dos equipaments, molt propers f\u00edsicament a difer\u00e8ncia de la situaci\u00f3 actual: l\u2019edifici El Far amb tres plantes, amb un petit espai de recepci\u00f3 a la planta baixa, una planta segona, d\u2019administraci\u00f3 i aulari, i una tercera, tamb\u00e9 d\u2019aulari, per un total de 2.114,5 m<sup>2<\/sup>; i l\u2019edifici Varadero amb una planta baixa, una planta primera, una nau amb altell i un total de 2.619,5 m<sup>2 <\/sup>, dedicat als tallers de manteniment de vaixells. A partir del curs 2026-2027, l\u2019edifici Taller Drassanes, tamb\u00e9 cedit pel Port de Barcelona, deixar\u00e0 tamb\u00e9 de formar part de l\u2019institut.<\/p>\n<p><strong>Acte de presentaci\u00f3<\/strong><\/p>\n<p>El passat divendres 16 de gener va tenir lloc l\u2019acte de presentaci\u00f3 del nou projecte. Les autoritats varen visitar les instal\u00b7lacions de l\u2019Edifici Drassana i van atendre als mitjans de comunicaci\u00f3 a l\u2019Edifici Consorci el Far.<\/p>\n<table style=\"border-collapse: collapse; width: 100%;\">\n<tbody>\n<tr>\n<td style=\"width: 50%;\"><img decoding=\"async\" src=\"https:\/\/agora.xtec.cat\/ins-nauticabcn\/wp-content\/uploads\/usu313\/2022\/12\/alumnes.jpg\" \/><\/td>\n<td style=\"width: 50%;\"><img decoding=\"async\" src=\"https:\/\/agora.xtec.cat\/ins-nauticabcn\/wp-content\/uploads\/usu313\/2022\/12\/xavi.jpg\" \/><\/td>\n<\/tr>\n<\/tbody>\n<\/table>\n<p>&nbsp;<\/p>\n<figure class=\"figure wp-caption aligncenter\"><img loading=\"lazy\" decoding=\"async\" src=\"https:\/\/agora.xtec.cat\/ins-nauticabcn\/wp-content\/uploads\/usu313\/2022\/12\/direccio.jpg\" alt=\"\" width=\"1024\" height=\"580\" \/><figcaption class=\"wp-caption-text\">A la imatge: Hble. Sr. Josep Gonz\u00e0lez-Cambray, conseller d\u2019Educaci\u00f3 i president del Consorci d\u2019Educaci\u00f3 de Barcelona,\u00a0 Il\u00b7lm Sr Jordi Mart\u00ed, tinent d\u2019alcalde de cultura i educaci\u00f3 Ajuntament BCN i vicepresident del Consorci d\u2019Educaci\u00f3 de Barcelona, Sr. Llu\u00eds Salvad\u00f3, president del Port de Barcelona i Sra. Mireia Latre, Directora de l\u2019Institut de N\u00e0utica de Barcelona<\/figcaption><\/figure>\n<p>&nbsp;<\/p>\n","protected":false},"excerpt":{"rendered":"<p>L\u2019Institut de N\u00e0utica reorganitza les seves seus i a partir del curs 2023-2024 l\u2019edifici Varadero, situat al recinte del Port de Barcelona, formar\u00e0 part de l\u2019institut per concentrar l\u2019activitat del centre a partir del curs 2026-2027 en aquest equipament i en l\u2019edifici El Far, molt propers l\u2019un de l\u2019altre&hellip;  <a href=\"https:\/\/agora.xtec.cat\/ins-nauticabcn\/portada\/reorganitzacio-i-transformacio-de-linstitut-de-nautica-de-barcelona\/\" title=\"Read REORGANITZACI\u00d3 I TRANSFORMACI\u00d3 DE L\u2019INSTITUT DE N\u00c0UTICA DE BARCELONA\">Llegeix m\u00e9s\u00bb<\/a><\/p>\n","protected":false},"author":1,"featured_media":6514,"comment_status":"closed","ping_status":"closed","sticky":false,"template":"","format":"standard","meta":{"_bbp_topic_count":0,"_bbp_reply_count":0,"_bbp_total_topic_count":0,"_bbp_total_reply_count":0,"_bbp_voice_count":0,"_bbp_anonymous_reply_count":0,"_bbp_topic_count_hidden":0,"_bbp_reply_count_hidden":0,"_bbp_forum_subforum_count":0,"footnotes":""},"categories":[29],"tags":[],"class_list":["post-6510","post","type-post","status-publish","format-standard","has-post-thumbnail","hentry","category-portada"],"post_mailing_queue_ids":[],"_links":{"self":[{"href":"https:\/\/agora.xtec.cat\/ins-nauticabcn\/wp-json\/wp\/v2\/posts\/6510","targetHints":{"allow":["GET"]}}],"collection":[{"href":"https:\/\/agora.xtec.cat\/ins-nauticabcn\/wp-json\/wp\/v2\/posts"}],"about":[{"href":"https:\/\/agora.xtec.cat\/ins-nauticabcn\/wp-json\/wp\/v2\/types\/post"}],"author":[{"embeddable":true,"href":"https:\/\/agora.xtec.cat\/ins-nauticabcn\/wp-json\/wp\/v2\/users\/1"}],"replies":[{"embeddable":true,"href":"https:\/\/agora.xtec.cat\/ins-nauticabcn\/wp-json\/wp\/v2\/comments?post=6510"}],"version-history":[{"count":3,"href":"https:\/\/agora.xtec.cat\/ins-nauticabcn\/wp-json\/wp\/v2\/posts\/6510\/revisions"}],"predecessor-version":[{"id":6522,"href":"https:\/\/agora.xtec.cat\/ins-nauticabcn\/wp-json\/wp\/v2\/posts\/6510\/revisions\/6522"}],"wp:featuredmedia":[{"embeddable":true,"href":"https:\/\/agora.xtec.cat\/ins-nauticabcn\/wp-json\/wp\/v2\/media\/6514"}],"wp:attachment":[{"href":"https:\/\/agora.xtec.cat\/ins-nauticabcn\/wp-json\/wp\/v2\/media?parent=6510"}],"wp:term":[{"taxonomy":"category","embeddable":true,"href":"https:\/\/agora.xtec.cat\/ins-nauticabcn\/wp-json\/wp\/v2\/categories?post=6510"},{"taxonomy":"post_tag","embeddable":true,"href":"https:\/\/agora.xtec.cat\/ins-nauticabcn\/wp-json\/wp\/v2\/tags?post=6510"}],"curies":[{"name":"wp","href":"https:\/\/api.w.org\/{rel}","templated":true}]}}