{"id":6414,"date":"2023-11-13T09:00:23","date_gmt":"2023-11-13T08:00:23","guid":{"rendered":"https:\/\/agora.xtec.cat\/ins-nauticabcn\/?p=6414"},"modified":"2023-12-20T10:22:00","modified_gmt":"2023-12-20T09:22:00","slug":"nou-periode-de-preinscripcio-cicles-esportius","status":"publish","type":"post","link":"https:\/\/agora.xtec.cat\/ins-nauticabcn\/portada\/nou-periode-de-preinscripcio-cicles-esportius\/","title":{"rendered":"Informaci\u00f3 inici classes Cicles Finals Esportius i Batxillerat Esportiu"},"content":{"rendered":"<p>Us informem que l&#8217;inici de les classes del Cicles Finals d&#8217;Esports (Salvament i Socorrisme, Vela i Busseig) i Cicle Final de Batxillerat Esportiu (Salvament i Socorrisme i Vela) ser\u00e0 el proper <strong>dilluns 8 de gener<\/strong> en el seg\u00fcent horari:<\/p>\n<p><strong>Cicle Final Salvament i Socorrisme: <\/strong>8 hores a l&#8217;edifici SEU de l&#8217;INB (carrer de l&#8217;Escar 6-8)<\/p>\n<p><strong>Cicle Final de Vela: <\/strong>a les 15 hores a l&#8217;edifici SEU de l&#8217;INB (carrer de l&#8217;Escar 6-8)<\/p>\n<p><strong>Cicle Final de Busseig: <\/strong>a les 15 hores a l&#8217;edifici SEU de l&#8217;INB (carrer de l&#8217;Escar 6-8)<\/p>\n<p><strong>Batxillerat Esportiu de Salvament i Socorrisme: <\/strong>8 hores a l&#8217;edifici SEU de l&#8217;INB (carrer de l&#8217;Escar 6-8)<\/p>\n<p><strong>Batxillerat Esportiu de Vela: <\/strong>8 hores a l&#8217;edifici SEU de l&#8217;INB (carrer de l&#8217;Escar 6-8)<\/p>\n<p><strong><span style=\"color: #ff6600;\">IMPORTANT: L&#8217;assist\u00e8ncia el primer dia de classe \u00e9s obligat\u00f2ria encara que l&#8217;alumnat s&#8217;hagi matriculat de blocs (com\u00fa o espec\u00edfic) o m\u00f2duls independents,\u00a0 ja que es donar\u00e0 tota la informaci\u00f3 del curs aix\u00ed com el calendari de les classes i les claus per l&#8217;intranet.<\/span><\/strong><\/p>\n<p>&nbsp;<\/p>\n<p>___________________________________________________________________________________________________<\/p>\n<p>Avui dimarts 5 de desembre publiquem el llistat definitiu d&#8217;alumnat preinscrit per als Cicles Finals d&#8217;Estudis Esportius (Salvament i Socorrisme, Busseig i Vela) i per als Cicles Finals de Batxillerat Esportiu de Salvament i Socorrisme i Vela.<\/p>\n<p><strong>Degut a que la demanada no ha superat les places ofertades, tot l&#8217;alumnat preinscrit que compleixi amb els requisits d&#8217;acc\u00e9s podr\u00e0 matricular-se dins les dates indicades.<\/strong><\/p>\n<p><strong><span style=\"color: #ff6600;\">IMPORTANT: L&#8217;alumnat que en el moment de la matr\u00edcula no tingui finalitzat el Cicle Inicial de l&#8217;esport al que es vol matricular, ha d&#8217;emplenar el document <span style=\"color: #000000;\">&#8220;matricula provisional&#8221;<\/span> en el moment de fer la matr\u00edcula i enviar-lo juntament amb la resta de documents al correu <span style=\"color: #000000;\">a8074847@xtec.cat<\/span><br \/>\n<\/span><\/strong><\/p>\n<p><strong>Teniu tota la documentaci\u00f3 per fer la matr\u00edcula <a href=\"https:\/\/agora.xtec.cat\/ins-nauticabcn\/secretaria\/preinscripcio-i-matricula-2023-2024\/#e\" target=\"_blank\" rel=\"noopener\">aqu\u00ed.<\/a><\/strong><\/p>\n<p>&nbsp;<\/p>\n<p>A continuaci\u00f3 podeu consultar els llistats dels alumnats preinscrits:<\/p>\n<p><strong>Cicles Finals:<\/strong><\/p>\n<p><a href=\"https:\/\/agora.xtec.cat\/ins-nauticabcn\/wp-content\/uploads\/usu313\/2023\/12\/Barem-DEF.-preins-CF-SOS-2023-2024.pdf\" target=\"_blank\" rel=\"noopener\">Salvament i Socorrisme<\/a><\/p>\n<p><a href=\"https:\/\/agora.xtec.cat\/ins-nauticabcn\/wp-content\/uploads\/usu313\/2023\/12\/Barem-DEF.-preins-CF-Busseig-2023-2024.pdf\" target=\"_blank\" rel=\"noopener\">Busseig<\/a><\/p>\n<p><a href=\"https:\/\/agora.xtec.cat\/ins-nauticabcn\/wp-content\/uploads\/usu313\/2023\/12\/Barem-DEF.-preins-CF-Vela-2023-2024.pdf\" target=\"_blank\" rel=\"noopener\">Vela<\/a><\/p>\n<p><strong>Cicles Finals de Batxillerat Esportiu:<\/strong><\/p>\n<p><a href=\"https:\/\/agora.xtec.cat\/ins-nauticabcn\/wp-content\/uploads\/usu313\/2023\/12\/Barem-DEF.-preins-Batx.-Esp.-Cicle-Final-SOS-2023-2024.pdf\" target=\"_blank\" rel=\"noopener\">Salvament i Socorrisme<\/a><\/p>\n<p><a href=\"https:\/\/agora.xtec.cat\/ins-nauticabcn\/wp-content\/uploads\/usu313\/2023\/12\/Barem-DEF.-preins-Batx.Esp_.-Cicle-Final-Vela-2023-2024.pdf\" target=\"_blank\" rel=\"noopener\">Vela<\/a><\/p>\n<p>&nbsp;<\/p>\n<p><span style=\"color: #ff6600;\"><strong>Recordeu que teniu tota la informaci\u00f3 sobre el proc\u00e9s de preinscripci\u00f3 i matr\u00edcula a continuaci\u00f3:<\/strong><\/span><\/p>\n<p>Us informem que obrirem nous cursos de Cicle Final d&#8217;Ensenyament Esportius:<\/p>\n<ul>\n<li><strong>Cicle Final de Salvament i Socorrisme:<\/strong> Inici 8 de gener 2024 torn de mat\u00ed.<\/li>\n<li><strong>Cicle Final de Vela: <\/strong>Inici 8 de gener 2024.<\/li>\n<\/ul>\n<p>Bloc com\u00fa online* per les tardes de 15h a 21:30h (*1 tarda setmanal de classe presencial)<br \/>\nBloc espec\u00edfic consultar a la Federaci\u00f3 de Vela (horari de tarda)<\/p>\n<p>&nbsp;<\/p>\n<ul>\n<li><strong>Cicle Final de Busseig: <\/strong>inici 8 de gener 2024<\/li>\n<\/ul>\n<p>Bloc com\u00fa online* per les tardes de 15h a 21:30h (*1 tarda setmanal de classe presencial)<br \/>\nBloc espec\u00edfic presencial mat\u00ed de 8h a 14:30h<\/p>\n<p>&nbsp;<\/p>\n<ul>\n<li><strong>Batxillerat Esportiu:<\/strong><\/li>\n<\/ul>\n<p><strong>Cicle Final Salvament i Socorrisme:<\/strong><br \/>\nGener &#8211; Juny<br \/>\nPresencial Horari mat\u00ed Bloc Com\u00fa i Bloc Espec\u00edfic: 8h a 14:30h<\/p>\n<p><strong>Cicle Final Vela<\/strong><br \/>\nGener &#8211; Juny<br \/>\nPresencial Horari bloc com\u00fa de 8h a 14:30h<br \/>\nBloc espec\u00edfic consultar a la Federaci\u00f3 de Vela (horari de tarda)<\/p>\n<p>&nbsp;<\/p>\n<h4 style=\"text-align: center;\"><span style=\"color: #ff6600;\"><strong>Teniu tota la informaci\u00f3 sobre el proc\u00e9s de preinscripci\u00f3 i matr\u00edcula <a href=\"https:\/\/agora.xtec.cat\/ins-nauticabcn\/secretaria\/preinscripcio-i-matricula-2023-2024\/\" target=\"_blank\" rel=\"noopener\">aqu\u00ed.<\/a><\/strong><\/span><\/h4>\n<p>&nbsp;<\/p>\n<p><img loading=\"lazy\" decoding=\"async\" class=\"aligncenter wp-image-7532 size-full\" src=\"https:\/\/agora.xtec.cat\/ins-nauticabcn\/wp-content\/uploads\/usu313\/2022\/11\/Captura-de-pantalla-2023-11-10-133559.png\" alt=\"\" width=\"1243\" height=\"691\" srcset=\"https:\/\/agora.xtec.cat\/ins-nauticabcn\/wp-content\/uploads\/usu313\/2022\/11\/Captura-de-pantalla-2023-11-10-133559.png 1243w, https:\/\/agora.xtec.cat\/ins-nauticabcn\/wp-content\/uploads\/usu313\/2022\/11\/Captura-de-pantalla-2023-11-10-133559-300x167.png 300w, https:\/\/agora.xtec.cat\/ins-nauticabcn\/wp-content\/uploads\/usu313\/2022\/11\/Captura-de-pantalla-2023-11-10-133559-1024x569.png 1024w, https:\/\/agora.xtec.cat\/ins-nauticabcn\/wp-content\/uploads\/usu313\/2022\/11\/Captura-de-pantalla-2023-11-10-133559-768x427.png 768w\" sizes=\"auto, (max-width: 1243px) 100vw, 1243px\" \/><\/p>\n<p>&nbsp;<\/p>\n<p>&nbsp;<\/p>\n<p>&nbsp;<\/p>\n","protected":false},"excerpt":{"rendered":"<p>Avui dimecres 29 de novembre publiquem el llistat d&#8217;alumnat preinscrit per als Cicles Finals d&#8217;Estudis Esportius (Salvament i Socorrisme, Busseig i Vela) i per als Cicles Finals de Batxillerat Esportiu de Salvament i Socorrisme i Vela.&hellip;  <a href=\"https:\/\/agora.xtec.cat\/ins-nauticabcn\/portada\/nou-periode-de-preinscripcio-cicles-esportius\/\" title=\"Read Informaci\u00f3 inici classes Cicles Finals Esportius i Batxillerat Esportiu\">Llegeix m\u00e9s\u00bb<\/a><\/p>\n","protected":false},"author":1,"featured_media":6268,"comment_status":"closed","ping_status":"closed","sticky":false,"template":"","format":"standard","meta":{"_bbp_topic_count":0,"_bbp_reply_count":0,"_bbp_total_topic_count":0,"_bbp_total_reply_count":0,"_bbp_voice_count":0,"_bbp_anonymous_reply_count":0,"_bbp_topic_count_hidden":0,"_bbp_reply_count_hidden":0,"_bbp_forum_subforum_count":0,"footnotes":""},"categories":[29],"tags":[],"class_list":["post-6414","post","type-post","status-publish","format-standard","has-post-thumbnail","hentry","category-portada"],"post_mailing_queue_ids":[],"_links":{"self":[{"href":"https:\/\/agora.xtec.cat\/ins-nauticabcn\/wp-json\/wp\/v2\/posts\/6414","targetHints":{"allow":["GET"]}}],"collection":[{"href":"https:\/\/agora.xtec.cat\/ins-nauticabcn\/wp-json\/wp\/v2\/posts"}],"about":[{"href":"https:\/\/agora.xtec.cat\/ins-nauticabcn\/wp-json\/wp\/v2\/types\/post"}],"author":[{"embeddable":true,"href":"https:\/\/agora.xtec.cat\/ins-nauticabcn\/wp-json\/wp\/v2\/users\/1"}],"replies":[{"embeddable":true,"href":"https:\/\/agora.xtec.cat\/ins-nauticabcn\/wp-json\/wp\/v2\/comments?post=6414"}],"version-history":[{"count":6,"href":"https:\/\/agora.xtec.cat\/ins-nauticabcn\/wp-json\/wp\/v2\/posts\/6414\/revisions"}],"predecessor-version":[{"id":7681,"href":"https:\/\/agora.xtec.cat\/ins-nauticabcn\/wp-json\/wp\/v2\/posts\/6414\/revisions\/7681"}],"wp:featuredmedia":[{"embeddable":true,"href":"https:\/\/agora.xtec.cat\/ins-nauticabcn\/wp-json\/wp\/v2\/media\/6268"}],"wp:attachment":[{"href":"https:\/\/agora.xtec.cat\/ins-nauticabcn\/wp-json\/wp\/v2\/media?parent=6414"}],"wp:term":[{"taxonomy":"category","embeddable":true,"href":"https:\/\/agora.xtec.cat\/ins-nauticabcn\/wp-json\/wp\/v2\/categories?post=6414"},{"taxonomy":"post_tag","embeddable":true,"href":"https:\/\/agora.xtec.cat\/ins-nauticabcn\/wp-json\/wp\/v2\/tags?post=6414"}],"curies":[{"name":"wp","href":"https:\/\/api.w.org\/{rel}","templated":true}]}}