{"id":6403,"date":"2022-10-26T12:33:26","date_gmt":"2022-10-26T10:33:26","guid":{"rendered":"https:\/\/agora.xtec.cat\/ins-nauticabcn\/?p=6403"},"modified":"2022-10-26T12:34:02","modified_gmt":"2022-10-26T10:34:02","slug":"de-practiques-erasmus-a-la-bretanya-francesa","status":"publish","type":"post","link":"https:\/\/agora.xtec.cat\/ins-nauticabcn\/erasmus\/de-practiques-erasmus-a-la-bretanya-francesa\/","title":{"rendered":"De pr\u00e0ctiques Erasmus+ a la Bretanya Francesa"},"content":{"rendered":"<p>Els alumnes de 2n curs del Grau Mitj\u00e0 de Manteniment d&#8217;Embarcacions d&#8217;Esbarjo, Jordi S\u00e0nchez i Sergi Samaranch,\u00a0 han estat realitzant les seves pr\u00e0ctiques d\u2019empresa (FCT) a l\u2019estranger, gr\u00e0cies a la beca concedida dins del projecte Erasmus +.<\/p>\n<p>En aquest cas van estar realitzant les pr\u00e0ctiques a la Bretanya Francesa a les empreses, Yatch Charter i Nautic Sport respectivament, al poble costaner de Trinit\u00e9-sur-Mer, amb la col\u00b7laboraci\u00f3 de l&#8217;Institut de Formaci\u00f3 Professional franc\u00e8s School \u00c9mile James.<\/p>\n<p>Des de l\u2019Institut de N\u00e0utica de Barcelona, seguim apostant per internacionalitzar tots els nostres estudis, aprofitant les beques Erasmus + en tots els estudis que s\u2019imparteixen en el centre.<\/p>\n<p>&nbsp;<\/p>\n\n\t\t<style type=\"text\/css\">\n\t\t\t#gallery-1 {\n\t\t\t\tmargin: auto;\n\t\t\t}\n\t\t\t#gallery-1 .gallery-item {\n\t\t\t\tfloat: left;\n\t\t\t\tmargin-top: 10px;\n\t\t\t\ttext-align: center;\n\t\t\t\twidth: 50%;\n\t\t\t}\n\t\t\t#gallery-1 img {\n\t\t\t\tborder: 2px solid #cfcfcf;\n\t\t\t}\n\t\t\t#gallery-1 .gallery-caption {\n\t\t\t\tmargin-left: 0;\n\t\t\t}\n\t\t\t\/* see gallery_shortcode() in wp-includes\/media.php *\/\n\t\t<\/style>\n\t\t<div id='gallery-1' class='gallery galleryid-6403 gallery-columns-2 gallery-size-large'><dl class='gallery-item'>\n\t\t\t<dt class='gallery-icon portrait'>\n\t\t\t\t<a href='https:\/\/agora.xtec.cat\/ins-nauticabcn\/erasmus\/de-practiques-erasmus-a-la-bretanya-francesa\/attachment\/20220608_133021-retocada\/'><img loading=\"lazy\" decoding=\"async\" width=\"472\" height=\"1024\" src=\"https:\/\/agora.xtec.cat\/ins-nauticabcn\/wp-content\/uploads\/usu313\/2022\/10\/20220608_133021-Retocada-472x1024.jpg\" class=\"attachment-large size-large\" alt=\"\" srcset=\"https:\/\/agora.xtec.cat\/ins-nauticabcn\/wp-content\/uploads\/usu313\/2022\/10\/20220608_133021-Retocada-472x1024.jpg 472w, https:\/\/agora.xtec.cat\/ins-nauticabcn\/wp-content\/uploads\/usu313\/2022\/10\/20220608_133021-Retocada-138x300.jpg 138w, https:\/\/agora.xtec.cat\/ins-nauticabcn\/wp-content\/uploads\/usu313\/2022\/10\/20220608_133021-Retocada-768x1665.jpg 768w, https:\/\/agora.xtec.cat\/ins-nauticabcn\/wp-content\/uploads\/usu313\/2022\/10\/20220608_133021-Retocada-708x1536.jpg 708w, https:\/\/agora.xtec.cat\/ins-nauticabcn\/wp-content\/uploads\/usu313\/2022\/10\/20220608_133021-Retocada-945x2048.jpg 945w, https:\/\/agora.xtec.cat\/ins-nauticabcn\/wp-content\/uploads\/usu313\/2022\/10\/20220608_133021-Retocada.jpg 1024w\" sizes=\"auto, (max-width: 472px) 100vw, 472px\" \/><\/a>\n\t\t\t<\/dt><\/dl><dl class='gallery-item'>\n\t\t\t<dt class='gallery-icon portrait'>\n\t\t\t\t<a href='https:\/\/agora.xtec.cat\/ins-nauticabcn\/erasmus\/de-practiques-erasmus-a-la-bretanya-francesa\/attachment\/20220623_151221\/'><img loading=\"lazy\" decoding=\"async\" width=\"472\" height=\"1024\" src=\"https:\/\/agora.xtec.cat\/ins-nauticabcn\/wp-content\/uploads\/usu313\/2022\/10\/20220623_151221-472x1024.jpg\" class=\"attachment-large size-large\" alt=\"\" srcset=\"https:\/\/agora.xtec.cat\/ins-nauticabcn\/wp-content\/uploads\/usu313\/2022\/10\/20220623_151221-472x1024.jpg 472w, https:\/\/agora.xtec.cat\/ins-nauticabcn\/wp-content\/uploads\/usu313\/2022\/10\/20220623_151221-138x300.jpg 138w, https:\/\/agora.xtec.cat\/ins-nauticabcn\/wp-content\/uploads\/usu313\/2022\/10\/20220623_151221-768x1665.jpg 768w, https:\/\/agora.xtec.cat\/ins-nauticabcn\/wp-content\/uploads\/usu313\/2022\/10\/20220623_151221-709x1536.jpg 709w, https:\/\/agora.xtec.cat\/ins-nauticabcn\/wp-content\/uploads\/usu313\/2022\/10\/20220623_151221-945x2048.jpg 945w, https:\/\/agora.xtec.cat\/ins-nauticabcn\/wp-content\/uploads\/usu313\/2022\/10\/20220623_151221-scaled.jpg 1181w\" sizes=\"auto, (max-width: 472px) 100vw, 472px\" \/><\/a>\n\t\t\t<\/dt><\/dl><br style=\"clear: both\" \/><dl class='gallery-item'>\n\t\t\t<dt class='gallery-icon landscape'>\n\t\t\t\t<a href='https:\/\/agora.xtec.cat\/ins-nauticabcn\/erasmus\/de-practiques-erasmus-a-la-bretanya-francesa\/attachment\/20220623_163007\/'><img loading=\"lazy\" decoding=\"async\" width=\"1024\" height=\"472\" src=\"https:\/\/agora.xtec.cat\/ins-nauticabcn\/wp-content\/uploads\/usu313\/2022\/10\/20220623_163007-1024x472.jpg\" class=\"attachment-large size-large\" alt=\"\" srcset=\"https:\/\/agora.xtec.cat\/ins-nauticabcn\/wp-content\/uploads\/usu313\/2022\/10\/20220623_163007-1024x472.jpg 1024w, https:\/\/agora.xtec.cat\/ins-nauticabcn\/wp-content\/uploads\/usu313\/2022\/10\/20220623_163007-300x138.jpg 300w, https:\/\/agora.xtec.cat\/ins-nauticabcn\/wp-content\/uploads\/usu313\/2022\/10\/20220623_163007-768x354.jpg 768w, https:\/\/agora.xtec.cat\/ins-nauticabcn\/wp-content\/uploads\/usu313\/2022\/10\/20220623_163007-1536x708.jpg 1536w, https:\/\/agora.xtec.cat\/ins-nauticabcn\/wp-content\/uploads\/usu313\/2022\/10\/20220623_163007-2048x944.jpg 2048w\" sizes=\"auto, (max-width: 1024px) 100vw, 1024px\" \/><\/a>\n\t\t\t<\/dt><\/dl><dl class='gallery-item'>\n\t\t\t<dt class='gallery-icon landscape'>\n\t\t\t\t<a href='https:\/\/agora.xtec.cat\/ins-nauticabcn\/erasmus\/de-practiques-erasmus-a-la-bretanya-francesa\/attachment\/20220627_171008\/'><img loading=\"lazy\" decoding=\"async\" width=\"1024\" height=\"472\" src=\"https:\/\/agora.xtec.cat\/ins-nauticabcn\/wp-content\/uploads\/usu313\/2022\/10\/20220627_171008-1024x472.jpg\" class=\"attachment-large size-large\" alt=\"\" srcset=\"https:\/\/agora.xtec.cat\/ins-nauticabcn\/wp-content\/uploads\/usu313\/2022\/10\/20220627_171008-1024x472.jpg 1024w, https:\/\/agora.xtec.cat\/ins-nauticabcn\/wp-content\/uploads\/usu313\/2022\/10\/20220627_171008-300x138.jpg 300w, https:\/\/agora.xtec.cat\/ins-nauticabcn\/wp-content\/uploads\/usu313\/2022\/10\/20220627_171008-768x354.jpg 768w, https:\/\/agora.xtec.cat\/ins-nauticabcn\/wp-content\/uploads\/usu313\/2022\/10\/20220627_171008-1536x709.jpg 1536w, https:\/\/agora.xtec.cat\/ins-nauticabcn\/wp-content\/uploads\/usu313\/2022\/10\/20220627_171008-2048x945.jpg 2048w\" sizes=\"auto, (max-width: 1024px) 100vw, 1024px\" \/><\/a>\n\t\t\t<\/dt><\/dl><br style=\"clear: both\" \/>\n\t\t<\/div>\n\n<p>&nbsp;<\/p>\n","protected":false},"excerpt":{"rendered":"<p>Els alumnes de 2n curs del Grau Mitj\u00e0 de Manteniment d&#8217;Embarcacions d&#8217;Esbarjo, Jordi S\u00e0nchez i Sergi Samaranch,\u00a0 han estat realitzant les seves pr\u00e0ctiques d\u2019empresa (FCT) a l\u2019estranger, gr\u00e0cies a la beca concedida dins del projecte Erasmus +.<br \/>\nEn aquest cas van estar realitzant les pr\u00e0ctiques a&hellip;  <a href=\"https:\/\/agora.xtec.cat\/ins-nauticabcn\/erasmus\/de-practiques-erasmus-a-la-bretanya-francesa\/\" title=\"Read De pr\u00e0ctiques Erasmus+ a la Bretanya Francesa\">Llegeix m\u00e9s\u00bb<\/a><\/p>\n","protected":false},"author":1,"featured_media":6405,"comment_status":"closed","ping_status":"closed","sticky":false,"template":"","format":"standard","meta":{"_bbp_topic_count":0,"_bbp_reply_count":0,"_bbp_total_topic_count":0,"_bbp_total_reply_count":0,"_bbp_voice_count":0,"_bbp_anonymous_reply_count":0,"_bbp_topic_count_hidden":0,"_bbp_reply_count_hidden":0,"_bbp_forum_subforum_count":0,"footnotes":""},"categories":[102],"tags":[],"class_list":["post-6403","post","type-post","status-publish","format-standard","has-post-thumbnail","hentry","category-erasmus"],"post_mailing_queue_ids":[],"_links":{"self":[{"href":"https:\/\/agora.xtec.cat\/ins-nauticabcn\/wp-json\/wp\/v2\/posts\/6403","targetHints":{"allow":["GET"]}}],"collection":[{"href":"https:\/\/agora.xtec.cat\/ins-nauticabcn\/wp-json\/wp\/v2\/posts"}],"about":[{"href":"https:\/\/agora.xtec.cat\/ins-nauticabcn\/wp-json\/wp\/v2\/types\/post"}],"author":[{"embeddable":true,"href":"https:\/\/agora.xtec.cat\/ins-nauticabcn\/wp-json\/wp\/v2\/users\/1"}],"replies":[{"embeddable":true,"href":"https:\/\/agora.xtec.cat\/ins-nauticabcn\/wp-json\/wp\/v2\/comments?post=6403"}],"version-history":[{"count":1,"href":"https:\/\/agora.xtec.cat\/ins-nauticabcn\/wp-json\/wp\/v2\/posts\/6403\/revisions"}],"predecessor-version":[{"id":6409,"href":"https:\/\/agora.xtec.cat\/ins-nauticabcn\/wp-json\/wp\/v2\/posts\/6403\/revisions\/6409"}],"wp:featuredmedia":[{"embeddable":true,"href":"https:\/\/agora.xtec.cat\/ins-nauticabcn\/wp-json\/wp\/v2\/media\/6405"}],"wp:attachment":[{"href":"https:\/\/agora.xtec.cat\/ins-nauticabcn\/wp-json\/wp\/v2\/media?parent=6403"}],"wp:term":[{"taxonomy":"category","embeddable":true,"href":"https:\/\/agora.xtec.cat\/ins-nauticabcn\/wp-json\/wp\/v2\/categories?post=6403"},{"taxonomy":"post_tag","embeddable":true,"href":"https:\/\/agora.xtec.cat\/ins-nauticabcn\/wp-json\/wp\/v2\/tags?post=6403"}],"curies":[{"name":"wp","href":"https:\/\/api.w.org\/{rel}","templated":true}]}}