{"id":6102,"date":"2023-02-27T13:00:56","date_gmt":"2023-02-27T12:00:56","guid":{"rendered":"https:\/\/agora.xtec.cat\/ins-nauticabcn\/?p=6102"},"modified":"2023-03-08T08:25:09","modified_gmt":"2023-03-08T07:25:09","slug":"publicacio-llistats-provisionals-preinscripcio-cicles-formatius-desports","status":"publish","type":"post","link":"https:\/\/agora.xtec.cat\/ins-nauticabcn\/general\/publicacio-llistats-provisionals-preinscripcio-cicles-formatius-desports\/","title":{"rendered":"Inici matr\u00edcula CFGM Vela &#8211; Cicle Inicial"},"content":{"rendered":"<p>El per\u00edode de matr\u00edcula per al CFGM de Vela Cicle Inicial \u00e9s del 6 al 10 de mar\u00e7.<\/p>\n<p><strong>Trobareu tota la documentaci\u00f3 de matr\u00edcula<\/strong> <a href=\"https:\/\/agora.xtec.cat\/ins-nauticabcn\/secretaria\/preinscripcio-i-matricula-setembre\/#e\" target=\"_blank\" rel=\"noopener\">aqu\u00ed.<\/a><\/p>\n<p>Consulteu la llista d&#8217;admesos per si teniu documentaci\u00f3 pendent <strong>i envieu els documents de matr\u00edcula al seg\u00fcent correu electr\u00f2nic: a8074847<span class=\"\">@xtec.ca<\/span>t<\/strong><\/p>\n<p><strong>LLISTAT D&#8217;ALUMNES ADMESOS AL CICLE INICIAL DE VELA FEBRER 2023 <\/strong><a href=\"https:\/\/agora.xtec.cat\/ins-nauticabcn\/wp-content\/uploads\/usu313\/2023\/03\/ADMESOS.-preins-FEBRER-CI-VELA-2022-2023.pdf\" target=\"_blank\" rel=\"noopener\">aqu\u00ed.<\/a><\/p>\n<p>______________________________________________________________________________________________________________________________<\/p>\n<p>Encara tenim <strong><span style=\"color: #3366ff;\">PLACES LLIURES<\/span><\/strong> per matricular en aquest cicle. Si esteu interessats contacteu amb secretaria 93 884 60 74 o a8074847<span class=\"\">@xtec.cat<\/span><\/p>\n<p><span style=\"color: #ff6600;\"><strong>PRIMER DIA DE CURS: 13 DE MAR\u00c7 DE 2023<\/strong><\/span><\/p>\n<p><strong><span style=\"color: #000000;\">El cicle comen\u00e7ar\u00e0 el dilluns 13 de mar\u00e7, en horari de tarda de 15 a 21:30 hores, a la seu del carrer de l&#8217;Escar. 6-8, 0839 Barcelona, al barri de la Barceloneta.\u00a0 <span style=\"color: #ff6600;\">L&#8217;assist\u00e8ncia \u00e9s obligat\u00f2ria per tot l&#8217;alumnat<\/span> <span style=\"color: #ff6600;\">matriculat<\/span>, ja que rebran tota la informaci\u00f3 del curs per part del seu tutor\/a: horaris, funcionament del curs, credencials de la intranet&#8230;<\/span><br \/>\n<\/strong><\/p>\n<p><strong>\u00a0<\/strong><\/p>\n<p>&nbsp;<\/p>\n<p><img loading=\"lazy\" decoding=\"async\" class=\"aligncenter wp-image-1593 size-full\" src=\"https:\/\/agora.xtec.cat\/ins-nauticabcn\/wp-content\/uploads\/usu313\/2017\/05\/jocs-esportius-660x375-702x336-e1653550202339.jpg\" alt=\"\" width=\"587\" height=\"335\" srcset=\"https:\/\/agora.xtec.cat\/ins-nauticabcn\/wp-content\/uploads\/usu313\/2017\/05\/jocs-esportius-660x375-702x336-e1653550202339.jpg 587w, https:\/\/agora.xtec.cat\/ins-nauticabcn\/wp-content\/uploads\/usu313\/2017\/05\/jocs-esportius-660x375-702x336-e1653550202339-300x171.jpg 300w\" sizes=\"auto, (max-width: 587px) 100vw, 587px\" \/><\/p>\n<p>&nbsp;<\/p>\n","protected":false},"excerpt":{"rendered":"<p>El per\u00edode de matr\u00edcula per al CFGM de Vela Cicle Inicial \u00e9s del 6 al 10 de mar\u00e7.&hellip;  <a href=\"https:\/\/agora.xtec.cat\/ins-nauticabcn\/general\/publicacio-llistats-provisionals-preinscripcio-cicles-formatius-desports\/\" title=\"Read Inici matr\u00edcula CFGM Vela &#8211; Cicle Inicial\">Llegeix m\u00e9s\u00bb<\/a><\/p>\n","protected":false},"author":1,"featured_media":1593,"comment_status":"closed","ping_status":"closed","sticky":false,"template":"","format":"standard","meta":{"_bbp_topic_count":0,"_bbp_reply_count":0,"_bbp_total_topic_count":0,"_bbp_total_reply_count":0,"_bbp_voice_count":0,"_bbp_anonymous_reply_count":0,"_bbp_topic_count_hidden":0,"_bbp_reply_count_hidden":0,"_bbp_forum_subforum_count":0,"footnotes":""},"categories":[1,29],"tags":[],"class_list":["post-6102","post","type-post","status-publish","format-standard","has-post-thumbnail","hentry","category-general","category-portada"],"post_mailing_queue_ids":[],"_links":{"self":[{"href":"https:\/\/agora.xtec.cat\/ins-nauticabcn\/wp-json\/wp\/v2\/posts\/6102","targetHints":{"allow":["GET"]}}],"collection":[{"href":"https:\/\/agora.xtec.cat\/ins-nauticabcn\/wp-json\/wp\/v2\/posts"}],"about":[{"href":"https:\/\/agora.xtec.cat\/ins-nauticabcn\/wp-json\/wp\/v2\/types\/post"}],"author":[{"embeddable":true,"href":"https:\/\/agora.xtec.cat\/ins-nauticabcn\/wp-json\/wp\/v2\/users\/1"}],"replies":[{"embeddable":true,"href":"https:\/\/agora.xtec.cat\/ins-nauticabcn\/wp-json\/wp\/v2\/comments?post=6102"}],"version-history":[{"count":3,"href":"https:\/\/agora.xtec.cat\/ins-nauticabcn\/wp-json\/wp\/v2\/posts\/6102\/revisions"}],"predecessor-version":[{"id":6734,"href":"https:\/\/agora.xtec.cat\/ins-nauticabcn\/wp-json\/wp\/v2\/posts\/6102\/revisions\/6734"}],"wp:featuredmedia":[{"embeddable":true,"href":"https:\/\/agora.xtec.cat\/ins-nauticabcn\/wp-json\/wp\/v2\/media\/1593"}],"wp:attachment":[{"href":"https:\/\/agora.xtec.cat\/ins-nauticabcn\/wp-json\/wp\/v2\/media?parent=6102"}],"wp:term":[{"taxonomy":"category","embeddable":true,"href":"https:\/\/agora.xtec.cat\/ins-nauticabcn\/wp-json\/wp\/v2\/categories?post=6102"},{"taxonomy":"post_tag","embeddable":true,"href":"https:\/\/agora.xtec.cat\/ins-nauticabcn\/wp-json\/wp\/v2\/tags?post=6102"}],"curies":[{"name":"wp","href":"https:\/\/api.w.org\/{rel}","templated":true}]}}