{"id":5619,"date":"2025-10-27T11:08:47","date_gmt":"2025-10-27T10:08:47","guid":{"rendered":"https:\/\/agora.xtec.cat\/ins-nauticabcn\/?p=5619"},"modified":"2025-10-27T12:40:13","modified_gmt":"2025-10-27T11:40:13","slug":"eleccions-consell-escolar-2021-2022","status":"publish","type":"post","link":"https:\/\/agora.xtec.cat\/ins-nauticabcn\/general\/eleccions-consell-escolar-2021-2022\/","title":{"rendered":"Eleccions Consell Escolar 2025-2026"},"content":{"rendered":"<p>El Departament d\u2019Educaci\u00f3 ha convocat eleccions per tal de renovar els representants als Consells Escolars dels Centres Docents p\u00fablics de Catalunya. El proc\u00e9s electoral s\u2019efectuar\u00e0 per renovar la meitat dels membres de cadascun del sectors que formen els consells escolars.<span id=\"more-1975\"><\/span><\/p>\n<p><strong><u>Qu\u00e8 \u00e9s un Consell Escolar<\/u><\/strong><strong>\u00a0?<\/strong><\/p>\n<p>El Consell Escolar del centre \u00e9s l\u2019\u00f2rgan de participaci\u00f3 de la comunitat escolar en el govern del centre. Els membres del Consell Escolar s\u00f3n escollits per quatre anys. Cada dos anys es renoven la meitat dels seus membres.<\/p>\n<p><strong><u>Quina \u00e9s la composici\u00f3 del Consell Escolar:<br \/>\n<\/u><\/strong><\/p>\n<ul>\n<li>La directora del centre, que n\u2019\u00e9s la presidenta.<\/li>\n<li>El cap d\u2019estudis.<\/li>\n<li>El secretari (amb veu per\u00f2 sense vot).<\/li>\n<li>1 representant de l\u2019Ajuntament.<\/li>\n<li>6 professors elegits pel Claustre.<\/li>\n<li>6 alumnes elegits entre ells.<\/li>\n<li>1 representant del personal d\u2019administraci\u00f3 i serveis (PAS)<\/li>\n<li>1 representant del sector empresarial<\/li>\n<\/ul>\n<p>TOTAL = 18 membres.<\/p>\n<table>\n<tbody>\n<tr>\n<td><b>SECTOR<\/b><\/td>\n<td><b>TOTAL<\/b><\/td>\n<td><b>N\u00daM. VACANTS<\/b><\/td>\n<\/tr>\n<tr>\n<td>Administraci\u00f3 (Direcci\u00f3, PAS, sector empresarial, Ajuntament)<\/td>\n<td>6<\/td>\n<td><strong>1<\/strong><\/td>\n<\/tr>\n<tr>\n<td>Docents<\/td>\n<td>6<\/td>\n<td><strong>3<\/strong><\/td>\n<\/tr>\n<tr>\n<td>Alumnat<\/td>\n<td>6<\/td>\n<td><strong>6<\/strong><\/td>\n<\/tr>\n<tr>\n<td>TOTAL<\/td>\n<td>18<\/td>\n<td><strong>10<\/strong><\/td>\n<\/tr>\n<\/tbody>\n<\/table>\n<p><strong><u>SECTOR ALUMNAT<\/u><\/strong><\/p>\n<p><strong><u>Qui t\u00e9 dret de vot<\/u><\/strong><strong>\u00a0?<\/strong><\/p>\n<p>Tots els alumnes els quals estiguin matriculats\/des al centre en el moment de la convocat\u00f2ria de les eleccions.<\/p>\n<ul>\n<li>A partir del 28 <em>d&#8217;octubre<\/em> podeu comprovar el cens d&#8217;alumnes. El trobareu al taulell d\u2019anuncis situat al costat de la secretaria .<\/li>\n<li>Poden ser\u00a0<u>candidats\/des al sector alumnes<\/u>: tots els alumnes matriculats al centre a primer curs de Formaci\u00f3 professional (Manteniment d&#8217;Embarcacions, Sistemes el\u00e8ctrics i de navegaci\u00f3 i Ensenyament i Animaci\u00f3 Socioesportiu). <strong>Per ser candidat cal omplir un impr\u00e8s que podeu recollir a la secretaria o descarregar d\u2019aquest mateix article<\/strong>. Hi ha temps fins el 11 de novembre. <strong>\u00a0<a href=\"https:\/\/agora.xtec.cat\/ins-nauticabcn\/wp-content\/uploads\/usu313\/2025\/10\/Presentacio-de-candidatura.pdf\" target=\"_blank\" rel=\"noopener\">PRESENTACI\u00d3 CANDIDATURA<\/a><\/strong><\/li>\n<li><u>Votacions<\/u>: les votacions s\u00f3n personals, directes i secretes.<\/li>\n<li><u>Mesa electoral<\/u>: A la mesa electoral hi haur\u00e0 el director i dos representants dels alumnes que hagin estat designats per sorteig.<\/li>\n<\/ul>\n<p><strong><u>Calendari de la convocat\u00f2ria d\u2019eleccions al Consell Escolar<\/u><\/strong><\/p>\n<table style=\"width: 53.2087%;\" width=\"728\">\n<tbody>\n<tr>\n<td style=\"width: 24.8974%;\" width=\"184\"><strong>DIA<\/strong><\/td>\n<td style=\"width: 19.9655%;\" width=\"109\"><strong>HORA<\/strong><\/td>\n<td style=\"width: 20.7889%;\" width=\"170\"><strong>LLOC<\/strong><\/td>\n<td style=\"width: 32.8434%;\" width=\"265\"><strong>ACTE<\/strong><\/td>\n<\/tr>\n<tr>\n<td style=\"width: 24.8974%;\" width=\"184\">DIMARTS 28\/10\/2025<\/td>\n<td style=\"width: 19.9655%;\" width=\"109\">9:00h<\/td>\n<td style=\"width: 20.7889%;\" width=\"170\">Taulell anuncis interior<\/td>\n<td style=\"width: 32.8434%;\" width=\"265\">Publicaci\u00f3 del cens sector ALUMNAT<\/td>\n<\/tr>\n<tr>\n<td style=\"width: 24.8974%;\">DEL 28 AL 30\/10\/2025<\/td>\n<td style=\"width: 19.9655%;\">Horari Secretaria<\/td>\n<td style=\"width: 20.7889%;\">Secretaria<\/td>\n<td style=\"width: 32.8434%;\">Presentaci\u00f3 reclamacions al cens<\/td>\n<\/tr>\n<tr>\n<td style=\"width: 24.8974%;\" width=\"184\">DIMARTS 4\/11\/2025<\/td>\n<td style=\"width: 19.9655%;\" width=\"109\">10:00h<\/td>\n<td style=\"width: 20.7889%;\" width=\"170\">Despatx direcci\u00f3<\/td>\n<td style=\"width: 32.8434%;\" width=\"265\">Sorteig designaci\u00f3 membres mesa.<\/td>\n<\/tr>\n<tr>\n<td style=\"width: 24.8974%;\" width=\"184\">DILLUNS 10\/11\/2025<\/td>\n<td style=\"width: 19.9655%;\" width=\"109\">10:00h<\/td>\n<td style=\"width: 20.7889%;\" width=\"170\">Despatx direcci\u00f3<\/td>\n<td style=\"width: 32.8434%;\" width=\"265\">Constituci\u00f3 Mesa sector ALUMNAT<\/td>\n<\/tr>\n<tr>\n<td style=\"width: 24.8974%;\" width=\"184\">DEL 27\/10 AL 11\/11\/2025<\/td>\n<td style=\"width: 19.9655%;\" width=\"109\">Horari Secretaria<\/td>\n<td style=\"width: 20.7889%;\" width=\"170\">Secretaria\/ Tutors<\/td>\n<td style=\"width: 32.8434%;\" width=\"265\">Presentaci\u00f3 candidatures<\/td>\n<\/tr>\n<tr>\n<td style=\"width: 24.8974%;\" width=\"184\">DIMECRES 12\/11\/2025<\/td>\n<td style=\"width: 19.9655%;\" width=\"109\">10:00h \u2013 17:00h<\/td>\n<td style=\"width: 20.7889%;\" width=\"170\">Taulell anuncis interior<\/td>\n<td style=\"width: 32.8434%;\" width=\"265\">Publicaci\u00f3 de candidatures<\/td>\n<\/tr>\n<tr>\n<td style=\"width: 24.8974%;\" width=\"184\">DIMECRES 19\/11\/2025<\/td>\n<td style=\"width: 19.9655%;\" width=\"109\">14:00 &#8211; 15:30h<\/td>\n<td style=\"width: 20.7889%;\" width=\"170\">Vest\u00edbul Edifici SEU<\/td>\n<td style=\"width: 32.8434%;\" width=\"265\">Elecci\u00f3 sector ALUMNAT<\/td>\n<\/tr>\n<\/tbody>\n<\/table>\n<p><em>(Resoluci\u00f3 EDF\/2520\/2025, de 30 de juny)\u00a0\u00a0\u00a0<\/em><\/p>\n<p>M\u00e9s informaci\u00f3 al seg\u00fcent\u00a0<a href=\"https:\/\/educacio.gencat.cat\/ca\/arees-actuacio\/centres-serveis-educatius\/centres\/consells-escolars-centres\/centres-publics\" target=\"_blank\" rel=\"noopener\">enlla\u00e7<\/a>.<\/p>\n<p>&nbsp;<\/p>\n<p><img loading=\"lazy\" decoding=\"async\" class=\"size-large wp-image-9832 aligncenter\" src=\"https:\/\/agora.xtec.cat\/ins-nauticabcn\/wp-content\/uploads\/usu313\/2021\/11\/Cartell-eleccions-consell-escolar-724x1024.png\" alt=\"\" width=\"724\" height=\"1024\" srcset=\"https:\/\/agora.xtec.cat\/ins-nauticabcn\/wp-content\/uploads\/usu313\/2021\/11\/Cartell-eleccions-consell-escolar-724x1024.png 724w, https:\/\/agora.xtec.cat\/ins-nauticabcn\/wp-content\/uploads\/usu313\/2021\/11\/Cartell-eleccions-consell-escolar-212x300.png 212w, https:\/\/agora.xtec.cat\/ins-nauticabcn\/wp-content\/uploads\/usu313\/2021\/11\/Cartell-eleccions-consell-escolar-768x1086.png 768w, https:\/\/agora.xtec.cat\/ins-nauticabcn\/wp-content\/uploads\/usu313\/2021\/11\/Cartell-eleccions-consell-escolar-1086x1536.png 1086w, https:\/\/agora.xtec.cat\/ins-nauticabcn\/wp-content\/uploads\/usu313\/2021\/11\/Cartell-eleccions-consell-escolar-1448x2048.png 1448w, https:\/\/agora.xtec.cat\/ins-nauticabcn\/wp-content\/uploads\/usu313\/2021\/11\/Cartell-eleccions-consell-escolar.png 1587w\" sizes=\"auto, (max-width: 724px) 100vw, 724px\" \/><\/p>\n","protected":false},"excerpt":{"rendered":"<p>El Departament d\u2019Educaci\u00f3 ha convocat eleccions per tal de renovar els representants als Consells Escolars dels Centres Docents p\u00fablics de Catalunya. El proc\u00e9s electoral s\u2019efectuar\u00e0 per renovar la meitat dels membres de cadascun del sectors que formen els consells escolars.&hellip;  <a href=\"https:\/\/agora.xtec.cat\/ins-nauticabcn\/general\/eleccions-consell-escolar-2021-2022\/\" title=\"Read Eleccions Consell Escolar 2025-2026\">Llegeix m\u00e9s\u00bb<\/a><\/p>\n","protected":false},"author":1,"featured_media":9832,"comment_status":"closed","ping_status":"closed","sticky":false,"template":"","format":"standard","meta":{"_bbp_topic_count":0,"_bbp_reply_count":0,"_bbp_total_topic_count":0,"_bbp_total_reply_count":0,"_bbp_voice_count":0,"_bbp_anonymous_reply_count":0,"_bbp_topic_count_hidden":0,"_bbp_reply_count_hidden":0,"_bbp_forum_subforum_count":0,"footnotes":""},"categories":[1,29],"tags":[],"class_list":["post-5619","post","type-post","status-publish","format-standard","has-post-thumbnail","hentry","category-general","category-portada"],"post_mailing_queue_ids":[],"_links":{"self":[{"href":"https:\/\/agora.xtec.cat\/ins-nauticabcn\/wp-json\/wp\/v2\/posts\/5619","targetHints":{"allow":["GET"]}}],"collection":[{"href":"https:\/\/agora.xtec.cat\/ins-nauticabcn\/wp-json\/wp\/v2\/posts"}],"about":[{"href":"https:\/\/agora.xtec.cat\/ins-nauticabcn\/wp-json\/wp\/v2\/types\/post"}],"author":[{"embeddable":true,"href":"https:\/\/agora.xtec.cat\/ins-nauticabcn\/wp-json\/wp\/v2\/users\/1"}],"replies":[{"embeddable":true,"href":"https:\/\/agora.xtec.cat\/ins-nauticabcn\/wp-json\/wp\/v2\/comments?post=5619"}],"version-history":[{"count":4,"href":"https:\/\/agora.xtec.cat\/ins-nauticabcn\/wp-json\/wp\/v2\/posts\/5619\/revisions"}],"predecessor-version":[{"id":9834,"href":"https:\/\/agora.xtec.cat\/ins-nauticabcn\/wp-json\/wp\/v2\/posts\/5619\/revisions\/9834"}],"wp:featuredmedia":[{"embeddable":true,"href":"https:\/\/agora.xtec.cat\/ins-nauticabcn\/wp-json\/wp\/v2\/media\/9832"}],"wp:attachment":[{"href":"https:\/\/agora.xtec.cat\/ins-nauticabcn\/wp-json\/wp\/v2\/media?parent=5619"}],"wp:term":[{"taxonomy":"category","embeddable":true,"href":"https:\/\/agora.xtec.cat\/ins-nauticabcn\/wp-json\/wp\/v2\/categories?post=5619"},{"taxonomy":"post_tag","embeddable":true,"href":"https:\/\/agora.xtec.cat\/ins-nauticabcn\/wp-json\/wp\/v2\/tags?post=5619"}],"curies":[{"name":"wp","href":"https:\/\/api.w.org\/{rel}","templated":true}]}}