{"id":5494,"date":"2021-09-14T09:00:07","date_gmt":"2021-09-14T07:00:07","guid":{"rendered":"https:\/\/agora.xtec.cat\/ins-nauticabcn\/?p=5494"},"modified":"2021-09-15T10:33:42","modified_gmt":"2021-09-15T08:33:42","slug":"proces-extraordinari-dadmissio","status":"publish","type":"post","link":"https:\/\/agora.xtec.cat\/ins-nauticabcn\/portada\/proces-extraordinari-dadmissio\/","title":{"rendered":"Proc\u00e9s extraordinari d&#8217;admissi\u00f3 (publicaci\u00f3 alumnes admesos Grau Mitj\u00e0 i Grau Superior) Actualitzat 15\/09\/2021"},"content":{"rendered":"<p>A continuaci\u00f3 podreu consultar\u00a0 <strong>els<\/strong> <strong>alumnes admesos de la tercera fase extraordin\u00e0ria de preinscripci\u00f3 i matr\u00edcula per Grau Superior:<\/strong><\/p>\n<p><a href=\"https:\/\/agora.xtec.cat\/ins-nauticabcn\/wp-content\/uploads\/usu313\/2021\/09\/PER-PUBLICAR-LLISTAT-DE-BAREM-I-ALUMNES-ADMESOS-PROCES-EXTRAORDINARI-DE-PREINSCRIPCIO-I-MATRICULA-CILES-FORMATIUS-DE-GRAU-SUPERIOR.pdf\" target=\"_blank\" rel=\"noopener\">Barem i llistat d&#8217;admesos Grau Superior<\/a><\/p>\n<ul>\n<li>L\u2019alumnat pot presentar les al\u00b7legacions que cregui pertinents durant el dimecres 15 de setembre. L\u2019alumnat adm\u00e8s s\u2019ha de matricular els dies 16 i 17 de setembre de manera presencial a la secretaria del centre o enviant els documents de matr\u00edcula per correu electr\u00f2nic a l\u2019adre\u00e7a <a href=\"mailto:a8074847@xtec.cat\">a8074847<span class=\"\"><span class=\"\">@xtec.cat<\/span><\/span><\/a><\/li>\n<\/ul>\n<p>Trobareu els documents de matr\u00edcula al seg\u00fcent <a href=\"https:\/\/agora.xtec.cat\/ins-nauticabcn\/secretaria\/preinscripcio-i-matricula-2021-2022\/#e\" target=\"_blank\" rel=\"noopener\">enlla\u00e7.<\/a><\/p>\n<p>A continuaci\u00f3 podreu consultar\u00a0 <strong>els<\/strong> <strong>alumnes admesos de la tercera fase extraordin\u00e0ria de preinscripci\u00f3 i matr\u00edcula per Grau Mitj\u00e0:<\/strong><\/p>\n<p><a href=\"https:\/\/agora.xtec.cat\/ins-nauticabcn\/wp-content\/uploads\/usu313\/2021\/09\/PER-PUBLICAR-LLISTAT-DE-BAREM-I-ALUMNES-ADMESOS-PROCES-EXTRAORDINARI-DE-PREINSCRIPCIO-I-MATRICULA-CILES-FORMATIUS-DE-GRAU-MITJA-MANTENIMENT-D-1.pdf\" target=\"_blank\" rel=\"noopener\">Barem i llistat d&#8217;admesos Grau Mitj\u00e0<\/a><\/p>\n<ul>\n<li>L\u2019alumnat pot presentar les al\u00b7legacions que cregui pertinents durant el dimarts 14 de setembre. L\u2019alumnat adm\u00e8s s\u2019ha de matricular els dies 15, 16 i 17 de setembre de manera presencial a la secretaria del centre o enviant els documents de matr\u00edcula per correu electr\u00f2nic a l\u2019adre\u00e7a <a href=\"mailto:a8074847@xtec.cat\">a8074847<span class=\"\">@xtec.cat<\/span><\/a><\/li>\n<\/ul>\n<p>&nbsp;<\/p>\n<p>Trobareu els documents de matr\u00edcula al seg\u00fcent <a href=\"https:\/\/agora.xtec.cat\/ins-nauticabcn\/secretaria\/preinscripcio-i-matricula-2021-2022\/#e\" target=\"_blank\" rel=\"noopener\">enlla\u00e7.<\/a><\/p>\n<p>__________________________________________________________________________________________________<\/p>\n<p>Us informem que el <a href=\"https:\/\/preinscripcio.gencat.cat\/ca\/estudis\/fp-grau-mitja\/inici\/\" target=\"_blank\" rel=\"noopener\">Departament d&#8217;Educaci\u00f3<\/a> a obert un nou <strong>per\u00edode extraordinari d&#8217;admissi\u00f3 al setembre.<\/strong><\/p>\n<p>En aquest per\u00edode poden participar tots els alumnes interessats i que compleixin els requisits d&#8217;acc\u00e9s tant si han participat a les anteriors fases d&#8217;admissi\u00f3 com si no.<\/p>\n<p>Les places vacants despr\u00e9s de la segona fase de preinscripci\u00f3 i matr\u00edcula s\u00f3n:<\/p>\n<p><strong>CFGM MANTENIMENT D&#8217;EMBARCACIONS D&#8217;ESBARJO:\u00a0<\/strong><\/p>\n<p>1r Torn mat\u00ed: 4 vacant<\/p>\n<p>1r Torn tarda: 7 vacants<\/p>\n<p><strong>CFGS SISTEMES DE NAVEGACI\u00d3\u00a0<\/strong><\/p>\n<p>1r Torn tarda: 5 vacants<\/p>\n<p><strong>CFGS ENSENYAMENT I ANIMACI\u00d3 SOCIOESPORTIVA ADAPTAT A PLATJA<\/strong><\/p>\n<p>1r Torn mat\u00ed: 5 vacants<\/p>\n<p><strong>ESTUDIS ESPORTIUS (INCL\u00d2S BATXILLERAT ESPORTIU)<\/strong><\/p>\n<p>Batxillerat Esportiu: 4 vacants<\/p>\n<p><strong>Pels Cicles de Grau Mitj\u00e0, entre el dijous 9 i divendres 10 de setembre<\/strong> podreu presentar a la secretaria del centre, o enviar-nos per correu electr\u00f2nic (a8074847@xtec.cat), la vostra sol\u00b7licitud juntament amb els documents necessaris.<\/p>\n<p><strong>Pels Cicles de Grau Superior, entre el dijous 9 i dimarts 14 de setembre<\/strong> podreu presentar a la secretaria del centre, o enviar-nos per correu electr\u00f2nic (a8074847@xtec.cat), la vostra sol\u00b7licitud juntament amb els documents necessaris.<\/p>\n<p>La baremaci\u00f3 de les preinscripcions que rebem s&#8217;ordenaran segons els seg\u00fcents criteris:<\/p>\n<ul>\n<li><strong>Primer<\/strong>: Alumnes que van participar a les fases anteriors de preinscripci\u00f3 m\u00e9s la nota del requisit d&#8217;acc\u00e9s al\u00b7legat.<\/li>\n<li><strong>Segon: <\/strong>Alumnes que no van participar a les fases anteriors de preinscripci\u00f3 m\u00e9s la nota del requisit d&#8217;acc\u00e9s al\u00b7legat.<\/li>\n<\/ul>\n<p><strong>Aquesta fase de presentaci\u00f3 de preinscripcions no estar\u00e0 centralitzada inform\u00e0ticament, per tant, podreu presentar tantes sol\u00b7licituds com vulgueu a tots els centres on estigueu interessats en funci\u00f3 de la seva oferta.<\/strong><\/p>\n<p><strong>La llista d&#8217;alumnes admesos per als Cicles de Grau Mitj\u00e0<\/strong> es publicaran <strong>el dia 14 de setembre<\/strong> i la matriculaci\u00f3 es far\u00e0 <strong>del 14 al 17 de setembre.<\/strong><\/p>\n<p><strong>La llista d&#8217;alumnes admesos per als Cicles de Grau Superior<\/strong> es publicaran <strong>el dia 15 de setembre<\/strong> i la matriculaci\u00f3 es far\u00e0 <strong>del 15 al 17 de setembre.<\/strong><\/p>\n<p>&nbsp;<\/p>\n<p>La documentaci\u00f3 que haureu d&#8217;aportar per formalitzar la preinscripci\u00f3 \u00e9s la seg\u00fcent:<\/p>\n<p><a href=\"https:\/\/agora.xtec.cat\/ins-nauticabcn\/wp-content\/uploads\/usu313\/2021\/09\/Full-Preinscripcio-FP-3A-FASE.pdf\" target=\"_blank\" rel=\"noopener\">Sol\u00b7licitud de preinscripci\u00f3<\/a><\/p>\n<p>DNI de l&#8217;alumne\/a<\/p>\n<p>Targeta Sanit\u00e0ria de l&#8217;alumne\/a<\/p>\n<p>Certificat de notes del requisit d&#8217;acc\u00e9s: ESO, prova d&#8217;acc\u00e9s, Batxillerat&#8230;)<\/p>\n<p>C\u00f2pia del full de la preinscripci\u00f3 de fases anteriors, si escau.<\/p>\n<p>En cas que l&#8217;alumne\/a sigui menor d&#8217;edat tamb\u00e9 haureu d&#8217;aportar:<\/p>\n<p>DNI del pare\/mare\/tutor legal de l&#8217;alumne\/a<\/p>\n<p>Llibre de fam\u00edlia<\/p>\n<p>&nbsp;<\/p>\n<p><img loading=\"lazy\" decoding=\"async\" class=\"aligncenter size-full wp-image-302\" src=\"https:\/\/agora.xtec.cat\/ins-nauticabcn\/wp-content\/uploads\/usu313\/2014\/09\/Edifici-Consorci-El-Far-\u00a9-Consorci-El-Far-M.l-Medir.jpg\" alt=\"\" width=\"1181\" height=\"783\" srcset=\"https:\/\/agora.xtec.cat\/ins-nauticabcn\/wp-content\/uploads\/usu313\/2014\/09\/Edifici-Consorci-El-Far-\u00a9-Consorci-El-Far-M.l-Medir.jpg 1181w, https:\/\/agora.xtec.cat\/ins-nauticabcn\/wp-content\/uploads\/usu313\/2014\/09\/Edifici-Consorci-El-Far-\u00a9-Consorci-El-Far-M.l-Medir-300x198.jpg 300w, https:\/\/agora.xtec.cat\/ins-nauticabcn\/wp-content\/uploads\/usu313\/2014\/09\/Edifici-Consorci-El-Far-\u00a9-Consorci-El-Far-M.l-Medir-1024x678.jpg 1024w\" sizes=\"auto, (max-width: 1181px) 100vw, 1181px\" \/><\/p>\n<p>&nbsp;<\/p>\n","protected":false},"excerpt":{"rendered":"<p>A continuaci\u00f3 podreu consultar\u00a0 els alumnes admesos de la tercera fase extraordin\u00e0ria de preinscripci\u00f3 i matr\u00edcula per Grau Superior:<br \/>\n<a href=\"https:\/\/agora.xtec.cat\/ins-nauticabcn\/wp-content\/uploads\/usu313\/2021\/09\/PER-PUBLICAR-LLISTAT-DE-BAREM-I-ALUMNES-ADMESOS-PROCES-EXTRAORDINARI-DE-PREINSCRIPCIO-I-MATRICULA-CILES-FORMATIUS-DE-GRAU-SUPERIOR.pdf\" target=\"_blank\" rel=\"noopener\">Barem i llistat d&#8217;admesos Grau Superior<\/a><\/p>\n<ul>\n<li>L\u2019alumnat pot presentar les al\u00b7legacions que cregui pertinents durant el dimecres 15 de setembre. L\u2019alumnat adm\u00e8s s\u2019ha de matricular&hellip;  <a href=\"https:\/\/agora.xtec.cat\/ins-nauticabcn\/portada\/proces-extraordinari-dadmissio\/\" title=\"Read Proc\u00e9s extraordinari d&#8217;admissi\u00f3 (publicaci\u00f3 alumnes admesos Grau Mitj\u00e0 i Grau Superior) Actualitzat 15\/09\/2021\">Llegeix m\u00e9s\u00bb<\/a><br \/>\n","protected":false},"author":1,"featured_media":302,"comment_status":"closed","ping_status":"closed","sticky":false,"template":"","format":"standard","meta":{"_bbp_topic_count":0,"_bbp_reply_count":0,"_bbp_total_topic_count":0,"_bbp_total_reply_count":0,"_bbp_voice_count":0,"_bbp_anonymous_reply_count":0,"_bbp_topic_count_hidden":0,"_bbp_reply_count_hidden":0,"_bbp_forum_subforum_count":0,"footnotes":""},"categories":[29],"tags":[],"class_list":["post-5494","post","type-post","status-publish","format-standard","has-post-thumbnail","hentry","category-portada"],"post_mailing_queue_ids":[],"_links":{"self":[{"href":"https:\/\/agora.xtec.cat\/ins-nauticabcn\/wp-json\/wp\/v2\/posts\/5494","targetHints":{"allow":["GET"]}}],"collection":[{"href":"https:\/\/agora.xtec.cat\/ins-nauticabcn\/wp-json\/wp\/v2\/posts"}],"about":[{"href":"https:\/\/agora.xtec.cat\/ins-nauticabcn\/wp-json\/wp\/v2\/types\/post"}],"author":[{"embeddable":true,"href":"https:\/\/agora.xtec.cat\/ins-nauticabcn\/wp-json\/wp\/v2\/users\/1"}],"replies":[{"embeddable":true,"href":"https:\/\/agora.xtec.cat\/ins-nauticabcn\/wp-json\/wp\/v2\/comments?post=5494"}],"version-history":[{"count":3,"href":"https:\/\/agora.xtec.cat\/ins-nauticabcn\/wp-json\/wp\/v2\/posts\/5494\/revisions"}],"predecessor-version":[{"id":5498,"href":"https:\/\/agora.xtec.cat\/ins-nauticabcn\/wp-json\/wp\/v2\/posts\/5494\/revisions\/5498"}],"wp:featuredmedia":[{"embeddable":true,"href":"https:\/\/agora.xtec.cat\/ins-nauticabcn\/wp-json\/wp\/v2\/media\/302"}],"wp:attachment":[{"href":"https:\/\/agora.xtec.cat\/ins-nauticabcn\/wp-json\/wp\/v2\/media?parent=5494"}],"wp:term":[{"taxonomy":"category","embeddable":true,"href":"https:\/\/agora.xtec.cat\/ins-nauticabcn\/wp-json\/wp\/v2\/categories?post=5494"},{"taxonomy":"post_tag","embeddable":true,"href":"https:\/\/agora.xtec.cat\/ins-nauticabcn\/wp-json\/wp\/v2\/tags?post=5494"}],"curies":[{"name":"wp","href":"https:\/\/api.w.org\/{rel}","templated":true}]}}