{"id":485,"date":"2015-06-15T16:19:21","date_gmt":"2015-06-15T15:19:21","guid":{"rendered":"http:\/\/agora.xtec.cat\/ins-nauticabcn\/?p=485"},"modified":"2015-07-28T21:28:34","modified_gmt":"2015-07-28T20:28:34","slug":"matricula","status":"publish","type":"post","link":"https:\/\/agora.xtec.cat\/ins-nauticabcn\/general\/matricula\/","title":{"rendered":"Matricula Juliol"},"content":{"rendered":"<p><a href=\"http:\/\/agora.xtec.cat\/ins-nauticabcn\/wp-content\/uploads\/usu313\/2015\/06\/impres.gif\"><br \/>\n<\/a>Despr\u00e8s del per\u00edode de preinscripci\u00f3 dels estudis, ara toca matricular-se.<\/p>\n<p>Aix\u00ed que tots aquells que heu fet la preinscripci\u00f3 (de qualsevol estudi) heu de venir a matricular-vos durant els dies 1 a 8 de juliol, en l&#8217;horari que hem establert:<\/p>\n<p style=\"padding-left: 30px;\">de dilluns a divendres de 9h a 13h, i dijous tarda de 16h a 18h,\u00a0a la seu del centre (C\/Escar 6-8, 08039 Barcelona)<\/p>\n<p>I els que no la vareu fer, com han quedat places en molts dels estudis, podeu venir igualment durant aquest per\u00edode.<\/p>\n<p>Respecte a la documentaci\u00f3 que cal que porteu, cal que porteu omplert:<\/p>\n<ul>\n<li>Impr\u00e8s de matr\u00edcula \u00a0\u00a0<a href=\"http:\/\/agora.xtec.cat\/ins-nauticabcn\/wp-content\/uploads\/usu313\/2015\/03\/Matricula-Vaixells_v2.pdf\">Mateniment de vaixells (GM i GS)<\/a>\u00a0 \u00a0 \u00a0 \u00a0 \u00f3 \u00a0 \u00a0 \u00a0\u00a0<a href=\"http:\/\/agora.xtec.cat\/ins-nauticabcn\/wp-content\/uploads\/usu313\/2015\/03\/Matricula-Esports-v2.pdf\">Ensenyaments Esportius<\/a><\/li>\n<li><a href=\"http:\/\/agora.xtec.cat\/ins-nauticabcn\/wp-content\/uploads\/usu313\/2015\/06\/Drets-dimatge.pdf\">Drets d&#8217;imatge<\/a><\/li>\n<\/ul>\n<p>i a m\u00e9s d&#8217;aquest impr\u00e8sos omplerts, haureu de portar la seg\u00fcent documentaci\u00f3:<\/p>\n<ul>\n<li>Si ja heu fet la preinscripci\u00f3, heu de portar, si cal\n<ul>\n<li>El document de la prova d&#8217;acc\u00e9s esportiva superada, o el document que acrediti la seva exempci\u00f3<em> (per als ensenyaments esportius)<\/em>.<\/li>\n<li>El certificat de notes de la ESO, aquells que nom\u00e9s tenien el de 3r de ESO en les dates de preinscripci\u00f3 <em>(per als\u00a0Grau mitj\u00e0)<\/em><\/li>\n<\/ul>\n<\/li>\n<li>Si no vareu fer la preinscripci\u00f3, a m\u00e9s del punt anterior, cal portar tamb\u00e9 els documents que es demanen en la preinscripci\u00f3 de l&#8217;estudi corresponent, (veure dossier\u00a0<a href=\"http:\/\/agora.xtec.cat\/ins-nauticabcn\/wp-content\/uploads\/usu313\/2015\/03\/Informacio_general.pdf\">Informaci\u00f3 general<\/a>) excepte la sol\u00b7licitud de preinscripci\u00f3 que se substituir\u00e0 per l&#8217;impr\u00e8s de matricula.<\/li>\n<\/ul>\n<p>Quan vingueu a matricular-vos, us lliurarem el document bancari per a que feu l&#8217;ingr\u00e8s del preu p\u00fablic i\/o q\u00fcota de material corresponent (veure dossier <a href=\"http:\/\/agora.xtec.cat\/ins-nauticabcn\/wp-content\/uploads\/usu313\/2015\/03\/Informacio_general.pdf\">Informaci\u00f3 general<\/a>)<\/p>\n<p>Us esperem!<\/p>\n","protected":false},"excerpt":{"rendered":"<p><a href=\"http:\/\/agora.xtec.cat\/ins-nauticabcn\/wp-content\/uploads\/usu313\/2015\/06\/impres.gif\"><br \/>\n<\/a>Despr\u00e8s del per\u00edode de preinscripci\u00f3 dels estudis, ara toca matricular-se.<br \/>\nAix\u00ed que tots aquells que heu fet la preinscripci\u00f3 (de qualsevol estudi) heu de venir a matricular-vos durant els dies 1 a 8 de juliol, en l&#8217;horari que hem establert:<br \/>\nde dilluns a divendres de 9h&hellip;  <a href=\"https:\/\/agora.xtec.cat\/ins-nauticabcn\/general\/matricula\/\" title=\"Read Matricula Juliol\">Llegeix m\u00e9s\u00bb<\/a><\/p>\n","protected":false},"author":1,"featured_media":487,"comment_status":"open","ping_status":"open","sticky":false,"template":"","format":"standard","meta":{"_bbp_topic_count":0,"_bbp_reply_count":0,"_bbp_total_topic_count":0,"_bbp_total_reply_count":0,"_bbp_voice_count":0,"_bbp_anonymous_reply_count":0,"_bbp_topic_count_hidden":0,"_bbp_reply_count_hidden":0,"_bbp_forum_subforum_count":0,"footnotes":""},"categories":[1,29],"tags":[],"class_list":["post-485","post","type-post","status-publish","format-standard","has-post-thumbnail","hentry","category-general","category-portada"],"post_mailing_queue_ids":[],"_links":{"self":[{"href":"https:\/\/agora.xtec.cat\/ins-nauticabcn\/wp-json\/wp\/v2\/posts\/485","targetHints":{"allow":["GET"]}}],"collection":[{"href":"https:\/\/agora.xtec.cat\/ins-nauticabcn\/wp-json\/wp\/v2\/posts"}],"about":[{"href":"https:\/\/agora.xtec.cat\/ins-nauticabcn\/wp-json\/wp\/v2\/types\/post"}],"author":[{"embeddable":true,"href":"https:\/\/agora.xtec.cat\/ins-nauticabcn\/wp-json\/wp\/v2\/users\/1"}],"replies":[{"embeddable":true,"href":"https:\/\/agora.xtec.cat\/ins-nauticabcn\/wp-json\/wp\/v2\/comments?post=485"}],"version-history":[{"count":4,"href":"https:\/\/agora.xtec.cat\/ins-nauticabcn\/wp-json\/wp\/v2\/posts\/485\/revisions"}],"predecessor-version":[{"id":549,"href":"https:\/\/agora.xtec.cat\/ins-nauticabcn\/wp-json\/wp\/v2\/posts\/485\/revisions\/549"}],"wp:featuredmedia":[{"embeddable":true,"href":"https:\/\/agora.xtec.cat\/ins-nauticabcn\/wp-json\/wp\/v2\/media\/487"}],"wp:attachment":[{"href":"https:\/\/agora.xtec.cat\/ins-nauticabcn\/wp-json\/wp\/v2\/media?parent=485"}],"wp:term":[{"taxonomy":"category","embeddable":true,"href":"https:\/\/agora.xtec.cat\/ins-nauticabcn\/wp-json\/wp\/v2\/categories?post=485"},{"taxonomy":"post_tag","embeddable":true,"href":"https:\/\/agora.xtec.cat\/ins-nauticabcn\/wp-json\/wp\/v2\/tags?post=485"}],"curies":[{"name":"wp","href":"https:\/\/api.w.org\/{rel}","templated":true}]}}